{"id":5119,"date":"2020-07-29T22:30:45","date_gmt":"2020-07-29T20:30:45","guid":{"rendered":"http:\/\/www.lepetitarchive.com\/es\/?p=5119"},"modified":"2020-07-29T22:30:47","modified_gmt":"2020-07-29T20:30:47","slug":"styleicons-bjork-y-su-relacion-con-disenadores-de-moda","status":"publish","type":"post","link":"https:\/\/www.lepetitarchive.com\/es\/styleicons-bjork-y-su-relacion-con-disenadores-de-moda\/","title":{"rendered":"#STYLEICONS BJ\u00d6RK y su relaci\u00f3n con Dise\u00f1adores de Moda"},"content":{"rendered":"\n<div style=\"height:20px\" aria-hidden=\"true\" class=\"wp-block-spacer\"><\/div>\n\n\n\n<div class=\"alignnormal\"><div id=\"metaslider-id-5151\" style=\"max-width: 500px; margin: 0 auto;\" class=\"ml-slider-3-60-1 metaslider metaslider-flex metaslider-5151 ml-slider ms-theme-architekt has-dots-nav\" role=\"region\" aria-roledescription=\"Slideshow\" aria-label=\"BJORK\">\n    <div id=\"metaslider_container_5151\">\n        <div id=\"metaslider_5151\">\n            <ul aria-live=\"polite\" class=\"slides\">\n                <li style=\"display: block; width: 100%;\" class=\"slide-5152 ms-image\" aria-roledescription=\"slide\" aria-label=\"slide-5152\"><img loading=\"lazy\" decoding=\"async\" src=\"https:\/\/www.lepetitarchive.com\/es\/wp-content\/uploads\/sites\/2\/2020\/07\/IMG_3191-500x500.jpeg\" height=\"500\" width=\"500\" alt=\"\" class=\"slider-5151 slide-5152\" title=\"IMG_3191\" \/><\/li>\n                <li style=\"display: none; width: 100%;\" class=\"slide-5153 ms-image\" aria-roledescription=\"slide\" aria-label=\"slide-5153\"><img loading=\"lazy\" decoding=\"async\" src=\"https:\/\/www.lepetitarchive.com\/es\/wp-content\/uploads\/sites\/2\/2020\/07\/IMG_3727-500x500.jpg\" height=\"500\" width=\"500\" alt=\"\" class=\"slider-5151 slide-5153\" title=\"IMG_3727\" \/><\/li>\n                <li style=\"display: none; width: 100%;\" class=\"slide-5154 ms-image\" aria-roledescription=\"slide\" aria-label=\"slide-5154\"><img loading=\"lazy\" decoding=\"async\" src=\"https:\/\/www.lepetitarchive.com\/es\/wp-content\/uploads\/sites\/2\/2020\/07\/IMG_3197-350x350.jpeg\" height=\"500\" width=\"500\" alt=\"\" class=\"slider-5151 slide-5154\" title=\"IMG_3197\" \/><\/li>\n                <li style=\"display: none; width: 100%;\" class=\"slide-5155 ms-image\" aria-roledescription=\"slide\" aria-label=\"slide-5155\"><img loading=\"lazy\" decoding=\"async\" src=\"https:\/\/www.lepetitarchive.com\/es\/wp-content\/uploads\/sites\/2\/2020\/07\/IMG_3196-500x500.jpeg\" height=\"500\" width=\"500\" alt=\"\" class=\"slider-5151 slide-5155\" title=\"IMG_3196\" \/><\/li>\n                <li style=\"display: none; width: 100%;\" class=\"slide-5156 ms-image\" aria-roledescription=\"slide\" aria-label=\"slide-5156\"><img loading=\"lazy\" decoding=\"async\" src=\"https:\/\/www.lepetitarchive.com\/es\/wp-content\/uploads\/sites\/2\/2020\/07\/IMG_3200-500x500.jpeg\" height=\"500\" width=\"500\" alt=\"\" class=\"slider-5151 slide-5156\" title=\"IMG_3200\" \/><\/li>\n                <li style=\"display: none; width: 100%;\" class=\"slide-5157 ms-image\" aria-roledescription=\"slide\" aria-label=\"slide-5157\"><img loading=\"lazy\" decoding=\"async\" src=\"https:\/\/www.lepetitarchive.com\/es\/wp-content\/uploads\/sites\/2\/2020\/07\/IMG_3199-500x500.jpeg\" height=\"500\" width=\"500\" alt=\"\" class=\"slider-5151 slide-5157\" title=\"IMG_3199\" \/><\/li>\n                <li style=\"display: none; width: 100%;\" class=\"slide-5158 ms-image\" aria-roledescription=\"slide\" aria-label=\"slide-5158\"><img loading=\"lazy\" decoding=\"async\" src=\"https:\/\/www.lepetitarchive.com\/es\/wp-content\/uploads\/sites\/2\/2020\/07\/IMG_3190-1-500x500.jpeg\" height=\"500\" width=\"500\" alt=\"\" class=\"slider-5151 slide-5158\" title=\"IMG_3190\" \/><\/li>\n                <li style=\"display: none; width: 100%;\" class=\"slide-5159 ms-image\" aria-roledescription=\"slide\" aria-label=\"slide-5159\"><img loading=\"lazy\" decoding=\"async\" src=\"https:\/\/www.lepetitarchive.com\/es\/wp-content\/uploads\/sites\/2\/2020\/07\/IMG_3194-500x500.jpeg\" height=\"500\" width=\"500\" alt=\"\" class=\"slider-5151 slide-5159\" title=\"IMG_3194\" \/><\/li>\n                <li style=\"display: none; width: 100%;\" class=\"slide-5160 ms-image\" aria-roledescription=\"slide\" aria-label=\"slide-5160\"><img loading=\"lazy\" decoding=\"async\" src=\"https:\/\/www.lepetitarchive.com\/es\/wp-content\/uploads\/sites\/2\/2020\/07\/IMG_3195-500x500.jpeg\" height=\"500\" width=\"500\" alt=\"\" class=\"slider-5151 slide-5160\" title=\"IMG_3195\" \/><\/li>\n                <li style=\"display: none; width: 100%;\" class=\"slide-5161 ms-image\" aria-roledescription=\"slide\" aria-label=\"slide-5161\"><img loading=\"lazy\" decoding=\"async\" src=\"https:\/\/www.lepetitarchive.com\/es\/wp-content\/uploads\/sites\/2\/2020\/07\/IMG_3198-500x500.jpeg\" height=\"500\" width=\"500\" alt=\"\" class=\"slider-5151 slide-5161\" title=\"IMG_3198\" \/><\/li>\n            <\/ul>\n        <\/div>\n        \n    <\/div>\n<\/div><\/div>\n\n\n\n<div style=\"height:20px\" aria-hidden=\"true\" class=\"wp-block-spacer\"><\/div>\n\n\n\n<p>Bj\u00f6rk contact\u00f3 con Alexander McQueen para encargarle la producci\u00f3n de la portada de Homogenic, tras descubrir el trabajo de fotograf\u00eda realizado a Devon Aoki por McQueen y Nick Knight para la revista Visionaire en 1997.<\/p>\n\n\n\n<p>Gracias a su inter\u00e9s mutuo por la tecnolog\u00eda, la naturaleza y el dramatismo, forjaron un gran v\u00ednculo y continuaron trabajando juntos. McQueen dirigi\u00f3 videos como \u2018Alarm Call\u2019 y \u2018Who is It\u2019, para el cual dise\u00f1\u00f3 un vestido cubierto de peque\u00f1as campanas plateadas. Tambi\u00e9n dise\u00f1\u00f3 numerosos vestidos para sus giras. Bj\u00f6rk cant\u00f3 durante la pasarela de Alexander McQueen en la primera edici\u00f3n del evento caritativo \u201cFashion Rocks\u201d, as\u00ed como durante el memorial tras la muerte de McQueen.<\/p>\n\n\n\n<p>Bj\u00f6rk trabaj\u00f3 con numerosos dise\u00f1adores a lo largo de su carrera, entre ellos Walter Van Beirendonck que fue quien dise\u00f1\u00f3 las botas rojas del video de \u2018Hyperballad\u2019. La cantante islandesa tambi\u00e9n desfil\u00f3 para Jean Paul Gaultier en la pasarela de 1994. Jeremy Scott y Iris van Herpen dise\u00f1aron varios vestidos para sus giras y apariciones, entre muchos otros.<\/p>\n\n\n\n<p>Bj\u00f6rk admiraba profundamente el trabajo de Rei Kawakubo, de modo que ha vestido Comme Des Gar\u00e7ons en numerosas ocasiones, como en las fotograf\u00edas de Juergen Teller para la revista Self Service en 2001.<\/p>\n\n\n\n<p>Escrito por <a href=\"https:\/\/www.instagram.com\/victorespadas\/\">Victor Espadas<\/a><\/p>\n","protected":false},"excerpt":{"rendered":"<p>Bj\u00f6rk contact\u00f3 con Alexander McQueen para encargarle la producci\u00f3n de la portada de Homogenic, tras descubrir el trabajo de fotograf\u00eda realizado a Devon Aoki por McQueen y Nick Knight para la revista Visionaire en 1997. Gracias a su inter\u00e9s mutuo por la tecnolog\u00eda, la naturaleza y el dramatismo, forjaron un gran v\u00ednculo y continuaron trabajando [&hellip;]<\/p>\n","protected":false},"author":1,"featured_media":5121,"comment_status":"open","ping_status":"open","sticky":false,"template":"","format":"standard","meta":{"footnotes":""},"categories":[1],"tags":[358,503],"yoast_head":"<!-- This site is optimized with the Yoast SEO plugin v21.9.1 - https:\/\/yoast.com\/wordpress\/plugins\/seo\/ -->\n<title>#STYLEICONS BJ\u00d6RK y su relaci\u00f3n con Dise\u00f1adores de Moda - Le Petit Archive<\/title>\n<meta name=\"robots\" content=\"index, follow, max-snippet:-1, max-image-preview:large, max-video-preview:-1\" \/>\n<link rel=\"canonical\" href=\"https:\/\/www.lepetitarchive.com\/es\/styleicons-bjork-y-su-relacion-con-disenadores-de-moda\/\" \/>\n<meta property=\"og:locale\" content=\"es_ES\" \/>\n<meta property=\"og:type\" content=\"article\" \/>\n<meta property=\"og:title\" content=\"#STYLEICONS BJ\u00d6RK y su relaci\u00f3n con Dise\u00f1adores de Moda - Le Petit Archive\" \/>\n<meta property=\"og:description\" content=\"Bj\u00f6rk contact\u00f3 con Alexander McQueen para encargarle la producci\u00f3n de la portada de Homogenic, tras descubrir el trabajo de fotograf\u00eda realizado a Devon Aoki por McQueen y Nick Knight para la revista Visionaire en 1997. Gracias a su inter\u00e9s mutuo por la tecnolog\u00eda, la naturaleza y el dramatismo, forjaron un gran v\u00ednculo y continuaron trabajando [&hellip;]\" \/>\n<meta property=\"og:url\" content=\"https:\/\/www.lepetitarchive.com\/es\/styleicons-bjork-y-su-relacion-con-disenadores-de-moda\/\" \/>\n<meta property=\"og:site_name\" content=\"Le Petit Archive\" \/>\n<meta property=\"article:published_time\" content=\"2020-07-29T20:30:45+00:00\" \/>\n<meta property=\"article:modified_time\" content=\"2020-07-29T20:30:47+00:00\" \/>\n<meta property=\"og:image\" content=\"https:\/\/www.lepetitarchive.com\/es\/wp-content\/uploads\/sites\/2\/2020\/07\/IMG_3190-1.jpeg\" \/>\n\t<meta property=\"og:image:width\" content=\"1125\" \/>\n\t<meta property=\"og:image:height\" content=\"635\" \/>\n\t<meta property=\"og:image:type\" content=\"image\/jpeg\" \/>\n<meta name=\"author\" content=\"admin\" \/>\n<meta name=\"twitter:card\" content=\"summary_large_image\" \/>\n<meta name=\"twitter:label1\" content=\"Escrito por\" \/>\n\t<meta name=\"twitter:data1\" content=\"admin\" \/>\n\t<meta name=\"twitter:label2\" content=\"Tiempo de lectura\" \/>\n\t<meta name=\"twitter:data2\" content=\"1 minuto\" \/>\n<script type=\"application\/ld+json\" class=\"yoast-schema-graph\">{\"@context\":\"https:\/\/schema.org\",\"@graph\":[{\"@type\":\"WebPage\",\"@id\":\"https:\/\/www.lepetitarchive.com\/es\/styleicons-bjork-y-su-relacion-con-disenadores-de-moda\/\",\"url\":\"https:\/\/www.lepetitarchive.com\/es\/styleicons-bjork-y-su-relacion-con-disenadores-de-moda\/\",\"name\":\"#STYLEICONS BJ\u00d6RK y su relaci\u00f3n con Dise\u00f1adores de Moda - Le Petit Archive\",\"isPartOf\":{\"@id\":\"https:\/\/www.lepetitarchive.com\/es\/#website\"},\"datePublished\":\"2020-07-29T20:30:45+00:00\",\"dateModified\":\"2020-07-29T20:30:47+00:00\",\"author\":{\"@id\":\"https:\/\/www.lepetitarchive.com\/es\/#\/schema\/person\/da91d3a94da64354fed6e9b07a3cbb56\"},\"breadcrumb\":{\"@id\":\"https:\/\/www.lepetitarchive.com\/es\/styleicons-bjork-y-su-relacion-con-disenadores-de-moda\/#breadcrumb\"},\"inLanguage\":\"es\",\"potentialAction\":[{\"@type\":\"ReadAction\",\"target\":[\"https:\/\/www.lepetitarchive.com\/es\/styleicons-bjork-y-su-relacion-con-disenadores-de-moda\/\"]}]},{\"@type\":\"BreadcrumbList\",\"@id\":\"https:\/\/www.lepetitarchive.com\/es\/styleicons-bjork-y-su-relacion-con-disenadores-de-moda\/#breadcrumb\",\"itemListElement\":[{\"@type\":\"ListItem\",\"position\":1,\"name\":\"Home\",\"item\":\"https:\/\/www.lepetitarchive.com\/es\/\"},{\"@type\":\"ListItem\",\"position\":2,\"name\":\"#STYLEICONS BJ\u00d6RK y su relaci\u00f3n con Dise\u00f1adores de Moda\"}]},{\"@type\":\"WebSite\",\"@id\":\"https:\/\/www.lepetitarchive.com\/es\/#website\",\"url\":\"https:\/\/www.lepetitarchive.com\/es\/\",\"name\":\"Le Petit Archive\",\"description\":\"Free Fashion University\",\"potentialAction\":[{\"@type\":\"SearchAction\",\"target\":{\"@type\":\"EntryPoint\",\"urlTemplate\":\"https:\/\/www.lepetitarchive.com\/es\/?s={search_term_string}\"},\"query-input\":\"required name=search_term_string\"}],\"inLanguage\":\"es\"},{\"@type\":\"Person\",\"@id\":\"https:\/\/www.lepetitarchive.com\/es\/#\/schema\/person\/da91d3a94da64354fed6e9b07a3cbb56\",\"name\":\"admin\",\"image\":{\"@type\":\"ImageObject\",\"inLanguage\":\"es\",\"@id\":\"https:\/\/www.lepetitarchive.com\/es\/#\/schema\/person\/image\/\",\"url\":\"https:\/\/secure.gravatar.com\/avatar\/102001135d8c70200f6c23d7cb883c24?s=96&d=mm&r=g\",\"contentUrl\":\"https:\/\/secure.gravatar.com\/avatar\/102001135d8c70200f6c23d7cb883c24?s=96&d=mm&r=g\",\"caption\":\"admin\"},\"url\":\"https:\/\/www.lepetitarchive.com\/es\/author\/admin\/\"}]}<\/script>\n<!-- \/ Yoast SEO plugin. -->","yoast_head_json":{"title":"#STYLEICONS BJ\u00d6RK y su relaci\u00f3n con Dise\u00f1adores de Moda - Le Petit Archive","robots":{"index":"index","follow":"follow","max-snippet":"max-snippet:-1","max-image-preview":"max-image-preview:large","max-video-preview":"max-video-preview:-1"},"canonical":"https:\/\/www.lepetitarchive.com\/es\/styleicons-bjork-y-su-relacion-con-disenadores-de-moda\/","og_locale":"es_ES","og_type":"article","og_title":"#STYLEICONS BJ\u00d6RK y su relaci\u00f3n con Dise\u00f1adores de Moda - Le Petit Archive","og_description":"Bj\u00f6rk contact\u00f3 con Alexander McQueen para encargarle la producci\u00f3n de la portada de Homogenic, tras descubrir el trabajo de fotograf\u00eda realizado a Devon Aoki por McQueen y Nick Knight para la revista Visionaire en 1997. Gracias a su inter\u00e9s mutuo por la tecnolog\u00eda, la naturaleza y el dramatismo, forjaron un gran v\u00ednculo y continuaron trabajando [&hellip;]","og_url":"https:\/\/www.lepetitarchive.com\/es\/styleicons-bjork-y-su-relacion-con-disenadores-de-moda\/","og_site_name":"Le Petit Archive","article_published_time":"2020-07-29T20:30:45+00:00","article_modified_time":"2020-07-29T20:30:47+00:00","og_image":[{"width":1125,"height":635,"url":"https:\/\/www.lepetitarchive.com\/es\/wp-content\/uploads\/sites\/2\/2020\/07\/IMG_3190-1.jpeg","type":"image\/jpeg"}],"author":"admin","twitter_card":"summary_large_image","twitter_misc":{"Escrito por":"admin","Tiempo de lectura":"1 minuto"},"schema":{"@context":"https:\/\/schema.org","@graph":[{"@type":"WebPage","@id":"https:\/\/www.lepetitarchive.com\/es\/styleicons-bjork-y-su-relacion-con-disenadores-de-moda\/","url":"https:\/\/www.lepetitarchive.com\/es\/styleicons-bjork-y-su-relacion-con-disenadores-de-moda\/","name":"#STYLEICONS BJ\u00d6RK y su relaci\u00f3n con Dise\u00f1adores de Moda - Le Petit Archive","isPartOf":{"@id":"https:\/\/www.lepetitarchive.com\/es\/#website"},"datePublished":"2020-07-29T20:30:45+00:00","dateModified":"2020-07-29T20:30:47+00:00","author":{"@id":"https:\/\/www.lepetitarchive.com\/es\/#\/schema\/person\/da91d3a94da64354fed6e9b07a3cbb56"},"breadcrumb":{"@id":"https:\/\/www.lepetitarchive.com\/es\/styleicons-bjork-y-su-relacion-con-disenadores-de-moda\/#breadcrumb"},"inLanguage":"es","potentialAction":[{"@type":"ReadAction","target":["https:\/\/www.lepetitarchive.com\/es\/styleicons-bjork-y-su-relacion-con-disenadores-de-moda\/"]}]},{"@type":"BreadcrumbList","@id":"https:\/\/www.lepetitarchive.com\/es\/styleicons-bjork-y-su-relacion-con-disenadores-de-moda\/#breadcrumb","itemListElement":[{"@type":"ListItem","position":1,"name":"Home","item":"https:\/\/www.lepetitarchive.com\/es\/"},{"@type":"ListItem","position":2,"name":"#STYLEICONS BJ\u00d6RK y su relaci\u00f3n con Dise\u00f1adores de Moda"}]},{"@type":"WebSite","@id":"https:\/\/www.lepetitarchive.com\/es\/#website","url":"https:\/\/www.lepetitarchive.com\/es\/","name":"Le Petit Archive","description":"Free Fashion University","potentialAction":[{"@type":"SearchAction","target":{"@type":"EntryPoint","urlTemplate":"https:\/\/www.lepetitarchive.com\/es\/?s={search_term_string}"},"query-input":"required name=search_term_string"}],"inLanguage":"es"},{"@type":"Person","@id":"https:\/\/www.lepetitarchive.com\/es\/#\/schema\/person\/da91d3a94da64354fed6e9b07a3cbb56","name":"admin","image":{"@type":"ImageObject","inLanguage":"es","@id":"https:\/\/www.lepetitarchive.com\/es\/#\/schema\/person\/image\/","url":"https:\/\/secure.gravatar.com\/avatar\/102001135d8c70200f6c23d7cb883c24?s=96&d=mm&r=g","contentUrl":"https:\/\/secure.gravatar.com\/avatar\/102001135d8c70200f6c23d7cb883c24?s=96&d=mm&r=g","caption":"admin"},"url":"https:\/\/www.lepetitarchive.com\/es\/author\/admin\/"}]}},"_links":{"self":[{"href":"https:\/\/www.lepetitarchive.com\/es\/wp-json\/wp\/v2\/posts\/5119"}],"collection":[{"href":"https:\/\/www.lepetitarchive.com\/es\/wp-json\/wp\/v2\/posts"}],"about":[{"href":"https:\/\/www.lepetitarchive.com\/es\/wp-json\/wp\/v2\/types\/post"}],"author":[{"embeddable":true,"href":"https:\/\/www.lepetitarchive.com\/es\/wp-json\/wp\/v2\/users\/1"}],"replies":[{"embeddable":true,"href":"https:\/\/www.lepetitarchive.com\/es\/wp-json\/wp\/v2\/comments?post=5119"}],"version-history":[{"count":1,"href":"https:\/\/www.lepetitarchive.com\/es\/wp-json\/wp\/v2\/posts\/5119\/revisions"}],"predecessor-version":[{"id":5162,"href":"https:\/\/www.lepetitarchive.com\/es\/wp-json\/wp\/v2\/posts\/5119\/revisions\/5162"}],"wp:featuredmedia":[{"embeddable":true,"href":"https:\/\/www.lepetitarchive.com\/es\/wp-json\/wp\/v2\/media\/5121"}],"wp:attachment":[{"href":"https:\/\/www.lepetitarchive.com\/es\/wp-json\/wp\/v2\/media?parent=5119"}],"wp:term":[{"taxonomy":"category","embeddable":true,"href":"https:\/\/www.lepetitarchive.com\/es\/wp-json\/wp\/v2\/categories?post=5119"},{"taxonomy":"post_tag","embeddable":true,"href":"https:\/\/www.lepetitarchive.com\/es\/wp-json\/wp\/v2\/tags?post=5119"}],"curies":[{"name":"wp","href":"https:\/\/api.w.org\/{rel}","templated":true}]}}