{"id":3868,"date":"2019-10-22T09:59:09","date_gmt":"2019-10-22T07:59:09","guid":{"rendered":"http:\/\/www.lepetitarchive.com\/es\/?p=3868"},"modified":"2019-10-24T14:21:26","modified_gmt":"2019-10-24T12:21:26","slug":"entrevistas-una-charla-con-samuel-trotman-samutaro-experto-en-denim-y-cultura-pop","status":"publish","type":"post","link":"https:\/\/www.lepetitarchive.com\/es\/entrevistas-una-charla-con-samuel-trotman-samutaro-experto-en-denim-y-cultura-pop\/","title":{"rendered":"#ENTREVISTAS Una charla con Samuel Trotman @samutaro experto en Denim y cultura Pop"},"content":{"rendered":"\n<div style=\"height:20px\" aria-hidden=\"true\" class=\"wp-block-spacer\"><\/div>\n\n\n\n<div class=\"alignnormal\"><div id=\"metaslider-id-3880\" style=\"max-width: 500px; margin: 0 auto;\" class=\"ml-slider-3-60-1 metaslider metaslider-flex metaslider-3880 ml-slider ms-theme-architekt has-dots-nav\" role=\"region\" aria-roledescription=\"Slideshow\" aria-label=\"samutaro\">\n    <div id=\"metaslider_container_3880\">\n        <div id=\"metaslider_3880\">\n            <ul aria-live=\"polite\" class=\"slides\">\n                <li style=\"display: block; width: 100%;\" class=\"slide-3881 ms-image\" aria-roledescription=\"slide\" aria-label=\"slide-3881\"><img loading=\"lazy\" decoding=\"async\" src=\"https:\/\/www.lepetitarchive.com\/es\/wp-content\/uploads\/sites\/2\/2019\/10\/1-500x500.jpg\" height=\"500\" width=\"500\" alt=\"Samuel Trotman samutaro experto denim entrevista\" class=\"slider-3880 slide-3881\" title=\"Samuel Trotman samutaro experto denim entrevista\" \/><\/li>\n                <li style=\"display: none; width: 100%;\" class=\"slide-3882 ms-image\" aria-roledescription=\"slide\" aria-label=\"slide-3882\"><img loading=\"lazy\" decoding=\"async\" src=\"https:\/\/www.lepetitarchive.com\/es\/wp-content\/uploads\/sites\/2\/2019\/10\/2-3-500x500.jpg\" height=\"500\" width=\"500\" alt=\"Samuel Trotman samutaro experto denim entrevista\" class=\"slider-3880 slide-3882\" title=\"Samuel Trotman samutaro experto denim entrevista\" \/><\/li>\n                <li style=\"display: none; width: 100%;\" class=\"slide-3883 ms-image\" aria-roledescription=\"slide\" aria-label=\"slide-3883\"><img loading=\"lazy\" decoding=\"async\" src=\"https:\/\/www.lepetitarchive.com\/es\/wp-content\/uploads\/sites\/2\/2019\/10\/3-1-500x500.jpg\" height=\"500\" width=\"500\" alt=\"Samuel Trotman samutaro experto denim entrevista\" class=\"slider-3880 slide-3883\" title=\"Samuel Trotman samutaro experto denim entrevista\" \/><\/li>\n                <li style=\"display: none; width: 100%;\" class=\"slide-3884 ms-image\" aria-roledescription=\"slide\" aria-label=\"slide-3884\"><img loading=\"lazy\" decoding=\"async\" src=\"https:\/\/www.lepetitarchive.com\/es\/wp-content\/uploads\/sites\/2\/2019\/10\/4-3-500x500.jpg\" height=\"500\" width=\"500\" alt=\"Samuel Trotman samutaro experto denim entrevista\" class=\"slider-3880 slide-3884\" title=\"Samuel Trotman samutaro experto denim entrevista\" \/><\/li>\n                <li style=\"display: none; width: 100%;\" class=\"slide-3885 ms-image\" aria-roledescription=\"slide\" aria-label=\"slide-3885\"><img loading=\"lazy\" decoding=\"async\" src=\"https:\/\/www.lepetitarchive.com\/es\/wp-content\/uploads\/sites\/2\/2019\/10\/5-4-500x500.jpg\" height=\"500\" width=\"500\" alt=\"Samuel Trotman samutaro experto denim entrevista\" class=\"slider-3880 slide-3885\" title=\"Samuel Trotman samutaro experto denim entrevista\" \/><\/li>\n                <li style=\"display: none; width: 100%;\" class=\"slide-3886 ms-image\" aria-roledescription=\"slide\" aria-label=\"slide-3886\"><img loading=\"lazy\" decoding=\"async\" src=\"https:\/\/www.lepetitarchive.com\/es\/wp-content\/uploads\/sites\/2\/2019\/10\/6-4-500x500.jpg\" height=\"500\" width=\"500\" alt=\"Samuel Trotman samutaro experto denim entrevista\" class=\"slider-3880 slide-3886\" title=\"Samuel Trotman samutaro experto denim entrevista\" \/><\/li>\n                <li style=\"display: none; width: 100%;\" class=\"slide-3887 ms-image\" aria-roledescription=\"slide\" aria-label=\"slide-3887\"><img loading=\"lazy\" decoding=\"async\" src=\"https:\/\/www.lepetitarchive.com\/es\/wp-content\/uploads\/sites\/2\/2019\/10\/7-4-500x500.jpg\" height=\"500\" width=\"500\" alt=\"Samuel Trotman samutaro experto denim entrevista\" class=\"slider-3880 slide-3887\" title=\"Samuel Trotman samutaro experto denim entrevista\" \/><\/li>\n                <li style=\"display: none; width: 100%;\" class=\"slide-3888 ms-image\" aria-roledescription=\"slide\" aria-label=\"slide-3888\"><img loading=\"lazy\" decoding=\"async\" src=\"https:\/\/www.lepetitarchive.com\/es\/wp-content\/uploads\/sites\/2\/2019\/10\/8-4-500x500.jpg\" height=\"500\" width=\"500\" alt=\"Samuel Trotman samutaro experto denim entrevista\" class=\"slider-3880 slide-3888\" title=\"Samuel Trotman samutaro experto denim entrevista\" \/><\/li>\n                <li style=\"display: none; width: 100%;\" class=\"slide-3889 ms-image\" aria-roledescription=\"slide\" aria-label=\"slide-3889\"><img loading=\"lazy\" decoding=\"async\" src=\"https:\/\/www.lepetitarchive.com\/es\/wp-content\/uploads\/sites\/2\/2019\/10\/9-3-500x500.jpg\" height=\"500\" width=\"500\" alt=\"Samuel Trotman samutaro experto denim entrevista\" class=\"slider-3880 slide-3889\" title=\"Samuel Trotman samutaro experto denim entrevista\" \/><\/li>\n            <\/ul>\n        <\/div>\n        \n    <\/div>\n<\/div><\/div>\n\n\n\n<div style=\"height:20px\" aria-hidden=\"true\" class=\"wp-block-spacer\"><\/div>\n\n\n\n<p><strong>Para comenzar, nos gustar\u00eda que te\nintrodujeras y que nos hablases sobre el \u2018joven Samuel\u2019. Cuales fueron tus\nprimeras influencias (estilo\/m\u00fasica)?<\/strong><\/p>\n\n\n\n<p>He\nestado trabajando como especialista de denim alrededor de 10 a\u00f1os ya. Durante\neste tiempo he trabajado en la agencia de tendencias WGSN donde fui jefe editor\nsobre denim y desde que decid\u00ed salir soy consultor aut\u00f3nomo. Aconsejo a marcas\nglobales sobre las \u00faltimas innovaciones en denim y otros mayores cambios\nculturales.<\/p>\n\n\n\n<p>Mi\ntrabajo incluye un gran mix de viajes, foto-reportajes, ediciones e informes.\nMe tiro los d\u00edas de trabajo viajando por todo el mundo, asistiendo a todos los\neventos que puedo desde relacionados con moda, factor\u00edas de vaqueros o\nfestivales de m\u00fasica en busca de nuevas inspiraciones. Ninguna semana es la\nmisma. Este verano solamente, he viajado a la Ciudad Ho Chi Minh, a Se\u00fal, a\nHong Kong, a Copenhague, a Mil\u00e1n y a Par\u00eds as\u00ed que te haces a la idea de todo\nlo que he visitado como inspiraci\u00f3n. Mis principales responsabilidades son\nindagar en el estilo de vida y los h\u00e1bitos de compra de los compradores de\nvaqueros alrededor del mundo y estar al d\u00eda sobre las \u00faltimas innovaciones en\ndenim, que incluye todo desde estilismos, siluetas clave, materiales, lavados y\nacabados. Mucha gente piensa en el denim solo como \u2018jeans\u2019, pero hay otro mundo\nazul ah\u00ed fuera con un seguimiento incre\u00edble!<\/p>\n\n\n\n<p>Mis\nmayores intereses han estado siempre relacionados con el estilo y las\nsubculturas musicales, los cuales est\u00e1n intr\u00ednsecamente vinculados. Esto, junto\ncon mi pasi\u00f3n por el denim ha sido la base de mi contenido para @samutaro . El\ndenim es uno de los pocos materiales que ha formado parte de la mayor\u00eda de\nsubculturas importantes durante los \u00faltimos siglos as\u00ed que para m\u00ed esto va\nsobre desenterrar las historias y contarlas de una manera atractiva en mi\nperfil. Me tiran m\u00e1s las cercanas y a la vez nost\u00e1lgicas historias de los 80,\n90 y 2000-es, ya que creo que estos periodos no reciben tanta atenci\u00f3n en\ncuanto a telas vaqueras. Sin embargo, son las eras que m\u00e1s me fascinan en\ncuanto a estilo. Cosas como mi exploraci\u00f3n de los vaqueros en el hip-hop,\ngrunge y nu-metal est\u00e1n relacionadas con lo que me gustaba cuando era un\nadolescente. Estas espec\u00edficas subculturas siguen sonando a d\u00eda de hoy y tienen\nun gran impacto en la cultura, y por eso estoy tan interesado en conectar el\npasado y el presente.<\/p>\n\n\n\n<p><strong>\u00bfEn qu\u00e9 est\u00e1s metido ahora? \u00bfAlg\u00fan\nproyecto interesante en camino?<\/strong><\/p>\n\n\n\n<p>Desde\nque me hice aut\u00f3nomo he tenido m\u00e1s tiempo para crear una identidad y estrategia\nm\u00e1s fuerte en la cuenta. A principios de este a\u00f1o me ofrecieron la oportunidad\nde trabajar en el Instagram de @Grailed (shout out Lawrence!) donde hago\nsemanalmente una galer\u00eda de im\u00e1genes e historias inspiradoras. La verdad que ha\nsido muy gratificante poder trabajar en este proyecto &#8211; no solo porque mis\nhistorias tengan mayor audiencia sino porque las interacciones con mi perfil\nson mayores tambi\u00e9n. Esta exposici\u00f3n me ha abierto varias otras puertas y tengo\nuna nueva plataforma en la que trabajar\u00e9 para finales de a\u00f1o. Es un nombre\ngrande pero el proyecto no ha sido anunciado todav\u00eda. Pero estoy realmente\nemocionado! <\/p>\n\n\n\n<p>Mucha\ngente me ha estado insistiendo para que cree contenido visual, que es un \u00e1rea\nque me gustar\u00eda explorar ya que pienso que podr\u00eda tener incluso m\u00e1s atracci\u00f3n\npara mis seguidores. Necesito tener claro c\u00f3mo quiero hacerlo exactamente y con\nqui\u00e9n me tengo que juntar para conseguir los mejores resultados.<\/p>\n\n\n\n<p>Los\nproductos f\u00edsicos siempre han sido algo que he querido presentar ya que es el\nprogreso natural desde donde estoy actualmente. Soy consciente de que no voy a\nhacer otra marca que venda camisetas, sino que ser\u00e1 m\u00e1s conceptual y\ndefinitivamente basada en crear desde prendas vintage recicladas para as\u00ed\npromover materiales y tecnolog\u00edas de manufacturaci\u00f3n responsables. Lo\nentrelazar\u00e9 con mi tema de \u2018story-telling\u2019 as\u00ed que ser\u00e1 tan importante la\neducaci\u00f3n sobre el producto que el producto en s\u00ed.<\/p>\n\n\n\n<p><strong>\u00bfCu\u00e1les son tus fuentes de\ninformaci\u00f3n? \u00bfC\u00f3mo consigues crear tanto contenido tan r\u00e1pido?<\/strong><\/p>\n\n\n\n<p>Me\npreguntan mucho esto, la gente me suele escribir por dm&#8217;s para saber c\u00f3mo\nencuentro las historias m\u00e1s raras que compartir en mi perfil. Para ser sincero\nla mayor\u00eda de lo que posteo es b\u00e1sicamente instinto y lo que siento en el\nmomento. Creo que esto tiene mucho que ver con mi trabajo en el que tengo que\nreconocer ciertos patrones que pueden interesar o de que historias\/productos no\nse ha hablado pero son s\u00faper pertinentes hoy en d\u00eda. Por ejemplo, publiqu\u00e9 hace\npoco la historia del camuflaje ASAT. Es un estilo particular de camuflaje de\ncaza que ha sido reutilizado por marcas como Number (N)ine, Bape o Supreme.\nTodo el mundo reconoce este tipo de camuflaje porque est\u00e1 por todo Instagram\npero para m\u00ed va m\u00e1s sobre indagar en las ra\u00edces y la historia de estas prendas,\ny ya despu\u00e9s juntar la informaci\u00f3n para crear una historia coherente. Creo que\nes esto lo que m\u00e1s les gusta a mis seguidores, el que vaya tan a fondo en busca\nde informaci\u00f3n para los posts. Me encuentro muchas veces que repostea im\u00e1genes\ncon el dise\u00f1ador y el a\u00f1o, pero apenas m\u00e1s informaci\u00f3n. Hay varias cuentas que\nhacen esto muy bien, que tienen fotos dif\u00edciles de encontrar expuestas de\nmanera s\u00faper guapa, que funciona. @hidden.ny , @liljupiterr y\n@convertingculture son muy inspiradoras y tienen estilos de feed muy \u00fanicos que\nrealmente establecen este nuevo estilo de perfil con m\u00e1s rollo Tumblr. Pero\ntambi\u00e9n tienes estas cuentas que publican cualquier cosa que est\u00e9 de moda y as\u00ed\ntienes un ciclo de im\u00e1genes iguales que hacen mucho ruido pero en verdad no\naportan ninguna informaci\u00f3n. Supongo que depende de lo que busque cada uno. A\nveces quieres inspirarte en el timeline, a veces quieres informarte. Pero yo\nquiero ir m\u00e1s all\u00e1, y me ha funcionado. Me sorprendi\u00f3 mucho cuando vi que la\ngente estaba realmente leyendo algunos de mis posts m\u00e1s largos y as\u00ed empezaron\na crearse di\u00e1logos. <\/p>\n\n\n\n<p>En\ncuanto a mis fuentes de informaci\u00f3n, realmente var\u00eda dependiendo del tipo de\npublicaci\u00f3n que est\u00e9 haciendo. Creo que las im\u00e1genes que mejor funcionan son\nlas que hasta la fecha han estado ocultas, como scans de revistas o alguna foto\nm\u00e1s rara, o aquellas que se ve el producto tirado en el suelo como si hubiese\nsacado yo la foto, funcionan mejor que las \u2018fotos de web\u2019. Pienso que a la\ngente le gustan estos elementos personales, especialmente fotos en detalle\ndonde se pueden apreciar todos los aspectos de la prenda, para tener la\nsensaci\u00f3n de haberla visto en primera persona. Tumblr es una de las mejores\nfuentes de informaci\u00f3n y me parece que Instagram es b\u00e1sicamente una versi\u00f3n\n2.0. Investigo mucho las fuentes de informaci\u00f3n que utilizo para mis posts, que\npuede variar mucho dependiendo de lo que est\u00e9 escrito online. Otras veces\ntrabajo con expertos de la materia en cuesti\u00f3n, osea que es b\u00e1sicamente\ninvestigaci\u00f3n primaria. Le dedico mucho tiempo en verdad, especialmente a los\nposts sobre las piezas que requieren indagar m\u00e1s y escribir m\u00e1s. Suelo hacer\nesto a las tardes para poder poner los posts en cola y as\u00ed solo tener que\nclickar \u2018post\u2019.<\/p>\n\n\n\n<p><strong>\u00bfQu\u00e9 opinas de la moda de hoy en d\u00eda\n(contenido y medios)?<\/strong><\/p>\n\n\n\n<p>La\nindustria de la moda est\u00e1 clasificada como la segunda industria m\u00e1s\ncontaminante, detr\u00e1s del petr\u00f3leo. Solo hay que mirar las noticias para ver los\ncr\u00edticos niveles clim\u00e1ticos que estamos sufriendo. Llevamos 25 a\u00f1os debatiendo\nsi la sostenibilidad es algo en la moda o no. No tengo duda de que vosotros\nchavales habr\u00e9is o\u00eddo las advertencias de la UN que tenemos 12 a\u00f1os para parar\neste cambio dram\u00e1tico en nuestro medio ambiente, que nos afectar\u00e1 a todos\nnosotros. Y esto junto con el aumento de poblaci\u00f3n y el aumento en el consumo\nde ropa significa que no nos queda otra opci\u00f3n que considerar c\u00f3mo vamos a\ncambiar nuestros sistemas actuales y patrones de consumo. Demostraciones como\n\u2018Extinction Rebellion\u2019 y los esfuerzos de j\u00f3venes activistas como Greta\nThunberg son ejemplos de los cambios que tenemos que hacer como consumidores\npara reducir nuestro impacto colectivo en el planeta.<\/p>\n\n\n\n<p>Obviamente como consumidores tenemos opciones as\u00ed que es importante tomar decisiones m\u00e1s conscientes en d\u00f3nde gastamos nuestro dinero. Soy un gran partidario de comprar ropa Vintage y obviamente gran parte del contenido que publico est\u00e1 relacionado con productos de archivo que espero que inspire a gente para pensar de manera m\u00e1s cr\u00edtica sobre sus compras y que elijan algo que tenga un mayor valor emocional y mayor calidad en comparaci\u00f3n a un peque\u00f1o cambio en el \u2018fast fashion\u2019. Hay muchos recursos que ayudan a navegar las turbias aguas de las \u2018compras sostenibles\u2019, si las quieres llamar as\u00ed. Obviamente Grailed y Depop son muy buenas plataformas en las que puedes conseguir buenas ofertas, y otra que me gustar\u00eda mencionar es <a href=\"https:\/\/www.instagram.com\/future__dust\/\">@future__dust<\/a> , que presentan a marcas y personas que est\u00e1n haciendo productos guapos y hechos de manera responsable. Tambi\u00e9n ofrecen art\u00edculos muy detallados que ayudan a educar y a crear cultura sobre la responsabilidad social de manera m\u00e1s ligera y llevadera, sin ser muy pesados.<\/p>\n\n\n\n<p>Entrevista realizada por  <a href=\"https:\/\/www.instagram.com\/i__alaba\/?hl=es\">I\u00f1aki Alaba<\/a> <\/p>\n","protected":false},"excerpt":{"rendered":"<p>Para comenzar, nos gustar\u00eda que te introdujeras y que nos hablases sobre el \u2018joven Samuel\u2019. Cuales fueron tus primeras influencias (estilo\/m\u00fasica)? He estado trabajando como especialista de denim alrededor de 10 a\u00f1os ya. Durante este tiempo he trabajado en la agencia de tendencias WGSN donde fui jefe editor sobre denim y desde que decid\u00ed salir [&hellip;]<\/p>\n","protected":false},"author":1,"featured_media":3879,"comment_status":"open","ping_status":"open","sticky":false,"template":"","format":"standard","meta":{"footnotes":""},"categories":[148],"tags":[],"yoast_head":"<!-- This site is optimized with the Yoast SEO plugin v21.9.1 - https:\/\/yoast.com\/wordpress\/plugins\/seo\/ -->\n<title>#ENTREVISTAS Una charla con Samuel Trotman @samutaro experto en Denim y cultura Pop - Le Petit Archive<\/title>\n<meta name=\"description\" content=\"Una entrevista con el experto en denim y cultura pop Samuel Trotman. Prometemos que no te dejar\u00e1 indiferente.\" \/>\n<meta name=\"robots\" content=\"index, follow, max-snippet:-1, max-image-preview:large, max-video-preview:-1\" \/>\n<link rel=\"canonical\" href=\"https:\/\/www.lepetitarchive.com\/es\/entrevistas-una-charla-con-samuel-trotman-samutaro-experto-en-denim-y-cultura-pop\/\" \/>\n<meta property=\"og:locale\" content=\"es_ES\" \/>\n<meta property=\"og:type\" content=\"article\" \/>\n<meta property=\"og:title\" content=\"#ENTREVISTAS Una charla con Samuel Trotman @samutaro experto en Denim y cultura Pop - Le Petit Archive\" \/>\n<meta property=\"og:description\" content=\"Una entrevista con el experto en denim y cultura pop Samuel Trotman. Prometemos que no te dejar\u00e1 indiferente.\" \/>\n<meta property=\"og:url\" content=\"https:\/\/www.lepetitarchive.com\/es\/entrevistas-una-charla-con-samuel-trotman-samutaro-experto-en-denim-y-cultura-pop\/\" \/>\n<meta property=\"og:site_name\" content=\"Le Petit Archive\" \/>\n<meta property=\"article:published_time\" content=\"2019-10-22T07:59:09+00:00\" \/>\n<meta property=\"article:modified_time\" content=\"2019-10-24T12:21:26+00:00\" \/>\n<meta property=\"og:image\" content=\"https:\/\/www.lepetitarchive.com\/es\/wp-content\/uploads\/sites\/2\/2019\/10\/cabecera-3.jpg\" \/>\n\t<meta property=\"og:image:width\" content=\"1086\" \/>\n\t<meta property=\"og:image:height\" content=\"710\" \/>\n\t<meta property=\"og:image:type\" content=\"image\/jpeg\" \/>\n<meta name=\"author\" content=\"admin\" \/>\n<meta name=\"twitter:card\" content=\"summary_large_image\" \/>\n<meta name=\"twitter:label1\" content=\"Escrito por\" \/>\n\t<meta name=\"twitter:data1\" content=\"admin\" \/>\n\t<meta name=\"twitter:label2\" content=\"Tiempo de lectura\" \/>\n\t<meta name=\"twitter:data2\" content=\"8 minutos\" \/>\n<script type=\"application\/ld+json\" class=\"yoast-schema-graph\">{\"@context\":\"https:\/\/schema.org\",\"@graph\":[{\"@type\":\"WebPage\",\"@id\":\"https:\/\/www.lepetitarchive.com\/es\/entrevistas-una-charla-con-samuel-trotman-samutaro-experto-en-denim-y-cultura-pop\/\",\"url\":\"https:\/\/www.lepetitarchive.com\/es\/entrevistas-una-charla-con-samuel-trotman-samutaro-experto-en-denim-y-cultura-pop\/\",\"name\":\"#ENTREVISTAS Una charla con Samuel Trotman @samutaro experto en Denim y cultura Pop - Le Petit Archive\",\"isPartOf\":{\"@id\":\"https:\/\/www.lepetitarchive.com\/es\/#website\"},\"datePublished\":\"2019-10-22T07:59:09+00:00\",\"dateModified\":\"2019-10-24T12:21:26+00:00\",\"author\":{\"@id\":\"https:\/\/www.lepetitarchive.com\/es\/#\/schema\/person\/da91d3a94da64354fed6e9b07a3cbb56\"},\"description\":\"Una entrevista con el experto en denim y cultura pop Samuel Trotman. Prometemos que no te dejar\u00e1 indiferente.\",\"breadcrumb\":{\"@id\":\"https:\/\/www.lepetitarchive.com\/es\/entrevistas-una-charla-con-samuel-trotman-samutaro-experto-en-denim-y-cultura-pop\/#breadcrumb\"},\"inLanguage\":\"es\",\"potentialAction\":[{\"@type\":\"ReadAction\",\"target\":[\"https:\/\/www.lepetitarchive.com\/es\/entrevistas-una-charla-con-samuel-trotman-samutaro-experto-en-denim-y-cultura-pop\/\"]}]},{\"@type\":\"BreadcrumbList\",\"@id\":\"https:\/\/www.lepetitarchive.com\/es\/entrevistas-una-charla-con-samuel-trotman-samutaro-experto-en-denim-y-cultura-pop\/#breadcrumb\",\"itemListElement\":[{\"@type\":\"ListItem\",\"position\":1,\"name\":\"Home\",\"item\":\"https:\/\/www.lepetitarchive.com\/es\/\"},{\"@type\":\"ListItem\",\"position\":2,\"name\":\"#ENTREVISTAS Una charla con Samuel Trotman @samutaro experto en Denim y cultura Pop\"}]},{\"@type\":\"WebSite\",\"@id\":\"https:\/\/www.lepetitarchive.com\/es\/#website\",\"url\":\"https:\/\/www.lepetitarchive.com\/es\/\",\"name\":\"Le Petit Archive\",\"description\":\"Free Fashion University\",\"potentialAction\":[{\"@type\":\"SearchAction\",\"target\":{\"@type\":\"EntryPoint\",\"urlTemplate\":\"https:\/\/www.lepetitarchive.com\/es\/?s={search_term_string}\"},\"query-input\":\"required name=search_term_string\"}],\"inLanguage\":\"es\"},{\"@type\":\"Person\",\"@id\":\"https:\/\/www.lepetitarchive.com\/es\/#\/schema\/person\/da91d3a94da64354fed6e9b07a3cbb56\",\"name\":\"admin\",\"image\":{\"@type\":\"ImageObject\",\"inLanguage\":\"es\",\"@id\":\"https:\/\/www.lepetitarchive.com\/es\/#\/schema\/person\/image\/\",\"url\":\"https:\/\/secure.gravatar.com\/avatar\/102001135d8c70200f6c23d7cb883c24?s=96&d=mm&r=g\",\"contentUrl\":\"https:\/\/secure.gravatar.com\/avatar\/102001135d8c70200f6c23d7cb883c24?s=96&d=mm&r=g\",\"caption\":\"admin\"},\"url\":\"https:\/\/www.lepetitarchive.com\/es\/author\/admin\/\"}]}<\/script>\n<!-- \/ Yoast SEO plugin. -->","yoast_head_json":{"title":"#ENTREVISTAS Una charla con Samuel Trotman @samutaro experto en Denim y cultura Pop - Le Petit Archive","description":"Una entrevista con el experto en denim y cultura pop Samuel Trotman. Prometemos que no te dejar\u00e1 indiferente.","robots":{"index":"index","follow":"follow","max-snippet":"max-snippet:-1","max-image-preview":"max-image-preview:large","max-video-preview":"max-video-preview:-1"},"canonical":"https:\/\/www.lepetitarchive.com\/es\/entrevistas-una-charla-con-samuel-trotman-samutaro-experto-en-denim-y-cultura-pop\/","og_locale":"es_ES","og_type":"article","og_title":"#ENTREVISTAS Una charla con Samuel Trotman @samutaro experto en Denim y cultura Pop - Le Petit Archive","og_description":"Una entrevista con el experto en denim y cultura pop Samuel Trotman. Prometemos que no te dejar\u00e1 indiferente.","og_url":"https:\/\/www.lepetitarchive.com\/es\/entrevistas-una-charla-con-samuel-trotman-samutaro-experto-en-denim-y-cultura-pop\/","og_site_name":"Le Petit Archive","article_published_time":"2019-10-22T07:59:09+00:00","article_modified_time":"2019-10-24T12:21:26+00:00","og_image":[{"width":1086,"height":710,"url":"https:\/\/www.lepetitarchive.com\/es\/wp-content\/uploads\/sites\/2\/2019\/10\/cabecera-3.jpg","type":"image\/jpeg"}],"author":"admin","twitter_card":"summary_large_image","twitter_misc":{"Escrito por":"admin","Tiempo de lectura":"8 minutos"},"schema":{"@context":"https:\/\/schema.org","@graph":[{"@type":"WebPage","@id":"https:\/\/www.lepetitarchive.com\/es\/entrevistas-una-charla-con-samuel-trotman-samutaro-experto-en-denim-y-cultura-pop\/","url":"https:\/\/www.lepetitarchive.com\/es\/entrevistas-una-charla-con-samuel-trotman-samutaro-experto-en-denim-y-cultura-pop\/","name":"#ENTREVISTAS Una charla con Samuel Trotman @samutaro experto en Denim y cultura Pop - Le Petit Archive","isPartOf":{"@id":"https:\/\/www.lepetitarchive.com\/es\/#website"},"datePublished":"2019-10-22T07:59:09+00:00","dateModified":"2019-10-24T12:21:26+00:00","author":{"@id":"https:\/\/www.lepetitarchive.com\/es\/#\/schema\/person\/da91d3a94da64354fed6e9b07a3cbb56"},"description":"Una entrevista con el experto en denim y cultura pop Samuel Trotman. Prometemos que no te dejar\u00e1 indiferente.","breadcrumb":{"@id":"https:\/\/www.lepetitarchive.com\/es\/entrevistas-una-charla-con-samuel-trotman-samutaro-experto-en-denim-y-cultura-pop\/#breadcrumb"},"inLanguage":"es","potentialAction":[{"@type":"ReadAction","target":["https:\/\/www.lepetitarchive.com\/es\/entrevistas-una-charla-con-samuel-trotman-samutaro-experto-en-denim-y-cultura-pop\/"]}]},{"@type":"BreadcrumbList","@id":"https:\/\/www.lepetitarchive.com\/es\/entrevistas-una-charla-con-samuel-trotman-samutaro-experto-en-denim-y-cultura-pop\/#breadcrumb","itemListElement":[{"@type":"ListItem","position":1,"name":"Home","item":"https:\/\/www.lepetitarchive.com\/es\/"},{"@type":"ListItem","position":2,"name":"#ENTREVISTAS Una charla con Samuel Trotman @samutaro experto en Denim y cultura Pop"}]},{"@type":"WebSite","@id":"https:\/\/www.lepetitarchive.com\/es\/#website","url":"https:\/\/www.lepetitarchive.com\/es\/","name":"Le Petit Archive","description":"Free Fashion University","potentialAction":[{"@type":"SearchAction","target":{"@type":"EntryPoint","urlTemplate":"https:\/\/www.lepetitarchive.com\/es\/?s={search_term_string}"},"query-input":"required name=search_term_string"}],"inLanguage":"es"},{"@type":"Person","@id":"https:\/\/www.lepetitarchive.com\/es\/#\/schema\/person\/da91d3a94da64354fed6e9b07a3cbb56","name":"admin","image":{"@type":"ImageObject","inLanguage":"es","@id":"https:\/\/www.lepetitarchive.com\/es\/#\/schema\/person\/image\/","url":"https:\/\/secure.gravatar.com\/avatar\/102001135d8c70200f6c23d7cb883c24?s=96&d=mm&r=g","contentUrl":"https:\/\/secure.gravatar.com\/avatar\/102001135d8c70200f6c23d7cb883c24?s=96&d=mm&r=g","caption":"admin"},"url":"https:\/\/www.lepetitarchive.com\/es\/author\/admin\/"}]}},"_links":{"self":[{"href":"https:\/\/www.lepetitarchive.com\/es\/wp-json\/wp\/v2\/posts\/3868"}],"collection":[{"href":"https:\/\/www.lepetitarchive.com\/es\/wp-json\/wp\/v2\/posts"}],"about":[{"href":"https:\/\/www.lepetitarchive.com\/es\/wp-json\/wp\/v2\/types\/post"}],"author":[{"embeddable":true,"href":"https:\/\/www.lepetitarchive.com\/es\/wp-json\/wp\/v2\/users\/1"}],"replies":[{"embeddable":true,"href":"https:\/\/www.lepetitarchive.com\/es\/wp-json\/wp\/v2\/comments?post=3868"}],"version-history":[{"count":2,"href":"https:\/\/www.lepetitarchive.com\/es\/wp-json\/wp\/v2\/posts\/3868\/revisions"}],"predecessor-version":[{"id":3890,"href":"https:\/\/www.lepetitarchive.com\/es\/wp-json\/wp\/v2\/posts\/3868\/revisions\/3890"}],"wp:featuredmedia":[{"embeddable":true,"href":"https:\/\/www.lepetitarchive.com\/es\/wp-json\/wp\/v2\/media\/3879"}],"wp:attachment":[{"href":"https:\/\/www.lepetitarchive.com\/es\/wp-json\/wp\/v2\/media?parent=3868"}],"wp:term":[{"taxonomy":"category","embeddable":true,"href":"https:\/\/www.lepetitarchive.com\/es\/wp-json\/wp\/v2\/categories?post=3868"},{"taxonomy":"post_tag","embeddable":true,"href":"https:\/\/www.lepetitarchive.com\/es\/wp-json\/wp\/v2\/tags?post=3868"}],"curies":[{"name":"wp","href":"https:\/\/api.w.org\/{rel}","templated":true}]}}