{"id":3441,"date":"2019-08-18T10:15:35","date_gmt":"2019-08-18T08:15:35","guid":{"rendered":"http:\/\/www.lepetitarchive.com\/es\/?p=3441"},"modified":"2019-08-20T12:27:30","modified_gmt":"2019-08-20T10:27:30","slug":"fashiontales-digitos-presos","status":"publish","type":"post","link":"https:\/\/www.lepetitarchive.com\/es\/fashiontales-digitos-presos\/","title":{"rendered":"#FASHIONTALES \u201cLa rebeli\u00f3n de los d\u00edgitos\u201d"},"content":{"rendered":"\n<div style=\"height:51px\" aria-hidden=\"true\" class=\"wp-block-spacer\"><\/div>\n\n\n\n<p>Cap\u00edtulo 1. LA OVEJA <\/p>\n\n\n\n<p>Erase una sociedad marcada por la insensibilidad y la obediencia. Los <strong>Presos C2203 y P9102<\/strong> subsisten en una diminuta celda entre martillos, hambre y suciedad. El r\u00e9gimen dictatorial controla la ciudad con tiran\u00eda. Nuestros pr\u00f3fugos trabajan unas catorce horas al d\u00eda montando y desmontando armamento del ej\u00e9rcito; pero hace tiempo que descubrieron algo. Un peque\u00f1o fallo en el conducto de ventilaci\u00f3n les permitir\u00eda <strong>escapar<\/strong> de aquella mole de acero.<\/p>\n\n\n\n<div style=\"height:20px\" aria-hidden=\"true\" class=\"wp-block-spacer\"><\/div>\n\n\n\n<figure class=\"wp-block-image\"><img loading=\"lazy\" decoding=\"async\" width=\"2111\" height=\"1234\" src=\"http:\/\/www.lepetitarchive.com\/es\/wp-content\/uploads\/sites\/2\/2019\/08\/w2.jpg\" alt=\"\" class=\"wp-image-3453\" srcset=\"https:\/\/www.lepetitarchive.com\/es\/wp-content\/uploads\/sites\/2\/2019\/08\/w2.jpg 2111w, https:\/\/www.lepetitarchive.com\/es\/wp-content\/uploads\/sites\/2\/2019\/08\/w2-300x175.jpg 300w, https:\/\/www.lepetitarchive.com\/es\/wp-content\/uploads\/sites\/2\/2019\/08\/w2-768x449.jpg 768w, https:\/\/www.lepetitarchive.com\/es\/wp-content\/uploads\/sites\/2\/2019\/08\/w2-1024x599.jpg 1024w\" sizes=\"(max-width: 2111px) 100vw, 2111px\" \/><\/figure>\n\n\n\n<div style=\"height:58px\" aria-hidden=\"true\" class=\"wp-block-spacer\"><\/div>\n\n\n\n<p>Cap\u00edtulo 2. EL CAMALE\u00d3N<\/p>\n\n\n\n<p>Y as\u00ed fue. Tras largos meses de trabajo manual y un minucioso an\u00e1lisis de la rutina de sus superiores; la pareja abandon\u00f3 su celda, sus uniformes y su identidad. Lo primero era ascender de clase. Deb\u00edan hacerse con un par de prendas adecuadas a la Gran Ciudad. C consigui\u00f3 unos jeans blancos y una chaqueta de piel, mientras que P se hizo con unas botas interminables. Por \u00faltimo, cubrieron sus ojos para <strong>evitar ser descubiertos<\/strong>. Recorr\u00edan las calles como vagabundos, buscando una nueva vida. Pero alguien les pisaba los talones, s\u00ed, les hab\u00edan descubierto.Fue en una calle principal, donde un grupo de oficiales se percat\u00f3 de su presencia. Comenzaron a correr tras ellos, que resistieron un par de manzanas hasta que sucumbieron a las autoridades.<\/p>\n\n\n\n<div style=\"height:20px\" aria-hidden=\"true\" class=\"wp-block-spacer\"><\/div>\n\n\n\n<figure class=\"wp-block-image\"><img loading=\"lazy\" decoding=\"async\" width=\"2111\" height=\"1234\" src=\"http:\/\/www.lepetitarchive.com\/es\/wp-content\/uploads\/sites\/2\/2019\/08\/w1-1.jpg\" alt=\"\" class=\"wp-image-3454\" srcset=\"https:\/\/www.lepetitarchive.com\/es\/wp-content\/uploads\/sites\/2\/2019\/08\/w1-1.jpg 2111w, https:\/\/www.lepetitarchive.com\/es\/wp-content\/uploads\/sites\/2\/2019\/08\/w1-1-300x175.jpg 300w, https:\/\/www.lepetitarchive.com\/es\/wp-content\/uploads\/sites\/2\/2019\/08\/w1-1-768x449.jpg 768w, https:\/\/www.lepetitarchive.com\/es\/wp-content\/uploads\/sites\/2\/2019\/08\/w1-1-1024x599.jpg 1024w\" sizes=\"(max-width: 2111px) 100vw, 2111px\" \/><\/figure>\n\n\n\n<div style=\"height:64px\" aria-hidden=\"true\" class=\"wp-block-spacer\"><\/div>\n\n\n\n<p>Cap\u00edtulo 3. LA VIUDA<\/p>\n\n\n\n<p>Los dos fueron encarcelados y encadenados uno al otro; pero a los oficiales pareci\u00f3 llamarles la atenci\u00f3n la idea de <strong>torturar a C<\/strong>. Este fue humillado y golpeado en la cabeza con tal brutalidad, que sufri\u00f3 un derrame instant\u00e1neo. Mientras, P lloraba en la celda, temerosa por su vida y la de \u00e9l. La amenazaron con ideas terribles si no callaba. Pasaban las horas y C no regresaba. Cuando el diminuto ventanal declaraba la ca\u00edda del Sol, los oficiales le devolvieron a su celda; pero <strong>ya era demasiado tarde<\/strong>.<\/p>\n\n\n\n<div style=\"height:20px\" aria-hidden=\"true\" class=\"wp-block-spacer\"><\/div>\n\n\n\n<div class=\"wp-block-image\"><figure class=\"aligncenter\"><img loading=\"lazy\" decoding=\"async\" width=\"2111\" height=\"2745\" src=\"http:\/\/www.lepetitarchive.com\/es\/wp-content\/uploads\/sites\/2\/2019\/08\/w3-min.jpg\" alt=\"\" class=\"wp-image-3460\" srcset=\"https:\/\/www.lepetitarchive.com\/es\/wp-content\/uploads\/sites\/2\/2019\/08\/w3-min.jpg 2111w, https:\/\/www.lepetitarchive.com\/es\/wp-content\/uploads\/sites\/2\/2019\/08\/w3-min-231x300.jpg 231w, https:\/\/www.lepetitarchive.com\/es\/wp-content\/uploads\/sites\/2\/2019\/08\/w3-min-768x999.jpg 768w, https:\/\/www.lepetitarchive.com\/es\/wp-content\/uploads\/sites\/2\/2019\/08\/w3-min-787x1024.jpg 787w\" sizes=\"(max-width: 2111px) 100vw, 2111px\" \/><\/figure><\/div>\n\n\n\n<div style=\"height:67px\" aria-hidden=\"true\" class=\"wp-block-spacer\"><\/div>\n\n\n\n<p style=\"text-align:center\">FIN<\/p>\n\n\n\n<div style=\"height:64px\" aria-hidden=\"true\" class=\"wp-block-spacer\"><\/div>\n\n\n\n<p>Protagonistas:  <a href=\"https:\/\/www.instagram.com\/shewiths\/\">Sara Calvi\u00f1o<\/a> como P9102 y <a href=\"https:\/\/www.instagram.com\/neomacarra\/\">Jorge Gonz\u00e1lez<\/a> como C2203<\/p>\n\n\n\n<p>Estilismos y Direcci\u00f3n Creativa: <a href=\"https:\/\/www.instagram.com\/damnflackoyoukillinit\/\">Adri\u00e1n Lorca<\/a>, <a href=\"https:\/\/www.instagram.com\/shewiths\/\">Sara Calvi\u00f1o<\/a> y <a href=\"https:\/\/www.instagram.com\/gionavarre\/\">Gio Navarre<\/a><\/p>\n\n\n\n<p>Fotograf\u00eda: <a href=\"https:\/\/www.instagram.com\/madkidmontes\/\">Eduardo Montes<\/a> y <a href=\"https:\/\/www.instagram.com\/dunsain\/\">Daniel Unsain<\/a> <\/p>\n\n\n\n<p>Maquillaje: <a href=\"https:\/\/www.instagram.com\/hellllllcat\/\">Pilar Franc\u00e9s<\/a><\/p>\n\n\n\n<p>Artwork: <a href=\"https:\/\/www.instagram.com\/nopavlos.noproblems\/\">Jorge Criado<\/a><\/p>\n\n\n\n<p>Textos: <a href=\"https:\/\/www.instagram.com\/gionavarre\/\">Gio Navarre<\/a><\/p>\n\n\n\n<p>Ropa de <a href=\"https:\/\/www.instagram.com\/bacteria_supermarket\/\">@bacteria_supermarket<\/a><\/p>\n","protected":false},"excerpt":{"rendered":"<p>Cap\u00edtulo 1. LA OVEJA Erase una sociedad marcada por la insensibilidad y la obediencia. Los Presos C2203 y P9102 subsisten en una diminuta celda entre martillos, hambre y suciedad. El r\u00e9gimen dictatorial controla la ciudad con tiran\u00eda. Nuestros pr\u00f3fugos trabajan unas catorce horas al d\u00eda montando y desmontando armamento del ej\u00e9rcito; pero hace tiempo que [&hellip;]<\/p>\n","protected":false},"author":1,"featured_media":3445,"comment_status":"open","ping_status":"open","sticky":false,"template":"","format":"standard","meta":{"footnotes":""},"categories":[148],"tags":[],"yoast_head":"<!-- This site is optimized with the Yoast SEO plugin v21.9.1 - https:\/\/yoast.com\/wordpress\/plugins\/seo\/ -->\n<title>#FASHIONTALES \u201cLa rebeli\u00f3n de los d\u00edgitos\u201d - Le Petit Archive<\/title>\n<meta name=\"robots\" content=\"index, follow, max-snippet:-1, max-image-preview:large, max-video-preview:-1\" \/>\n<link rel=\"canonical\" href=\"https:\/\/www.lepetitarchive.com\/es\/fashiontales-digitos-presos\/\" \/>\n<meta property=\"og:locale\" content=\"es_ES\" \/>\n<meta property=\"og:type\" content=\"article\" \/>\n<meta property=\"og:title\" content=\"#FASHIONTALES \u201cLa rebeli\u00f3n de los d\u00edgitos\u201d - Le Petit Archive\" \/>\n<meta property=\"og:description\" content=\"Cap\u00edtulo 1. LA OVEJA Erase una sociedad marcada por la insensibilidad y la obediencia. Los Presos C2203 y P9102 subsisten en una diminuta celda entre martillos, hambre y suciedad. El r\u00e9gimen dictatorial controla la ciudad con tiran\u00eda. Nuestros pr\u00f3fugos trabajan unas catorce horas al d\u00eda montando y desmontando armamento del ej\u00e9rcito; pero hace tiempo que [&hellip;]\" \/>\n<meta property=\"og:url\" content=\"https:\/\/www.lepetitarchive.com\/es\/fashiontales-digitos-presos\/\" \/>\n<meta property=\"og:site_name\" content=\"Le Petit Archive\" \/>\n<meta property=\"article:published_time\" content=\"2019-08-18T08:15:35+00:00\" \/>\n<meta property=\"article:modified_time\" content=\"2019-08-20T10:27:30+00:00\" \/>\n<meta property=\"og:image\" content=\"https:\/\/www.lepetitarchive.com\/es\/wp-content\/uploads\/sites\/2\/2019\/08\/cabecera-3.jpg\" \/>\n\t<meta property=\"og:image:width\" content=\"3840\" \/>\n\t<meta property=\"og:image:height\" content=\"2560\" \/>\n\t<meta property=\"og:image:type\" content=\"image\/jpeg\" \/>\n<meta name=\"author\" content=\"admin\" \/>\n<meta name=\"twitter:card\" content=\"summary_large_image\" \/>\n<meta name=\"twitter:label1\" content=\"Escrito por\" \/>\n\t<meta name=\"twitter:data1\" content=\"admin\" \/>\n\t<meta name=\"twitter:label2\" content=\"Tiempo de lectura\" \/>\n\t<meta name=\"twitter:data2\" content=\"2 minutos\" \/>\n<script type=\"application\/ld+json\" class=\"yoast-schema-graph\">{\"@context\":\"https:\/\/schema.org\",\"@graph\":[{\"@type\":\"WebPage\",\"@id\":\"https:\/\/www.lepetitarchive.com\/es\/fashiontales-digitos-presos\/\",\"url\":\"https:\/\/www.lepetitarchive.com\/es\/fashiontales-digitos-presos\/\",\"name\":\"#FASHIONTALES \u201cLa rebeli\u00f3n de los d\u00edgitos\u201d - Le Petit Archive\",\"isPartOf\":{\"@id\":\"https:\/\/www.lepetitarchive.com\/es\/#website\"},\"datePublished\":\"2019-08-18T08:15:35+00:00\",\"dateModified\":\"2019-08-20T10:27:30+00:00\",\"author\":{\"@id\":\"https:\/\/www.lepetitarchive.com\/es\/#\/schema\/person\/da91d3a94da64354fed6e9b07a3cbb56\"},\"breadcrumb\":{\"@id\":\"https:\/\/www.lepetitarchive.com\/es\/fashiontales-digitos-presos\/#breadcrumb\"},\"inLanguage\":\"es\",\"potentialAction\":[{\"@type\":\"ReadAction\",\"target\":[\"https:\/\/www.lepetitarchive.com\/es\/fashiontales-digitos-presos\/\"]}]},{\"@type\":\"BreadcrumbList\",\"@id\":\"https:\/\/www.lepetitarchive.com\/es\/fashiontales-digitos-presos\/#breadcrumb\",\"itemListElement\":[{\"@type\":\"ListItem\",\"position\":1,\"name\":\"Home\",\"item\":\"https:\/\/www.lepetitarchive.com\/es\/\"},{\"@type\":\"ListItem\",\"position\":2,\"name\":\"#FASHIONTALES \u201cLa rebeli\u00f3n de los d\u00edgitos\u201d\"}]},{\"@type\":\"WebSite\",\"@id\":\"https:\/\/www.lepetitarchive.com\/es\/#website\",\"url\":\"https:\/\/www.lepetitarchive.com\/es\/\",\"name\":\"Le Petit Archive\",\"description\":\"Free Fashion University\",\"potentialAction\":[{\"@type\":\"SearchAction\",\"target\":{\"@type\":\"EntryPoint\",\"urlTemplate\":\"https:\/\/www.lepetitarchive.com\/es\/?s={search_term_string}\"},\"query-input\":\"required name=search_term_string\"}],\"inLanguage\":\"es\"},{\"@type\":\"Person\",\"@id\":\"https:\/\/www.lepetitarchive.com\/es\/#\/schema\/person\/da91d3a94da64354fed6e9b07a3cbb56\",\"name\":\"admin\",\"image\":{\"@type\":\"ImageObject\",\"inLanguage\":\"es\",\"@id\":\"https:\/\/www.lepetitarchive.com\/es\/#\/schema\/person\/image\/\",\"url\":\"https:\/\/secure.gravatar.com\/avatar\/102001135d8c70200f6c23d7cb883c24?s=96&d=mm&r=g\",\"contentUrl\":\"https:\/\/secure.gravatar.com\/avatar\/102001135d8c70200f6c23d7cb883c24?s=96&d=mm&r=g\",\"caption\":\"admin\"},\"url\":\"https:\/\/www.lepetitarchive.com\/es\/author\/admin\/\"}]}<\/script>\n<!-- \/ Yoast SEO plugin. -->","yoast_head_json":{"title":"#FASHIONTALES \u201cLa rebeli\u00f3n de los d\u00edgitos\u201d - Le Petit Archive","robots":{"index":"index","follow":"follow","max-snippet":"max-snippet:-1","max-image-preview":"max-image-preview:large","max-video-preview":"max-video-preview:-1"},"canonical":"https:\/\/www.lepetitarchive.com\/es\/fashiontales-digitos-presos\/","og_locale":"es_ES","og_type":"article","og_title":"#FASHIONTALES \u201cLa rebeli\u00f3n de los d\u00edgitos\u201d - Le Petit Archive","og_description":"Cap\u00edtulo 1. LA OVEJA Erase una sociedad marcada por la insensibilidad y la obediencia. Los Presos C2203 y P9102 subsisten en una diminuta celda entre martillos, hambre y suciedad. El r\u00e9gimen dictatorial controla la ciudad con tiran\u00eda. Nuestros pr\u00f3fugos trabajan unas catorce horas al d\u00eda montando y desmontando armamento del ej\u00e9rcito; pero hace tiempo que [&hellip;]","og_url":"https:\/\/www.lepetitarchive.com\/es\/fashiontales-digitos-presos\/","og_site_name":"Le Petit Archive","article_published_time":"2019-08-18T08:15:35+00:00","article_modified_time":"2019-08-20T10:27:30+00:00","og_image":[{"width":3840,"height":2560,"url":"https:\/\/www.lepetitarchive.com\/es\/wp-content\/uploads\/sites\/2\/2019\/08\/cabecera-3.jpg","type":"image\/jpeg"}],"author":"admin","twitter_card":"summary_large_image","twitter_misc":{"Escrito por":"admin","Tiempo de lectura":"2 minutos"},"schema":{"@context":"https:\/\/schema.org","@graph":[{"@type":"WebPage","@id":"https:\/\/www.lepetitarchive.com\/es\/fashiontales-digitos-presos\/","url":"https:\/\/www.lepetitarchive.com\/es\/fashiontales-digitos-presos\/","name":"#FASHIONTALES \u201cLa rebeli\u00f3n de los d\u00edgitos\u201d - Le Petit Archive","isPartOf":{"@id":"https:\/\/www.lepetitarchive.com\/es\/#website"},"datePublished":"2019-08-18T08:15:35+00:00","dateModified":"2019-08-20T10:27:30+00:00","author":{"@id":"https:\/\/www.lepetitarchive.com\/es\/#\/schema\/person\/da91d3a94da64354fed6e9b07a3cbb56"},"breadcrumb":{"@id":"https:\/\/www.lepetitarchive.com\/es\/fashiontales-digitos-presos\/#breadcrumb"},"inLanguage":"es","potentialAction":[{"@type":"ReadAction","target":["https:\/\/www.lepetitarchive.com\/es\/fashiontales-digitos-presos\/"]}]},{"@type":"BreadcrumbList","@id":"https:\/\/www.lepetitarchive.com\/es\/fashiontales-digitos-presos\/#breadcrumb","itemListElement":[{"@type":"ListItem","position":1,"name":"Home","item":"https:\/\/www.lepetitarchive.com\/es\/"},{"@type":"ListItem","position":2,"name":"#FASHIONTALES \u201cLa rebeli\u00f3n de los d\u00edgitos\u201d"}]},{"@type":"WebSite","@id":"https:\/\/www.lepetitarchive.com\/es\/#website","url":"https:\/\/www.lepetitarchive.com\/es\/","name":"Le Petit Archive","description":"Free Fashion University","potentialAction":[{"@type":"SearchAction","target":{"@type":"EntryPoint","urlTemplate":"https:\/\/www.lepetitarchive.com\/es\/?s={search_term_string}"},"query-input":"required name=search_term_string"}],"inLanguage":"es"},{"@type":"Person","@id":"https:\/\/www.lepetitarchive.com\/es\/#\/schema\/person\/da91d3a94da64354fed6e9b07a3cbb56","name":"admin","image":{"@type":"ImageObject","inLanguage":"es","@id":"https:\/\/www.lepetitarchive.com\/es\/#\/schema\/person\/image\/","url":"https:\/\/secure.gravatar.com\/avatar\/102001135d8c70200f6c23d7cb883c24?s=96&d=mm&r=g","contentUrl":"https:\/\/secure.gravatar.com\/avatar\/102001135d8c70200f6c23d7cb883c24?s=96&d=mm&r=g","caption":"admin"},"url":"https:\/\/www.lepetitarchive.com\/es\/author\/admin\/"}]}},"_links":{"self":[{"href":"https:\/\/www.lepetitarchive.com\/es\/wp-json\/wp\/v2\/posts\/3441"}],"collection":[{"href":"https:\/\/www.lepetitarchive.com\/es\/wp-json\/wp\/v2\/posts"}],"about":[{"href":"https:\/\/www.lepetitarchive.com\/es\/wp-json\/wp\/v2\/types\/post"}],"author":[{"embeddable":true,"href":"https:\/\/www.lepetitarchive.com\/es\/wp-json\/wp\/v2\/users\/1"}],"replies":[{"embeddable":true,"href":"https:\/\/www.lepetitarchive.com\/es\/wp-json\/wp\/v2\/comments?post=3441"}],"version-history":[{"count":22,"href":"https:\/\/www.lepetitarchive.com\/es\/wp-json\/wp\/v2\/posts\/3441\/revisions"}],"predecessor-version":[{"id":3476,"href":"https:\/\/www.lepetitarchive.com\/es\/wp-json\/wp\/v2\/posts\/3441\/revisions\/3476"}],"wp:featuredmedia":[{"embeddable":true,"href":"https:\/\/www.lepetitarchive.com\/es\/wp-json\/wp\/v2\/media\/3445"}],"wp:attachment":[{"href":"https:\/\/www.lepetitarchive.com\/es\/wp-json\/wp\/v2\/media?parent=3441"}],"wp:term":[{"taxonomy":"category","embeddable":true,"href":"https:\/\/www.lepetitarchive.com\/es\/wp-json\/wp\/v2\/categories?post=3441"},{"taxonomy":"post_tag","embeddable":true,"href":"https:\/\/www.lepetitarchive.com\/es\/wp-json\/wp\/v2\/tags?post=3441"}],"curies":[{"name":"wp","href":"https:\/\/api.w.org\/{rel}","templated":true}]}}