{"id":1591,"date":"2019-05-22T09:58:31","date_gmt":"2019-05-22T09:58:31","guid":{"rendered":"http:\/\/www.lepetitarchive.com\/?p=1591"},"modified":"2020-03-28T21:44:15","modified_gmt":"2020-03-28T20:44:15","slug":"historia-jean-paul-gaultier-fw-95-mad-max-coleccion","status":"publish","type":"post","link":"https:\/\/www.lepetitarchive.com\/es\/historia-jean-paul-gaultier-fw-95-mad-max-coleccion\/","title":{"rendered":"#COLECCIONES Jean Paul Gaultier FW 95 Mad Max"},"content":{"rendered":"\n<div style=\"height:20px\" aria-hidden=\"true\" class=\"wp-block-spacer\"><\/div>\n\n\n\n<div class=\"alignnormal\"><div id=\"metaslider-id-1595\" style=\"max-width: 500px; margin: 0 auto;\" class=\"ml-slider-3-60-1 metaslider metaslider-flex metaslider-1595 ml-slider ms-theme-architekt has-dots-nav\" role=\"region\" aria-roledescription=\"Slideshow\" aria-label=\"gaultier mad max\">\n    <div id=\"metaslider_container_1595\">\n        <div id=\"metaslider_1595\">\n            <ul aria-live=\"polite\" class=\"slides\">\n                <li style=\"display: block; width: 100%;\" class=\"slide-2590 ms-image\" aria-roledescription=\"slide\" aria-label=\"slide-2590\"><img loading=\"lazy\" decoding=\"async\" src=\"https:\/\/www.lepetitarchive.com\/es\/wp-content\/uploads\/sites\/2\/2019\/05\/Foto-22-5-19-12-00-09-500x500.jpg\" height=\"500\" width=\"500\" alt=\"jean paul gaultier FW 1995 cyber dots\" class=\"slider-1595 slide-2590\" title=\"jean paul gaultier FW 1995 cyber dots\" \/><\/li>\n                <li style=\"display: none; width: 100%;\" class=\"slide-2591 ms-image\" aria-roledescription=\"slide\" aria-label=\"slide-2591\"><img loading=\"lazy\" decoding=\"async\" src=\"https:\/\/www.lepetitarchive.com\/es\/wp-content\/uploads\/sites\/2\/2019\/05\/Foto-22-5-19-12-00-17-500x500.jpg\" height=\"500\" width=\"500\" alt=\"desfile runway jean paul gaultier FW 1995 cyber dots\" class=\"slider-1595 slide-2591\" title=\"desfile runway jean paul gaultier FW 1995 cyber dots\" \/><\/li>\n                <li style=\"display: none; width: 100%;\" class=\"slide-2592 ms-image\" aria-roledescription=\"slide\" aria-label=\"slide-2592\"><img loading=\"lazy\" decoding=\"async\" src=\"https:\/\/www.lepetitarchive.com\/es\/wp-content\/uploads\/sites\/2\/2019\/05\/Foto-22-5-19-12-00-26-500x500.jpg\" height=\"500\" width=\"500\" alt=\"jean paul gaultier FW 1995 cyber dots\" class=\"slider-1595 slide-2592\" title=\"jean paul gaultier FW 1995 cyber dots\" \/><\/li>\n                <li style=\"display: none; width: 100%;\" class=\"slide-2593 ms-image\" aria-roledescription=\"slide\" aria-label=\"slide-2593\"><img loading=\"lazy\" decoding=\"async\" src=\"https:\/\/www.lepetitarchive.com\/es\/wp-content\/uploads\/sites\/2\/2019\/05\/Foto-22-5-19-12-00-35-500x500.jpg\" height=\"500\" width=\"500\" alt=\"desfile runway jean paul gaultier FW 1995 cyber dots\" class=\"slider-1595 slide-2593\" title=\"desfile runway jean paul gaultier FW 1995 cyber dots\" \/><\/li>\n                <li style=\"display: none; width: 100%;\" class=\"slide-2594 ms-image\" aria-roledescription=\"slide\" aria-label=\"slide-2594\"><img loading=\"lazy\" decoding=\"async\" src=\"https:\/\/www.lepetitarchive.com\/es\/wp-content\/uploads\/sites\/2\/2019\/05\/Foto-22-5-19-12-00-49-500x500.jpg\" height=\"500\" width=\"500\" alt=\"desfile runway jean paul gaultier FW 1995 cyber dots\" class=\"slider-1595 slide-2594\" title=\"desfile runway jean paul gaultier FW 1995 cyber dots\" \/><\/li>\n                <li style=\"display: none; width: 100%;\" class=\"slide-2595 ms-image\" aria-roledescription=\"slide\" aria-label=\"slide-2595\"><img loading=\"lazy\" decoding=\"async\" src=\"https:\/\/www.lepetitarchive.com\/es\/wp-content\/uploads\/sites\/2\/2019\/05\/Foto-22-5-19-12-01-01-500x500.jpg\" height=\"500\" width=\"500\" alt=\"vasarely gaultier fall winter 1995\" class=\"slider-1595 slide-2595\" title=\"vasarely gaultier fall winter 1995\" \/><\/li>\n                <li style=\"display: none; width: 100%;\" class=\"slide-2596 ms-image\" aria-roledescription=\"slide\" aria-label=\"slide-2596\"><img loading=\"lazy\" decoding=\"async\" src=\"https:\/\/www.lepetitarchive.com\/es\/wp-content\/uploads\/sites\/2\/2019\/05\/Foto-22-5-19-12-01-14-500x500.jpg\" height=\"500\" width=\"500\" alt=\"jean paul gaultier fw 1995\" class=\"slider-1595 slide-2596\" title=\"jean paul gaultier fw 1995\" \/><\/li>\n                <li style=\"display: none; width: 100%;\" class=\"slide-2597 ms-image\" aria-roledescription=\"slide\" aria-label=\"slide-2597\"><img loading=\"lazy\" decoding=\"async\" src=\"https:\/\/www.lepetitarchive.com\/es\/wp-content\/uploads\/sites\/2\/2019\/05\/Foto-22-5-19-12-01-29-500x500.jpg\" height=\"500\" width=\"500\" alt=\"comic jean paul gaultier fw 1995\" class=\"slider-1595 slide-2597\" title=\"comic jean paul gaultier fw 1995\" \/><\/li>\n                <li style=\"display: none; width: 100%;\" class=\"slide-2598 ms-image\" aria-roledescription=\"slide\" aria-label=\"slide-2598\"><img loading=\"lazy\" decoding=\"async\" src=\"https:\/\/www.lepetitarchive.com\/es\/wp-content\/uploads\/sites\/2\/2019\/05\/Foto-22-5-19-12-01-38-500x500.jpg\" height=\"500\" width=\"500\" alt=\"michelangelo jean paul gaultier fw 1995\" class=\"slider-1595 slide-2598\" title=\"michelangelo jean paul gaultier fw 1995\" \/><\/li>\n            <\/ul>\n        <\/div>\n        \n    <\/div>\n<\/div><\/div>\n\n\n\n<div style=\"height:20px\" aria-hidden=\"true\" class=\"wp-block-spacer\"><\/div>\n\n\n\n<p>Gaultier toma el imaginario del mundo de <strong>Mad Max<\/strong>. Una est\u00e9tica cyberpunk y post apocal\u00edpitica, donde muestra a mujeres fuertes y salvajes con una poderosa belleza femenina.<\/p>\n\n\n\n<p>La colecci\u00f3n <strong>se compone de<\/strong> trajes ce\u00f1idos, piezas en cuero, chaquetas alongadas que terminan siendo faldas, vestidos con rellenos, licras sublimadas con dise\u00f1os gr\u00e1ficos cibern\u00e9ticos, petos de guerra adornados con circuitos electr\u00f3nicos. Incluso podemos encontrar prendas con comics estampados.<\/p>\n\n\n\n<p>El <strong>maquillaje y los accesorios<\/strong>, est\u00e1n inspirados en la mujer amazonas, independiente y guerrera, pero con ese aire des\u00e9rtico y retrofuturista que caracteriza al nombre de la colecci\u00f3n. Encontramos trenzas, plumas y joyas con estampados r\u00fanicos.<\/p>\n\n\n\n<p>Las prendas de <strong>cyber puntos<\/strong>, est\u00e1n inspiradas en el artista h\u00fangaro Victor Vasarely, considerado padre del pop art.<\/p>\n\n\n\n<p>En boca de Gaultier, <strong>la colecci\u00f3n es una mezcla<\/strong>, entre lo tradicional y lo moderno, lo techno y lo tribal. Claro ejemplo es la \u00faltima foto de este post, un jersey inspirado en un fresco de Michelangelo.<\/p>\n\n\n\n<p>Escrito por <a href=\"https:\/\/www.instagram.com\/damnflackoyoukillinit\/\">Adri\u00e1n Lorca<\/a><\/p>\n\n\n\n<figure class=\"wp-block-embed-youtube wp-block-embed is-type-video is-provider-youtube wp-embed-aspect-16-9 wp-has-aspect-ratio\"><div class=\"wp-block-embed__wrapper\">\n<iframe loading=\"lazy\" title=\"Jean Paul Gauthier Collection for Fall 1995\" width=\"1140\" height=\"641\" src=\"https:\/\/www.youtube.com\/embed\/LyY6tkil22k?feature=oembed\" frameborder=\"0\" allow=\"accelerometer; autoplay; encrypted-media; gyroscope; picture-in-picture\" allowfullscreen><\/iframe>\n<\/div><\/figure>\n","protected":false},"excerpt":{"rendered":"<p>Gaultier toma el imaginario del mundo de Mad Max. Una est\u00e9tica cyberpunk y post apocal\u00edpitica, donde muestra a mujeres fuertes y salvajes con una poderosa belleza femenina. La colecci\u00f3n se compone de trajes ce\u00f1idos, piezas en cuero, chaquetas alongadas que terminan siendo faldas, vestidos con rellenos, licras sublimadas con dise\u00f1os gr\u00e1ficos cibern\u00e9ticos, petos de guerra [&hellip;]<\/p>\n","protected":false},"author":1,"featured_media":2587,"comment_status":"open","ping_status":"open","sticky":false,"template":"","format":"standard","meta":{"footnotes":""},"categories":[3],"tags":[388,425],"yoast_head":"<!-- This site is optimized with the Yoast SEO plugin v21.9.1 - https:\/\/yoast.com\/wordpress\/plugins\/seo\/ -->\n<title>#COLECCIONES Jean Paul Gaultier FW 95 Mad Max - Le Petit Archive<\/title>\n<meta name=\"description\" content=\"Te contamos la historia que hay detr\u00e1s de esta impresionante colecci\u00f3n del dise\u00f1ador franc\u00e9s, tambi\u00e9n conocido como el &quot;enfant terrible&quot;.\" \/>\n<meta name=\"robots\" content=\"index, follow, max-snippet:-1, max-image-preview:large, max-video-preview:-1\" \/>\n<link rel=\"canonical\" href=\"https:\/\/www.lepetitarchive.com\/es\/historia-jean-paul-gaultier-fw-95-mad-max-coleccion\/\" \/>\n<meta property=\"og:locale\" content=\"es_ES\" \/>\n<meta property=\"og:type\" content=\"article\" \/>\n<meta property=\"og:title\" content=\"#COLECCIONES Jean Paul Gaultier FW 95 Mad Max - Le Petit Archive\" \/>\n<meta property=\"og:description\" content=\"Te contamos la historia que hay detr\u00e1s de esta impresionante colecci\u00f3n del dise\u00f1ador franc\u00e9s, tambi\u00e9n conocido como el &quot;enfant terrible&quot;.\" \/>\n<meta property=\"og:url\" content=\"https:\/\/www.lepetitarchive.com\/es\/historia-jean-paul-gaultier-fw-95-mad-max-coleccion\/\" \/>\n<meta property=\"og:site_name\" content=\"Le Petit Archive\" \/>\n<meta property=\"article:published_time\" content=\"2019-05-22T09:58:31+00:00\" \/>\n<meta property=\"article:modified_time\" content=\"2020-03-28T20:44:15+00:00\" \/>\n<meta property=\"og:image\" content=\"https:\/\/www.lepetitarchive.com\/es\/wp-content\/uploads\/sites\/2\/2019\/05\/Foto-26-4-19-8-56-01.jpg\" \/>\n\t<meta property=\"og:image:width\" content=\"640\" \/>\n\t<meta property=\"og:image:height\" content=\"427\" \/>\n\t<meta property=\"og:image:type\" content=\"image\/jpeg\" \/>\n<meta name=\"author\" content=\"admin\" \/>\n<meta name=\"twitter:card\" content=\"summary_large_image\" \/>\n<meta name=\"twitter:label1\" content=\"Escrito por\" \/>\n\t<meta name=\"twitter:data1\" content=\"admin\" \/>\n\t<meta name=\"twitter:label2\" content=\"Tiempo de lectura\" \/>\n\t<meta name=\"twitter:data2\" content=\"1 minuto\" \/>\n<script type=\"application\/ld+json\" class=\"yoast-schema-graph\">{\"@context\":\"https:\/\/schema.org\",\"@graph\":[{\"@type\":\"WebPage\",\"@id\":\"https:\/\/www.lepetitarchive.com\/es\/historia-jean-paul-gaultier-fw-95-mad-max-coleccion\/\",\"url\":\"https:\/\/www.lepetitarchive.com\/es\/historia-jean-paul-gaultier-fw-95-mad-max-coleccion\/\",\"name\":\"#COLECCIONES Jean Paul Gaultier FW 95 Mad Max - Le Petit Archive\",\"isPartOf\":{\"@id\":\"http:\/\/www.lepetitarchive.com\/es\/#website\"},\"datePublished\":\"2019-05-22T09:58:31+00:00\",\"dateModified\":\"2020-03-28T20:44:15+00:00\",\"author\":{\"@id\":\"http:\/\/www.lepetitarchive.com\/es\/#\/schema\/person\/da91d3a94da64354fed6e9b07a3cbb56\"},\"description\":\"Te contamos la historia que hay detr\u00e1s de esta impresionante colecci\u00f3n del dise\u00f1ador franc\u00e9s, tambi\u00e9n conocido como el \\\"enfant terrible\\\".\",\"breadcrumb\":{\"@id\":\"https:\/\/www.lepetitarchive.com\/es\/historia-jean-paul-gaultier-fw-95-mad-max-coleccion\/#breadcrumb\"},\"inLanguage\":\"es\",\"potentialAction\":[{\"@type\":\"ReadAction\",\"target\":[\"https:\/\/www.lepetitarchive.com\/es\/historia-jean-paul-gaultier-fw-95-mad-max-coleccion\/\"]}]},{\"@type\":\"BreadcrumbList\",\"@id\":\"https:\/\/www.lepetitarchive.com\/es\/historia-jean-paul-gaultier-fw-95-mad-max-coleccion\/#breadcrumb\",\"itemListElement\":[{\"@type\":\"ListItem\",\"position\":1,\"name\":\"Home\",\"item\":\"http:\/\/www.lepetitarchive.com\/es\/\"},{\"@type\":\"ListItem\",\"position\":2,\"name\":\"#COLECCIONES Jean Paul Gaultier FW 95 Mad Max\"}]},{\"@type\":\"WebSite\",\"@id\":\"http:\/\/www.lepetitarchive.com\/es\/#website\",\"url\":\"http:\/\/www.lepetitarchive.com\/es\/\",\"name\":\"Le Petit Archive\",\"description\":\"Free Fashion University\",\"potentialAction\":[{\"@type\":\"SearchAction\",\"target\":{\"@type\":\"EntryPoint\",\"urlTemplate\":\"http:\/\/www.lepetitarchive.com\/es\/?s={search_term_string}\"},\"query-input\":\"required name=search_term_string\"}],\"inLanguage\":\"es\"},{\"@type\":\"Person\",\"@id\":\"http:\/\/www.lepetitarchive.com\/es\/#\/schema\/person\/da91d3a94da64354fed6e9b07a3cbb56\",\"name\":\"admin\",\"image\":{\"@type\":\"ImageObject\",\"inLanguage\":\"es\",\"@id\":\"http:\/\/www.lepetitarchive.com\/es\/#\/schema\/person\/image\/\",\"url\":\"https:\/\/secure.gravatar.com\/avatar\/102001135d8c70200f6c23d7cb883c24?s=96&d=mm&r=g\",\"contentUrl\":\"https:\/\/secure.gravatar.com\/avatar\/102001135d8c70200f6c23d7cb883c24?s=96&d=mm&r=g\",\"caption\":\"admin\"},\"url\":\"https:\/\/www.lepetitarchive.com\/es\/author\/admin\/\"}]}<\/script>\n<!-- \/ Yoast SEO plugin. -->","yoast_head_json":{"title":"#COLECCIONES Jean Paul Gaultier FW 95 Mad Max - Le Petit Archive","description":"Te contamos la historia que hay detr\u00e1s de esta impresionante colecci\u00f3n del dise\u00f1ador franc\u00e9s, tambi\u00e9n conocido como el \"enfant terrible\".","robots":{"index":"index","follow":"follow","max-snippet":"max-snippet:-1","max-image-preview":"max-image-preview:large","max-video-preview":"max-video-preview:-1"},"canonical":"https:\/\/www.lepetitarchive.com\/es\/historia-jean-paul-gaultier-fw-95-mad-max-coleccion\/","og_locale":"es_ES","og_type":"article","og_title":"#COLECCIONES Jean Paul Gaultier FW 95 Mad Max - Le Petit Archive","og_description":"Te contamos la historia que hay detr\u00e1s de esta impresionante colecci\u00f3n del dise\u00f1ador franc\u00e9s, tambi\u00e9n conocido como el \"enfant terrible\".","og_url":"https:\/\/www.lepetitarchive.com\/es\/historia-jean-paul-gaultier-fw-95-mad-max-coleccion\/","og_site_name":"Le Petit Archive","article_published_time":"2019-05-22T09:58:31+00:00","article_modified_time":"2020-03-28T20:44:15+00:00","og_image":[{"width":640,"height":427,"url":"https:\/\/www.lepetitarchive.com\/es\/wp-content\/uploads\/sites\/2\/2019\/05\/Foto-26-4-19-8-56-01.jpg","type":"image\/jpeg"}],"author":"admin","twitter_card":"summary_large_image","twitter_misc":{"Escrito por":"admin","Tiempo de lectura":"1 minuto"},"schema":{"@context":"https:\/\/schema.org","@graph":[{"@type":"WebPage","@id":"https:\/\/www.lepetitarchive.com\/es\/historia-jean-paul-gaultier-fw-95-mad-max-coleccion\/","url":"https:\/\/www.lepetitarchive.com\/es\/historia-jean-paul-gaultier-fw-95-mad-max-coleccion\/","name":"#COLECCIONES Jean Paul Gaultier FW 95 Mad Max - Le Petit Archive","isPartOf":{"@id":"http:\/\/www.lepetitarchive.com\/es\/#website"},"datePublished":"2019-05-22T09:58:31+00:00","dateModified":"2020-03-28T20:44:15+00:00","author":{"@id":"http:\/\/www.lepetitarchive.com\/es\/#\/schema\/person\/da91d3a94da64354fed6e9b07a3cbb56"},"description":"Te contamos la historia que hay detr\u00e1s de esta impresionante colecci\u00f3n del dise\u00f1ador franc\u00e9s, tambi\u00e9n conocido como el \"enfant terrible\".","breadcrumb":{"@id":"https:\/\/www.lepetitarchive.com\/es\/historia-jean-paul-gaultier-fw-95-mad-max-coleccion\/#breadcrumb"},"inLanguage":"es","potentialAction":[{"@type":"ReadAction","target":["https:\/\/www.lepetitarchive.com\/es\/historia-jean-paul-gaultier-fw-95-mad-max-coleccion\/"]}]},{"@type":"BreadcrumbList","@id":"https:\/\/www.lepetitarchive.com\/es\/historia-jean-paul-gaultier-fw-95-mad-max-coleccion\/#breadcrumb","itemListElement":[{"@type":"ListItem","position":1,"name":"Home","item":"http:\/\/www.lepetitarchive.com\/es\/"},{"@type":"ListItem","position":2,"name":"#COLECCIONES Jean Paul Gaultier FW 95 Mad Max"}]},{"@type":"WebSite","@id":"http:\/\/www.lepetitarchive.com\/es\/#website","url":"http:\/\/www.lepetitarchive.com\/es\/","name":"Le Petit Archive","description":"Free Fashion University","potentialAction":[{"@type":"SearchAction","target":{"@type":"EntryPoint","urlTemplate":"http:\/\/www.lepetitarchive.com\/es\/?s={search_term_string}"},"query-input":"required name=search_term_string"}],"inLanguage":"es"},{"@type":"Person","@id":"http:\/\/www.lepetitarchive.com\/es\/#\/schema\/person\/da91d3a94da64354fed6e9b07a3cbb56","name":"admin","image":{"@type":"ImageObject","inLanguage":"es","@id":"http:\/\/www.lepetitarchive.com\/es\/#\/schema\/person\/image\/","url":"https:\/\/secure.gravatar.com\/avatar\/102001135d8c70200f6c23d7cb883c24?s=96&d=mm&r=g","contentUrl":"https:\/\/secure.gravatar.com\/avatar\/102001135d8c70200f6c23d7cb883c24?s=96&d=mm&r=g","caption":"admin"},"url":"https:\/\/www.lepetitarchive.com\/es\/author\/admin\/"}]}},"_links":{"self":[{"href":"https:\/\/www.lepetitarchive.com\/es\/wp-json\/wp\/v2\/posts\/1591"}],"collection":[{"href":"https:\/\/www.lepetitarchive.com\/es\/wp-json\/wp\/v2\/posts"}],"about":[{"href":"https:\/\/www.lepetitarchive.com\/es\/wp-json\/wp\/v2\/types\/post"}],"author":[{"embeddable":true,"href":"https:\/\/www.lepetitarchive.com\/es\/wp-json\/wp\/v2\/users\/1"}],"replies":[{"embeddable":true,"href":"https:\/\/www.lepetitarchive.com\/es\/wp-json\/wp\/v2\/comments?post=1591"}],"version-history":[{"count":4,"href":"https:\/\/www.lepetitarchive.com\/es\/wp-json\/wp\/v2\/posts\/1591\/revisions"}],"predecessor-version":[{"id":4654,"href":"https:\/\/www.lepetitarchive.com\/es\/wp-json\/wp\/v2\/posts\/1591\/revisions\/4654"}],"wp:featuredmedia":[{"embeddable":true,"href":"https:\/\/www.lepetitarchive.com\/es\/wp-json\/wp\/v2\/media\/2587"}],"wp:attachment":[{"href":"https:\/\/www.lepetitarchive.com\/es\/wp-json\/wp\/v2\/media?parent=1591"}],"wp:term":[{"taxonomy":"category","embeddable":true,"href":"https:\/\/www.lepetitarchive.com\/es\/wp-json\/wp\/v2\/categories?post=1591"},{"taxonomy":"post_tag","embeddable":true,"href":"https:\/\/www.lepetitarchive.com\/es\/wp-json\/wp\/v2\/tags?post=1591"}],"curies":[{"name":"wp","href":"https:\/\/api.w.org\/{rel}","templated":true}]}}