{"id":780,"date":"2019-04-17T11:10:46","date_gmt":"2019-04-17T11:10:46","guid":{"rendered":"http:\/\/www.lepetitarchive.com\/?p=126"},"modified":"2020-03-18T21:57:48","modified_gmt":"2020-03-18T20:57:48","slug":"calvin-klein-fw-18-balaclava-raf-simons","status":"publish","type":"post","link":"http:\/\/www.lepetitarchive.com\/es\/calvin-klein-fw-18-balaclava-raf-simons\/","title":{"rendered":"#GARMENTS El Balaclava de Calvin Klein FW 18  dise\u00f1ado por Raf Simons"},"content":{"rendered":"\n<div style=\"height:20px\" aria-hidden=\"true\" class=\"wp-block-spacer\"><\/div>\n\n\n\n<div class=\"alignnormal\"><div id=\"metaslider-id-1834\" style=\"max-width: 500px; margin: 0 auto;\" class=\"ml-slider-3-60-1 metaslider metaslider-responsive metaslider-1834 ml-slider ms-theme-architekt has-dots-nav\" role=\"region\" aria-roledescription=\"Slideshow\" aria-label=\"CK balaclava FW 18\">\n    <div id=\"metaslider_container_1834\">\n        <ul id='metaslider_1834' class='rslides'>\n            <li aria-roledescription='slide' aria-labelledby='slide-0'><img loading=\"lazy\" decoding=\"async\" src=\"http:\/\/www.lepetitarchive.com\/es\/wp-content\/uploads\/sites\/2\/2019\/05\/1-500x500.jpg\" height=\"500\" width=\"500\" alt=\"Calvin Klein FW 18 Raf Simons balaclava\" class=\"slider-1834 slide-1984\" title=\"Calvin Klein FW 18 Raf Simons balaclava\" \/><\/li>\n            <li style='display: none;' aria-roledescription='slide' aria-labelledby='slide-1'><img loading=\"lazy\" decoding=\"async\" src=\"http:\/\/www.lepetitarchive.com\/es\/wp-content\/uploads\/sites\/2\/2019\/05\/4-500x500.jpg\" height=\"500\" width=\"500\" alt=\"asap rocky wearing Calvin Klein FW 18 Raf Simons balaclava\" class=\"slider-1834 slide-1986\" title=\"asap rocky wearing Calvin Klein FW 18 Raf Simons balaclava\" \/><\/li>\n            <li style='display: none;' aria-roledescription='slide' aria-labelledby='slide-2'><img loading=\"lazy\" decoding=\"async\" src=\"http:\/\/www.lepetitarchive.com\/es\/wp-content\/uploads\/sites\/2\/2019\/05\/3-500x500.jpg\" height=\"500\" width=\"500\" alt=\"Willy Vanderperre Calvin Klein FW 18 Raf Simons balaclava\" class=\"slider-1834 slide-1985\" title=\"Willy Vanderperre Calvin Klein FW 18 Raf Simons balaclava\" \/><\/li>\n        <\/ul>\n        \n    <\/div>\n<\/div><\/div>\n\n\n\n<div style=\"height:20px\" aria-hidden=\"true\" class=\"wp-block-spacer\"><\/div>\n\n\n\n<p>Es una pieza originada en la guerra de <strong>Crimea 1854<\/strong>. Las tropas brit\u00e1nicas no estaban acostumbradas a ese fr\u00edo exagerado y comenzaron a cubrir sus cabezas con este tipo de prendas.<\/p>\n\n\n\n<p>Podemos ver algunas&nbsp; fotos de la incre\u00edble campa\u00f1a fotografiada por <strong>Willy Vanderperre<\/strong>, la cual nos transporta a otro tipo de universo y nos hace parecer estar viendo marcianos.<\/p>\n\n\n\n<p>Muchas <strong>celebridades<\/strong> lo han vestido, como es el caso de Asap Rocky, Playboi Carti o Meek Mill, y estamos seguros de que va a ser un \u201cgrail\u201d eterno. Incluso sabiendo que es una pieza arriesgada que no mucha gente usar\u00eda.<\/p>\n\n\n\n<p>Escrito por <a href=\"https:\/\/www.instagram.com\/damnflackoyoukillinit\/\">Adri\u00e1n Lorca<\/a><\/p>\n","protected":false},"excerpt":{"rendered":"<p>Es una pieza originada en la guerra de Crimea 1854. Las tropas brit\u00e1nicas no estaban acostumbradas a ese fr\u00edo exagerado y comenzaron a cubrir sus cabezas con este tipo de prendas. Podemos ver algunas&nbsp; fotos de la incre\u00edble campa\u00f1a fotografiada por Willy Vanderperre, la cual nos transporta a otro tipo de universo y nos hace [&hellip;]<\/p>\n","protected":false},"author":1,"featured_media":457,"comment_status":"open","ping_status":"open","sticky":false,"template":"","format":"standard","meta":{"footnotes":""},"categories":[3],"tags":[329,328,165,330],"yoast_head":"<!-- This site is optimized with the Yoast SEO plugin v21.9.1 - https:\/\/yoast.com\/wordpress\/plugins\/seo\/ -->\n<title>#GARMENTS El Balaclava de Calvin Klein FW 18 dise\u00f1ado por Raf Simons - Le Petit Archive<\/title>\n<meta name=\"description\" content=\"Repasamos la historia sobre el Balaclava y sus origenes. Este item ha sido traido de vuelta por el dise\u00f1ador Raf Simons durante su paso por la casa Calvin Klein.\" \/>\n<meta name=\"robots\" content=\"index, follow, max-snippet:-1, max-image-preview:large, max-video-preview:-1\" \/>\n<link rel=\"canonical\" href=\"https:\/\/www.lepetitarchive.com\/es\/calvin-klein-fw-18-balaclava-raf-simons\/\" \/>\n<meta property=\"og:locale\" content=\"es_ES\" \/>\n<meta property=\"og:type\" content=\"article\" \/>\n<meta property=\"og:title\" content=\"#GARMENTS El Balaclava de Calvin Klein FW 18 dise\u00f1ado por Raf Simons - Le Petit Archive\" \/>\n<meta property=\"og:description\" content=\"Repasamos la historia sobre el Balaclava y sus origenes. Este item ha sido traido de vuelta por el dise\u00f1ador Raf Simons durante su paso por la casa Calvin Klein.\" \/>\n<meta property=\"og:url\" content=\"https:\/\/www.lepetitarchive.com\/es\/calvin-klein-fw-18-balaclava-raf-simons\/\" \/>\n<meta property=\"og:site_name\" content=\"Le Petit Archive\" \/>\n<meta property=\"article:published_time\" content=\"2019-04-17T11:10:46+00:00\" \/>\n<meta property=\"article:modified_time\" content=\"2020-03-18T20:57:48+00:00\" \/>\n<meta property=\"og:image\" content=\"https:\/\/www.lepetitarchive.com\/es\/wp-content\/uploads\/sites\/2\/2019\/04\/2-cuadricula-min.jpg\" \/>\n\t<meta property=\"og:image:width\" content=\"1125\" \/>\n\t<meta property=\"og:image:height\" content=\"1113\" \/>\n\t<meta property=\"og:image:type\" content=\"image\/jpeg\" \/>\n<meta name=\"author\" content=\"admin\" \/>\n<meta name=\"twitter:card\" content=\"summary_large_image\" \/>\n<meta name=\"twitter:label1\" content=\"Escrito por\" \/>\n\t<meta name=\"twitter:data1\" content=\"admin\" \/>\n\t<meta name=\"twitter:label2\" content=\"Tiempo de lectura\" \/>\n\t<meta name=\"twitter:data2\" content=\"1 minuto\" \/>\n<script type=\"application\/ld+json\" class=\"yoast-schema-graph\">{\"@context\":\"https:\/\/schema.org\",\"@graph\":[{\"@type\":\"WebPage\",\"@id\":\"https:\/\/www.lepetitarchive.com\/es\/calvin-klein-fw-18-balaclava-raf-simons\/\",\"url\":\"https:\/\/www.lepetitarchive.com\/es\/calvin-klein-fw-18-balaclava-raf-simons\/\",\"name\":\"#GARMENTS El Balaclava de Calvin Klein FW 18 dise\u00f1ado por Raf Simons - Le Petit Archive\",\"isPartOf\":{\"@id\":\"https:\/\/www.lepetitarchive.com\/es\/#website\"},\"datePublished\":\"2019-04-17T11:10:46+00:00\",\"dateModified\":\"2020-03-18T20:57:48+00:00\",\"author\":{\"@id\":\"https:\/\/www.lepetitarchive.com\/es\/#\/schema\/person\/da91d3a94da64354fed6e9b07a3cbb56\"},\"description\":\"Repasamos la historia sobre el Balaclava y sus origenes. Este item ha sido traido de vuelta por el dise\u00f1ador Raf Simons durante su paso por la casa Calvin Klein.\",\"breadcrumb\":{\"@id\":\"https:\/\/www.lepetitarchive.com\/es\/calvin-klein-fw-18-balaclava-raf-simons\/#breadcrumb\"},\"inLanguage\":\"es\",\"potentialAction\":[{\"@type\":\"ReadAction\",\"target\":[\"https:\/\/www.lepetitarchive.com\/es\/calvin-klein-fw-18-balaclava-raf-simons\/\"]}]},{\"@type\":\"BreadcrumbList\",\"@id\":\"https:\/\/www.lepetitarchive.com\/es\/calvin-klein-fw-18-balaclava-raf-simons\/#breadcrumb\",\"itemListElement\":[{\"@type\":\"ListItem\",\"position\":1,\"name\":\"Home\",\"item\":\"https:\/\/www.lepetitarchive.com\/es\/\"},{\"@type\":\"ListItem\",\"position\":2,\"name\":\"#GARMENTS El Balaclava de Calvin Klein FW 18 dise\u00f1ado por Raf Simons\"}]},{\"@type\":\"WebSite\",\"@id\":\"https:\/\/www.lepetitarchive.com\/es\/#website\",\"url\":\"https:\/\/www.lepetitarchive.com\/es\/\",\"name\":\"Le Petit Archive\",\"description\":\"Free Fashion University\",\"potentialAction\":[{\"@type\":\"SearchAction\",\"target\":{\"@type\":\"EntryPoint\",\"urlTemplate\":\"https:\/\/www.lepetitarchive.com\/es\/?s={search_term_string}\"},\"query-input\":\"required name=search_term_string\"}],\"inLanguage\":\"es\"},{\"@type\":\"Person\",\"@id\":\"https:\/\/www.lepetitarchive.com\/es\/#\/schema\/person\/da91d3a94da64354fed6e9b07a3cbb56\",\"name\":\"admin\",\"image\":{\"@type\":\"ImageObject\",\"inLanguage\":\"es\",\"@id\":\"https:\/\/www.lepetitarchive.com\/es\/#\/schema\/person\/image\/\",\"url\":\"http:\/\/1.gravatar.com\/avatar\/102001135d8c70200f6c23d7cb883c24?s=96&d=mm&r=g\",\"contentUrl\":\"http:\/\/1.gravatar.com\/avatar\/102001135d8c70200f6c23d7cb883c24?s=96&d=mm&r=g\",\"caption\":\"admin\"},\"url\":\"http:\/\/www.lepetitarchive.com\/es\/author\/admin\/\"}]}<\/script>\n<!-- \/ Yoast SEO plugin. -->","yoast_head_json":{"title":"#GARMENTS El Balaclava de Calvin Klein FW 18 dise\u00f1ado por Raf Simons - Le Petit Archive","description":"Repasamos la historia sobre el Balaclava y sus origenes. Este item ha sido traido de vuelta por el dise\u00f1ador Raf Simons durante su paso por la casa Calvin Klein.","robots":{"index":"index","follow":"follow","max-snippet":"max-snippet:-1","max-image-preview":"max-image-preview:large","max-video-preview":"max-video-preview:-1"},"canonical":"https:\/\/www.lepetitarchive.com\/es\/calvin-klein-fw-18-balaclava-raf-simons\/","og_locale":"es_ES","og_type":"article","og_title":"#GARMENTS El Balaclava de Calvin Klein FW 18 dise\u00f1ado por Raf Simons - Le Petit Archive","og_description":"Repasamos la historia sobre el Balaclava y sus origenes. Este item ha sido traido de vuelta por el dise\u00f1ador Raf Simons durante su paso por la casa Calvin Klein.","og_url":"https:\/\/www.lepetitarchive.com\/es\/calvin-klein-fw-18-balaclava-raf-simons\/","og_site_name":"Le Petit Archive","article_published_time":"2019-04-17T11:10:46+00:00","article_modified_time":"2020-03-18T20:57:48+00:00","og_image":[{"width":1125,"height":1113,"url":"https:\/\/www.lepetitarchive.com\/es\/wp-content\/uploads\/sites\/2\/2019\/04\/2-cuadricula-min.jpg","type":"image\/jpeg"}],"author":"admin","twitter_card":"summary_large_image","twitter_misc":{"Escrito por":"admin","Tiempo de lectura":"1 minuto"},"schema":{"@context":"https:\/\/schema.org","@graph":[{"@type":"WebPage","@id":"https:\/\/www.lepetitarchive.com\/es\/calvin-klein-fw-18-balaclava-raf-simons\/","url":"https:\/\/www.lepetitarchive.com\/es\/calvin-klein-fw-18-balaclava-raf-simons\/","name":"#GARMENTS El Balaclava de Calvin Klein FW 18 dise\u00f1ado por Raf Simons - Le Petit Archive","isPartOf":{"@id":"https:\/\/www.lepetitarchive.com\/es\/#website"},"datePublished":"2019-04-17T11:10:46+00:00","dateModified":"2020-03-18T20:57:48+00:00","author":{"@id":"https:\/\/www.lepetitarchive.com\/es\/#\/schema\/person\/da91d3a94da64354fed6e9b07a3cbb56"},"description":"Repasamos la historia sobre el Balaclava y sus origenes. Este item ha sido traido de vuelta por el dise\u00f1ador Raf Simons durante su paso por la casa Calvin Klein.","breadcrumb":{"@id":"https:\/\/www.lepetitarchive.com\/es\/calvin-klein-fw-18-balaclava-raf-simons\/#breadcrumb"},"inLanguage":"es","potentialAction":[{"@type":"ReadAction","target":["https:\/\/www.lepetitarchive.com\/es\/calvin-klein-fw-18-balaclava-raf-simons\/"]}]},{"@type":"BreadcrumbList","@id":"https:\/\/www.lepetitarchive.com\/es\/calvin-klein-fw-18-balaclava-raf-simons\/#breadcrumb","itemListElement":[{"@type":"ListItem","position":1,"name":"Home","item":"https:\/\/www.lepetitarchive.com\/es\/"},{"@type":"ListItem","position":2,"name":"#GARMENTS El Balaclava de Calvin Klein FW 18 dise\u00f1ado por Raf Simons"}]},{"@type":"WebSite","@id":"https:\/\/www.lepetitarchive.com\/es\/#website","url":"https:\/\/www.lepetitarchive.com\/es\/","name":"Le Petit Archive","description":"Free Fashion University","potentialAction":[{"@type":"SearchAction","target":{"@type":"EntryPoint","urlTemplate":"https:\/\/www.lepetitarchive.com\/es\/?s={search_term_string}"},"query-input":"required name=search_term_string"}],"inLanguage":"es"},{"@type":"Person","@id":"https:\/\/www.lepetitarchive.com\/es\/#\/schema\/person\/da91d3a94da64354fed6e9b07a3cbb56","name":"admin","image":{"@type":"ImageObject","inLanguage":"es","@id":"https:\/\/www.lepetitarchive.com\/es\/#\/schema\/person\/image\/","url":"http:\/\/1.gravatar.com\/avatar\/102001135d8c70200f6c23d7cb883c24?s=96&d=mm&r=g","contentUrl":"http:\/\/1.gravatar.com\/avatar\/102001135d8c70200f6c23d7cb883c24?s=96&d=mm&r=g","caption":"admin"},"url":"http:\/\/www.lepetitarchive.com\/es\/author\/admin\/"}]}},"_links":{"self":[{"href":"http:\/\/www.lepetitarchive.com\/es\/wp-json\/wp\/v2\/posts\/780"}],"collection":[{"href":"http:\/\/www.lepetitarchive.com\/es\/wp-json\/wp\/v2\/posts"}],"about":[{"href":"http:\/\/www.lepetitarchive.com\/es\/wp-json\/wp\/v2\/types\/post"}],"author":[{"embeddable":true,"href":"http:\/\/www.lepetitarchive.com\/es\/wp-json\/wp\/v2\/users\/1"}],"replies":[{"embeddable":true,"href":"http:\/\/www.lepetitarchive.com\/es\/wp-json\/wp\/v2\/comments?post=780"}],"version-history":[{"count":4,"href":"http:\/\/www.lepetitarchive.com\/es\/wp-json\/wp\/v2\/posts\/780\/revisions"}],"predecessor-version":[{"id":4394,"href":"http:\/\/www.lepetitarchive.com\/es\/wp-json\/wp\/v2\/posts\/780\/revisions\/4394"}],"wp:featuredmedia":[{"embeddable":true,"href":"http:\/\/www.lepetitarchive.com\/es\/wp-json\/wp\/v2\/media\/457"}],"wp:attachment":[{"href":"http:\/\/www.lepetitarchive.com\/es\/wp-json\/wp\/v2\/media?parent=780"}],"wp:term":[{"taxonomy":"category","embeddable":true,"href":"http:\/\/www.lepetitarchive.com\/es\/wp-json\/wp\/v2\/categories?post=780"},{"taxonomy":"post_tag","embeddable":true,"href":"http:\/\/www.lepetitarchive.com\/es\/wp-json\/wp\/v2\/tags?post=780"}],"curies":[{"name":"wp","href":"https:\/\/api.w.org\/{rel}","templated":true}]}}