{"id":4844,"date":"2020-04-09T13:39:56","date_gmt":"2020-04-09T11:39:56","guid":{"rendered":"http:\/\/www.lepetitarchive.com\/es\/?p=4844"},"modified":"2020-04-09T13:43:19","modified_gmt":"2020-04-09T11:43:19","slug":"fashionphotography-el-legado-de-los-sorrenti","status":"publish","type":"post","link":"http:\/\/www.lepetitarchive.com\/es\/fashionphotography-el-legado-de-los-sorrenti\/","title":{"rendered":"#FASHIONPHOTOGRAPHY El legado de Los Sorrenti"},"content":{"rendered":"\n<div style=\"height:20px\" aria-hidden=\"true\" class=\"wp-block-spacer\"><\/div>\n\n\n\n<div class=\"alignnormal\"><div id=\"metaslider-id-4856\" style=\"max-width: 500px; margin: 0 auto;\" class=\"ml-slider-3-60-1 metaslider metaslider-flex metaslider-4856 ml-slider ms-theme-architekt has-dots-nav\" role=\"region\" aria-roledescription=\"Slideshow\" aria-label=\"sorrenti\">\n    <div id=\"metaslider_container_4856\">\n        <div id=\"metaslider_4856\">\n            <ul aria-live=\"polite\" class=\"slides\">\n                <li style=\"display: block; width: 100%;\" class=\"slide-4858 ms-image\" aria-roledescription=\"slide\" aria-label=\"slide-4858\"><img loading=\"lazy\" decoding=\"async\" src=\"http:\/\/www.lepetitarchive.com\/es\/wp-content\/uploads\/sites\/2\/2020\/04\/Foto-8-4-20-20-57-22-500x500.jpg\" height=\"500\" width=\"500\" alt=\"familia sorrenti historia fotografia moda\" class=\"slider-4856 slide-4858\" title=\"familia sorrenti historia fotografia moda\" \/><\/li>\n                <li style=\"display: none; width: 100%;\" class=\"slide-4859 ms-image\" aria-roledescription=\"slide\" aria-label=\"slide-4859\"><img loading=\"lazy\" decoding=\"async\" src=\"http:\/\/www.lepetitarchive.com\/es\/wp-content\/uploads\/sites\/2\/2020\/04\/Foto-8-4-20-20-57-32-500x500.jpg\" height=\"500\" width=\"500\" alt=\"familia sorrenti historia fotografia moda\" class=\"slider-4856 slide-4859\" title=\"familia sorrenti historia fotografia moda\" \/><\/li>\n                <li style=\"display: none; width: 100%;\" class=\"slide-4860 ms-image\" aria-roledescription=\"slide\" aria-label=\"slide-4860\"><img loading=\"lazy\" decoding=\"async\" src=\"http:\/\/www.lepetitarchive.com\/es\/wp-content\/uploads\/sites\/2\/2020\/04\/Foto-8-4-20-20-57-43-500x500.jpg\" height=\"500\" width=\"500\" alt=\"familia sorrenti historia fotografia moda\" class=\"slider-4856 slide-4860\" title=\"familia sorrenti historia fotografia moda\" \/><\/li>\n                <li style=\"display: none; width: 100%;\" class=\"slide-4861 ms-image\" aria-roledescription=\"slide\" aria-label=\"slide-4861\"><img loading=\"lazy\" decoding=\"async\" src=\"http:\/\/www.lepetitarchive.com\/es\/wp-content\/uploads\/sites\/2\/2020\/04\/Foto-8-4-20-20-57-59-500x500.jpg\" height=\"500\" width=\"500\" alt=\"familia sorrenti historia fotografia moda\" class=\"slider-4856 slide-4861\" title=\"familia sorrenti historia fotografia moda\" \/><\/li>\n                <li style=\"display: none; width: 100%;\" class=\"slide-4862 ms-image\" aria-roledescription=\"slide\" aria-label=\"slide-4862\"><img loading=\"lazy\" decoding=\"async\" src=\"http:\/\/www.lepetitarchive.com\/es\/wp-content\/uploads\/sites\/2\/2020\/04\/Foto-8-4-20-20-58-14.jpg\" height=\"500\" width=\"500\" alt=\"familia sorrenti historia fotografia moda\" class=\"slider-4856 slide-4862\" title=\"familia sorrenti historia fotografia moda\" \/><\/li>\n                <li style=\"display: none; width: 100%;\" class=\"slide-4863 ms-image\" aria-roledescription=\"slide\" aria-label=\"slide-4863\"><img loading=\"lazy\" decoding=\"async\" src=\"http:\/\/www.lepetitarchive.com\/es\/wp-content\/uploads\/sites\/2\/2020\/04\/Foto-8-4-20-20-58-25-500x500.jpg\" height=\"500\" width=\"500\" alt=\"familia sorrenti historia fotografia moda\" class=\"slider-4856 slide-4863\" title=\"familia sorrenti historia fotografia moda\" \/><\/li>\n                <li style=\"display: none; width: 100%;\" class=\"slide-4864 ms-image\" aria-roledescription=\"slide\" aria-label=\"slide-4864\"><img loading=\"lazy\" decoding=\"async\" src=\"http:\/\/www.lepetitarchive.com\/es\/wp-content\/uploads\/sites\/2\/2020\/04\/Foto-8-4-20-20-58-36-500x500.jpg\" height=\"500\" width=\"500\" alt=\"familia sorrenti historia fotografia moda\" class=\"slider-4856 slide-4864\" title=\"familia sorrenti historia fotografia moda\" \/><\/li>\n                <li style=\"display: none; width: 100%;\" class=\"slide-4865 ms-image\" aria-roledescription=\"slide\" aria-label=\"slide-4865\"><img loading=\"lazy\" decoding=\"async\" src=\"http:\/\/www.lepetitarchive.com\/es\/wp-content\/uploads\/sites\/2\/2020\/04\/Foto-8-4-20-20-58-47-500x500.jpg\" height=\"500\" width=\"500\" alt=\"familia sorrenti historia fotografia moda\" class=\"slider-4856 slide-4865\" title=\"familia sorrenti historia fotografia moda\" \/><\/li>\n                <li style=\"display: none; width: 100%;\" class=\"slide-4866 ms-image\" aria-roledescription=\"slide\" aria-label=\"slide-4866\"><img loading=\"lazy\" decoding=\"async\" src=\"http:\/\/www.lepetitarchive.com\/es\/wp-content\/uploads\/sites\/2\/2020\/04\/Foto-8-4-20-20-59-11-500x500.jpg\" height=\"500\" width=\"500\" alt=\"familia sorrenti historia fotografia moda\" class=\"slider-4856 slide-4866\" title=\"familia sorrenti historia fotografia moda\" \/><\/li>\n            <\/ul>\n        <\/div>\n        \n    <\/div>\n<\/div><\/div>\n\n\n\n<div style=\"height:20px\" aria-hidden=\"true\" class=\"wp-block-spacer\"><\/div>\n\n\n\n<p>Uno de los apellidos m\u00e1s ic\u00f3nicos dentro del mundo de la moda es el de los <strong>hermanos Sorrenti, formado por Mario, Vanina y Davide<\/strong>. Hijos de la fot\u00f3grafa y estilista Francesca Sorrenti.<\/p>\n\n\n\n<p>Nacidos y criados en N\u00e1poles (Italia), partieron a la ciudad de Nueva York en plena adolescencia debido a las necesidades sanitarias del menor de ellos, Davide. Este, padec\u00eda una enfermedad conocida como <strong>Talasemia.<\/strong><\/p>\n\n\n\n<p>Siempre rodeados por el arte y la libertad dentro de su familia, estos j\u00f3venes exploraron los conceptos de la belleza y el arte desde bien temprano, siendo conducidos al camino de la fotograf\u00eda como un suceso natural.<\/p>\n\n\n\n<p>En NY pudieron enriquecerse de nuevas disciplinas como el Grafiti, y adquirir la crudeza visual de las calles. <strong>Davide falleci\u00f3 con la edad de tan solo 20 a\u00f1o<\/strong>s, pero a pesar de su juventud, ya hab\u00eda trabajado para importantes revista y creado la est\u00e9tica que conocemos hoy en d\u00eda como <strong>\u201cHeroin Chic\u201d<\/strong>. La causa de la muerte? el uso de drogas que mezclado a su enfermedad, su cuerpo no pudo soportar.<\/p>\n\n\n\n<p>Hoy en d\u00eda, sus hermanos, son dos de los fot\u00f3grafos m\u00e1s respetados de la industria. Como dato curioso, Mario tuvo una relaci\u00f3n con la modelo <strong>Kate Moss<\/strong>, y tiene un libro de fotos de ella publicado, con el nombre de \u201cKATE\u201d.<\/p>\n\n\n\n<p>Escrito por <a href=\"https:\/\/www.instagram.com\/damnflackoyoukillinit\/\">Adri\u00e1n Lorca<\/a><\/p>\n\n\n\n<div style=\"height:20px\" aria-hidden=\"true\" class=\"wp-block-spacer\"><\/div>\n\n\n\n<figure class=\"wp-block-embed-youtube wp-block-embed is-type-video is-provider-youtube wp-embed-aspect-16-9 wp-has-aspect-ratio\"><div class=\"wp-block-embed__wrapper\">\n<iframe loading=\"lazy\" title=\"See Know Evil - Trailer\" width=\"1140\" height=\"641\" src=\"https:\/\/www.youtube.com\/embed\/D6UTA5nMQH0?feature=oembed\" frameborder=\"0\" allow=\"accelerometer; autoplay; encrypted-media; gyroscope; picture-in-picture\" allowfullscreen><\/iframe>\n<\/div><\/figure>\n","protected":false},"excerpt":{"rendered":"<p>Uno de los apellidos m\u00e1s ic\u00f3nicos dentro del mundo de la moda es el de los hermanos Sorrenti, formado por Mario, Vanina y Davide. Hijos de la fot\u00f3grafa y estilista Francesca Sorrenti. Nacidos y criados en N\u00e1poles (Italia), partieron a la ciudad de Nueva York en plena adolescencia debido a las necesidades sanitarias del menor [&hellip;]<\/p>\n","protected":false},"author":1,"featured_media":4845,"comment_status":"open","ping_status":"open","sticky":false,"template":"","format":"standard","meta":{"footnotes":""},"categories":[3],"tags":[457,458,456,459],"yoast_head":"<!-- This site is optimized with the Yoast SEO plugin v21.9.1 - https:\/\/yoast.com\/wordpress\/plugins\/seo\/ -->\n<title>#FASHIONPHOTOGRAPHY El legado de Los Sorrenti - Le Petit Archive<\/title>\n<meta name=\"description\" content=\"Te contamos la historia sobre esta familia de fot\u00f3grafos nacidos en Italia y criados en Am\u00e9rica que han cambiado la forma en la que vemos la fotograf\u00eda.\" \/>\n<meta name=\"robots\" content=\"index, follow, max-snippet:-1, max-image-preview:large, max-video-preview:-1\" \/>\n<link rel=\"canonical\" href=\"http:\/\/www.lepetitarchive.com\/es\/fashionphotography-el-legado-de-los-sorrenti\/\" \/>\n<meta property=\"og:locale\" content=\"es_ES\" \/>\n<meta property=\"og:type\" content=\"article\" \/>\n<meta property=\"og:title\" content=\"#FASHIONPHOTOGRAPHY El legado de Los Sorrenti - Le Petit Archive\" \/>\n<meta property=\"og:description\" content=\"Te contamos la historia sobre esta familia de fot\u00f3grafos nacidos en Italia y criados en Am\u00e9rica que han cambiado la forma en la que vemos la fotograf\u00eda.\" \/>\n<meta property=\"og:url\" content=\"http:\/\/www.lepetitarchive.com\/es\/fashionphotography-el-legado-de-los-sorrenti\/\" \/>\n<meta property=\"og:site_name\" content=\"Le Petit Archive\" \/>\n<meta property=\"article:published_time\" content=\"2020-04-09T11:39:56+00:00\" \/>\n<meta property=\"article:modified_time\" content=\"2020-04-09T11:43:19+00:00\" \/>\n<meta property=\"og:image\" content=\"http:\/\/www.lepetitarchive.com\/es\/wp-content\/uploads\/sites\/2\/2020\/04\/cabecera-4.jpg\" \/>\n\t<meta property=\"og:image:width\" content=\"400\" \/>\n\t<meta property=\"og:image:height\" content=\"225\" \/>\n\t<meta property=\"og:image:type\" content=\"image\/jpeg\" \/>\n<meta name=\"author\" content=\"admin\" \/>\n<meta name=\"twitter:card\" content=\"summary_large_image\" \/>\n<meta name=\"twitter:label1\" content=\"Escrito por\" \/>\n\t<meta name=\"twitter:data1\" content=\"admin\" \/>\n\t<meta name=\"twitter:label2\" content=\"Tiempo de lectura\" \/>\n\t<meta name=\"twitter:data2\" content=\"1 minuto\" \/>\n<script type=\"application\/ld+json\" class=\"yoast-schema-graph\">{\"@context\":\"https:\/\/schema.org\",\"@graph\":[{\"@type\":\"WebPage\",\"@id\":\"http:\/\/www.lepetitarchive.com\/es\/fashionphotography-el-legado-de-los-sorrenti\/\",\"url\":\"http:\/\/www.lepetitarchive.com\/es\/fashionphotography-el-legado-de-los-sorrenti\/\",\"name\":\"#FASHIONPHOTOGRAPHY El legado de Los Sorrenti - Le Petit Archive\",\"isPartOf\":{\"@id\":\"http:\/\/www.lepetitarchive.com\/es\/#website\"},\"datePublished\":\"2020-04-09T11:39:56+00:00\",\"dateModified\":\"2020-04-09T11:43:19+00:00\",\"author\":{\"@id\":\"http:\/\/www.lepetitarchive.com\/es\/#\/schema\/person\/da91d3a94da64354fed6e9b07a3cbb56\"},\"description\":\"Te contamos la historia sobre esta familia de fot\u00f3grafos nacidos en Italia y criados en Am\u00e9rica que han cambiado la forma en la que vemos la fotograf\u00eda.\",\"breadcrumb\":{\"@id\":\"http:\/\/www.lepetitarchive.com\/es\/fashionphotography-el-legado-de-los-sorrenti\/#breadcrumb\"},\"inLanguage\":\"es\",\"potentialAction\":[{\"@type\":\"ReadAction\",\"target\":[\"http:\/\/www.lepetitarchive.com\/es\/fashionphotography-el-legado-de-los-sorrenti\/\"]}]},{\"@type\":\"BreadcrumbList\",\"@id\":\"http:\/\/www.lepetitarchive.com\/es\/fashionphotography-el-legado-de-los-sorrenti\/#breadcrumb\",\"itemListElement\":[{\"@type\":\"ListItem\",\"position\":1,\"name\":\"Home\",\"item\":\"http:\/\/www.lepetitarchive.com\/es\/\"},{\"@type\":\"ListItem\",\"position\":2,\"name\":\"#FASHIONPHOTOGRAPHY El legado de Los Sorrenti\"}]},{\"@type\":\"WebSite\",\"@id\":\"http:\/\/www.lepetitarchive.com\/es\/#website\",\"url\":\"http:\/\/www.lepetitarchive.com\/es\/\",\"name\":\"Le Petit Archive\",\"description\":\"Free Fashion University\",\"potentialAction\":[{\"@type\":\"SearchAction\",\"target\":{\"@type\":\"EntryPoint\",\"urlTemplate\":\"http:\/\/www.lepetitarchive.com\/es\/?s={search_term_string}\"},\"query-input\":\"required name=search_term_string\"}],\"inLanguage\":\"es\"},{\"@type\":\"Person\",\"@id\":\"http:\/\/www.lepetitarchive.com\/es\/#\/schema\/person\/da91d3a94da64354fed6e9b07a3cbb56\",\"name\":\"admin\",\"image\":{\"@type\":\"ImageObject\",\"inLanguage\":\"es\",\"@id\":\"http:\/\/www.lepetitarchive.com\/es\/#\/schema\/person\/image\/\",\"url\":\"http:\/\/1.gravatar.com\/avatar\/102001135d8c70200f6c23d7cb883c24?s=96&d=mm&r=g\",\"contentUrl\":\"http:\/\/1.gravatar.com\/avatar\/102001135d8c70200f6c23d7cb883c24?s=96&d=mm&r=g\",\"caption\":\"admin\"},\"url\":\"http:\/\/www.lepetitarchive.com\/es\/author\/admin\/\"}]}<\/script>\n<!-- \/ Yoast SEO plugin. -->","yoast_head_json":{"title":"#FASHIONPHOTOGRAPHY El legado de Los Sorrenti - Le Petit Archive","description":"Te contamos la historia sobre esta familia de fot\u00f3grafos nacidos en Italia y criados en Am\u00e9rica que han cambiado la forma en la que vemos la fotograf\u00eda.","robots":{"index":"index","follow":"follow","max-snippet":"max-snippet:-1","max-image-preview":"max-image-preview:large","max-video-preview":"max-video-preview:-1"},"canonical":"http:\/\/www.lepetitarchive.com\/es\/fashionphotography-el-legado-de-los-sorrenti\/","og_locale":"es_ES","og_type":"article","og_title":"#FASHIONPHOTOGRAPHY El legado de Los Sorrenti - Le Petit Archive","og_description":"Te contamos la historia sobre esta familia de fot\u00f3grafos nacidos en Italia y criados en Am\u00e9rica que han cambiado la forma en la que vemos la fotograf\u00eda.","og_url":"http:\/\/www.lepetitarchive.com\/es\/fashionphotography-el-legado-de-los-sorrenti\/","og_site_name":"Le Petit Archive","article_published_time":"2020-04-09T11:39:56+00:00","article_modified_time":"2020-04-09T11:43:19+00:00","og_image":[{"width":400,"height":225,"url":"http:\/\/www.lepetitarchive.com\/es\/wp-content\/uploads\/sites\/2\/2020\/04\/cabecera-4.jpg","type":"image\/jpeg"}],"author":"admin","twitter_card":"summary_large_image","twitter_misc":{"Escrito por":"admin","Tiempo de lectura":"1 minuto"},"schema":{"@context":"https:\/\/schema.org","@graph":[{"@type":"WebPage","@id":"http:\/\/www.lepetitarchive.com\/es\/fashionphotography-el-legado-de-los-sorrenti\/","url":"http:\/\/www.lepetitarchive.com\/es\/fashionphotography-el-legado-de-los-sorrenti\/","name":"#FASHIONPHOTOGRAPHY El legado de Los Sorrenti - Le Petit Archive","isPartOf":{"@id":"http:\/\/www.lepetitarchive.com\/es\/#website"},"datePublished":"2020-04-09T11:39:56+00:00","dateModified":"2020-04-09T11:43:19+00:00","author":{"@id":"http:\/\/www.lepetitarchive.com\/es\/#\/schema\/person\/da91d3a94da64354fed6e9b07a3cbb56"},"description":"Te contamos la historia sobre esta familia de fot\u00f3grafos nacidos en Italia y criados en Am\u00e9rica que han cambiado la forma en la que vemos la fotograf\u00eda.","breadcrumb":{"@id":"http:\/\/www.lepetitarchive.com\/es\/fashionphotography-el-legado-de-los-sorrenti\/#breadcrumb"},"inLanguage":"es","potentialAction":[{"@type":"ReadAction","target":["http:\/\/www.lepetitarchive.com\/es\/fashionphotography-el-legado-de-los-sorrenti\/"]}]},{"@type":"BreadcrumbList","@id":"http:\/\/www.lepetitarchive.com\/es\/fashionphotography-el-legado-de-los-sorrenti\/#breadcrumb","itemListElement":[{"@type":"ListItem","position":1,"name":"Home","item":"http:\/\/www.lepetitarchive.com\/es\/"},{"@type":"ListItem","position":2,"name":"#FASHIONPHOTOGRAPHY El legado de Los Sorrenti"}]},{"@type":"WebSite","@id":"http:\/\/www.lepetitarchive.com\/es\/#website","url":"http:\/\/www.lepetitarchive.com\/es\/","name":"Le Petit Archive","description":"Free Fashion University","potentialAction":[{"@type":"SearchAction","target":{"@type":"EntryPoint","urlTemplate":"http:\/\/www.lepetitarchive.com\/es\/?s={search_term_string}"},"query-input":"required name=search_term_string"}],"inLanguage":"es"},{"@type":"Person","@id":"http:\/\/www.lepetitarchive.com\/es\/#\/schema\/person\/da91d3a94da64354fed6e9b07a3cbb56","name":"admin","image":{"@type":"ImageObject","inLanguage":"es","@id":"http:\/\/www.lepetitarchive.com\/es\/#\/schema\/person\/image\/","url":"http:\/\/1.gravatar.com\/avatar\/102001135d8c70200f6c23d7cb883c24?s=96&d=mm&r=g","contentUrl":"http:\/\/1.gravatar.com\/avatar\/102001135d8c70200f6c23d7cb883c24?s=96&d=mm&r=g","caption":"admin"},"url":"http:\/\/www.lepetitarchive.com\/es\/author\/admin\/"}]}},"_links":{"self":[{"href":"http:\/\/www.lepetitarchive.com\/es\/wp-json\/wp\/v2\/posts\/4844"}],"collection":[{"href":"http:\/\/www.lepetitarchive.com\/es\/wp-json\/wp\/v2\/posts"}],"about":[{"href":"http:\/\/www.lepetitarchive.com\/es\/wp-json\/wp\/v2\/types\/post"}],"author":[{"embeddable":true,"href":"http:\/\/www.lepetitarchive.com\/es\/wp-json\/wp\/v2\/users\/1"}],"replies":[{"embeddable":true,"href":"http:\/\/www.lepetitarchive.com\/es\/wp-json\/wp\/v2\/comments?post=4844"}],"version-history":[{"count":2,"href":"http:\/\/www.lepetitarchive.com\/es\/wp-json\/wp\/v2\/posts\/4844\/revisions"}],"predecessor-version":[{"id":4868,"href":"http:\/\/www.lepetitarchive.com\/es\/wp-json\/wp\/v2\/posts\/4844\/revisions\/4868"}],"wp:featuredmedia":[{"embeddable":true,"href":"http:\/\/www.lepetitarchive.com\/es\/wp-json\/wp\/v2\/media\/4845"}],"wp:attachment":[{"href":"http:\/\/www.lepetitarchive.com\/es\/wp-json\/wp\/v2\/media?parent=4844"}],"wp:term":[{"taxonomy":"category","embeddable":true,"href":"http:\/\/www.lepetitarchive.com\/es\/wp-json\/wp\/v2\/categories?post=4844"},{"taxonomy":"post_tag","embeddable":true,"href":"http:\/\/www.lepetitarchive.com\/es\/wp-json\/wp\/v2\/tags?post=4844"}],"curies":[{"name":"wp","href":"https:\/\/api.w.org\/{rel}","templated":true}]}}