{"id":4764,"date":"2020-04-06T16:14:39","date_gmt":"2020-04-06T14:14:39","guid":{"rendered":"http:\/\/www.lepetitarchive.com\/es\/?p=4764"},"modified":"2020-04-09T12:54:28","modified_gmt":"2020-04-09T10:54:28","slug":"designerbio-miguel-adrover","status":"publish","type":"post","link":"http:\/\/www.lepetitarchive.com\/es\/designerbio-miguel-adrover\/","title":{"rendered":"#DESIGNERBIO Revoluci\u00f3n &#038; Miguel Adrover"},"content":{"rendered":"\n<div style=\"height:20px\" aria-hidden=\"true\" class=\"wp-block-spacer\"><\/div>\n\n\n\n<div class=\"alignnormal\"><div id=\"metaslider-id-4796\" style=\"max-width: 500px; margin: 0 auto;\" class=\"ml-slider-3-60-1 metaslider metaslider-flex metaslider-4796 ml-slider ms-theme-architekt has-dots-nav\" role=\"region\" aria-roledescription=\"Slideshow\" aria-label=\"adrover\">\n    <div id=\"metaslider_container_4796\">\n        <div id=\"metaslider_4796\">\n            <ul aria-live=\"polite\" class=\"slides\">\n                <li style=\"display: block; width: 100%;\" class=\"slide-4808 ms-image\" aria-roledescription=\"slide\" aria-label=\"slide-4808\"><img loading=\"lazy\" decoding=\"async\" src=\"http:\/\/www.lepetitarchive.com\/es\/wp-content\/uploads\/sites\/2\/2020\/04\/Foto-6-4-20-16-27-14-500x500.jpg\" height=\"500\" width=\"500\" alt=\"miguel adrover biograf\u00eda designer\" class=\"slider-4796 slide-4808\" title=\"miguel adrover biograf\u00eda designer\" \/><\/li>\n                <li style=\"display: none; width: 100%;\" class=\"slide-4809 ms-image\" aria-roledescription=\"slide\" aria-label=\"slide-4809\"><img loading=\"lazy\" decoding=\"async\" src=\"http:\/\/www.lepetitarchive.com\/es\/wp-content\/uploads\/sites\/2\/2020\/04\/Foto-6-4-20-16-27-27-500x500.jpg\" height=\"500\" width=\"500\" alt=\"miguel adrover biograf\u00eda designer\" class=\"slider-4796 slide-4809\" title=\"miguel adrover biograf\u00eda designer\" \/><\/li>\n                <li style=\"display: none; width: 100%;\" class=\"slide-4810 ms-image\" aria-roledescription=\"slide\" aria-label=\"slide-4810\"><img loading=\"lazy\" decoding=\"async\" src=\"http:\/\/www.lepetitarchive.com\/es\/wp-content\/uploads\/sites\/2\/2020\/04\/Foto-6-4-20-16-27-40-500x500.jpg\" height=\"500\" width=\"500\" alt=\"miguel adrover biograf\u00eda designer\" class=\"slider-4796 slide-4810\" title=\"miguel adrover biograf\u00eda designer\" \/><\/li>\n                <li style=\"display: none; width: 100%;\" class=\"slide-4811 ms-image\" aria-roledescription=\"slide\" aria-label=\"slide-4811\"><img loading=\"lazy\" decoding=\"async\" src=\"http:\/\/www.lepetitarchive.com\/es\/wp-content\/uploads\/sites\/2\/2020\/04\/Foto-6-4-20-16-27-58-500x500.jpg\" height=\"500\" width=\"500\" alt=\"miguel adrover biograf\u00eda designer\" class=\"slider-4796 slide-4811\" title=\"miguel adrover biograf\u00eda designer\" \/><\/li>\n                <li style=\"display: none; width: 100%;\" class=\"slide-4812 ms-image\" aria-roledescription=\"slide\" aria-label=\"slide-4812\"><img loading=\"lazy\" decoding=\"async\" src=\"http:\/\/www.lepetitarchive.com\/es\/wp-content\/uploads\/sites\/2\/2020\/04\/Foto-6-4-20-16-28-30-500x500.jpg\" height=\"500\" width=\"500\" alt=\"miguel adrover biograf\u00eda designer\" class=\"slider-4796 slide-4812\" title=\"miguel adrover biograf\u00eda designer\" \/><\/li>\n                <li style=\"display: none; width: 100%;\" class=\"slide-4813 ms-image\" aria-roledescription=\"slide\" aria-label=\"slide-4813\"><img loading=\"lazy\" decoding=\"async\" src=\"http:\/\/www.lepetitarchive.com\/es\/wp-content\/uploads\/sites\/2\/2020\/04\/Foto-6-4-20-16-28-44-500x500.jpg\" height=\"500\" width=\"500\" alt=\"miguel adrover biograf\u00eda designer\" class=\"slider-4796 slide-4813\" title=\"miguel adrover biograf\u00eda designer\" \/><\/li>\n                <li style=\"display: none; width: 100%;\" class=\"slide-4814 ms-image\" aria-roledescription=\"slide\" aria-label=\"slide-4814\"><img loading=\"lazy\" decoding=\"async\" src=\"http:\/\/www.lepetitarchive.com\/es\/wp-content\/uploads\/sites\/2\/2020\/04\/Foto-6-4-20-16-28-56-500x500.jpg\" height=\"500\" width=\"500\" alt=\"miguel adrover biograf\u00eda designer\" class=\"slider-4796 slide-4814\" title=\"miguel adrover biograf\u00eda designer\" \/><\/li>\n                <li style=\"display: none; width: 100%;\" class=\"slide-4815 ms-image\" aria-roledescription=\"slide\" aria-label=\"slide-4815\"><img loading=\"lazy\" decoding=\"async\" src=\"http:\/\/www.lepetitarchive.com\/es\/wp-content\/uploads\/sites\/2\/2020\/04\/Foto-6-4-20-16-29-07-500x500.jpg\" height=\"500\" width=\"500\" alt=\"miguel adrover biograf\u00eda designer\" class=\"slider-4796 slide-4815\" title=\"miguel adrover biograf\u00eda designer\" \/><\/li>\n                <li style=\"display: none; width: 100%;\" class=\"slide-4816 ms-image\" aria-roledescription=\"slide\" aria-label=\"slide-4816\"><img loading=\"lazy\" decoding=\"async\" src=\"http:\/\/www.lepetitarchive.com\/es\/wp-content\/uploads\/sites\/2\/2020\/04\/Foto-6-4-20-16-29-17-500x500.jpg\" height=\"500\" width=\"500\" alt=\"miguel adrover biograf\u00eda designer\" class=\"slider-4796 slide-4816\" title=\"miguel adrover biograf\u00eda designer\" \/><\/li>\n                <li style=\"display: none; width: 100%;\" class=\"slide-4817 ms-image\" aria-roledescription=\"slide\" aria-label=\"slide-4817\"><img loading=\"lazy\" decoding=\"async\" src=\"http:\/\/www.lepetitarchive.com\/es\/wp-content\/uploads\/sites\/2\/2020\/04\/Foto-6-4-20-16-29-29-500x500.jpg\" height=\"500\" width=\"500\" alt=\"miguel adrover biograf\u00eda designer\" class=\"slider-4796 slide-4817\" title=\"miguel adrover biograf\u00eda designer\" \/><\/li>\n            <\/ul>\n        <\/div>\n        \n    <\/div>\n<\/div><\/div>\n\n\n\n<div style=\"height:20px\" aria-hidden=\"true\" class=\"wp-block-spacer\"><\/div>\n\n\n\n<p>Autodidacta y at\u00edpico,&nbsp;Miguel&nbsp;Adrover&nbsp;es un <strong>dise\u00f1ador de moda de origen mallorqu\u00ed (1965)<\/strong>. Considerado una de las figuras mas destacadas de la historia de la moda, junto a Martin Margiela y Alexander McQueen, rompieron esquemas a principios de la d\u00e9cada de los 2000. Abandona los estudios a los 11 a\u00f1os y su primer contacto con la moda es siendo un adolescente en un viaje a Londres a trav\u00e9s de las sub-culturas, el movimiento punk y&nbsp;&nbsp;los New Romantics. A principios de los 90 viaja a Nueva York donde trabaja de conserje, de limpiacristales y friega suelos en Queens mientras en un s\u00f3tano se dedicar\u00eda a crear sus prendas, ideas y conceptos. En muy pocos a\u00f1os consigue convertirse en uno de los dise\u00f1adores de moda mas destacados de la escena vanguardista de la ciudad de Nueva York.&nbsp;<\/p>\n\n\n\n<p>Sus colecciones se inspiraban en las personas y sus culturas donde&nbsp;Adrover&nbsp;jugaba con lo inc\u00f3modo y lo pol\u00edticamente incorrecto. Junto con con Marc Jacobs fue de los primeros en introducir la segunda mano a la pasarela proponiendo una gabardina de Burberry como vestido o un uniforme de repartidor de UPS como ropa diaria.&nbsp;<\/p>\n\n\n\n<p>En la colecci\u00f3n de Invierno del 2018 de la marca Vaquera su cara junto con la de Margiela, Andre Walker y Vivienne Westwood aparecer\u00eda impresa en polos blancos sobre la pasarela haci\u00e9ndonos preguntar que era de este gran dise\u00f1ador que marc\u00f3 un antes y un despu\u00e9s.&nbsp;<\/p>\n\n\n\n<p>Actualmente est\u00e1 retirado de la moda, regenta un bar en su cuidad natal y dedica su tiempo a la fotograf\u00eda y a la creaci\u00f3n de obras pl\u00e1sticas.<\/p>\n\n\n\n<p>Escrito por <a href=\"https:\/\/www.instagram.com\/shewiths\/\">Sara Calvi\u00f1o<\/a> <\/p>\n\n\n\n<div style=\"height:20px\" aria-hidden=\"true\" class=\"wp-block-spacer\"><\/div>\n\n\n\n<figure class=\"wp-block-embed-youtube wp-block-embed is-type-video is-provider-youtube wp-embed-aspect-16-9 wp-has-aspect-ratio\"><div class=\"wp-block-embed__wrapper\">\n<iframe loading=\"lazy\" title=\"Miguel Adrover\" width=\"1140\" height=\"641\" src=\"https:\/\/www.youtube.com\/embed\/N2L2jVzc9z4?feature=oembed\" frameborder=\"0\" allow=\"accelerometer; autoplay; encrypted-media; gyroscope; picture-in-picture\" allowfullscreen><\/iframe>\n<\/div><\/figure>\n","protected":false},"excerpt":{"rendered":"<p>Autodidacta y at\u00edpico,&nbsp;Miguel&nbsp;Adrover&nbsp;es un dise\u00f1ador de moda de origen mallorqu\u00ed (1965). Considerado una de las figuras mas destacadas de la historia de la moda, junto a Martin Margiela y Alexander McQueen, rompieron esquemas a principios de la d\u00e9cada de los 2000. Abandona los estudios a los 11 a\u00f1os y su primer contacto con la moda [&hellip;]<\/p>\n","protected":false},"author":1,"featured_media":4765,"comment_status":"open","ping_status":"open","sticky":false,"template":"","format":"standard","meta":{"footnotes":""},"categories":[3],"tags":[448,447],"yoast_head":"<!-- This site is optimized with the Yoast SEO plugin v21.9.1 - https:\/\/yoast.com\/wordpress\/plugins\/seo\/ -->\n<title>#DESIGNERBIO Revoluci\u00f3n &amp; Miguel Adrover - Le Petit Archive<\/title>\n<meta name=\"description\" content=\"Te contamos la historia sobre este ic\u00f3nico dise\u00f1ador espa\u00f1ol que inspir\u00f3 a todo una generaci\u00f3n y que supuso una revoluci\u00f3n en el mundo de la moda.\" \/>\n<meta name=\"robots\" content=\"index, follow, max-snippet:-1, max-image-preview:large, max-video-preview:-1\" \/>\n<link rel=\"canonical\" href=\"http:\/\/www.lepetitarchive.com\/es\/designerbio-miguel-adrover\/\" \/>\n<meta property=\"og:locale\" content=\"es_ES\" \/>\n<meta property=\"og:type\" content=\"article\" \/>\n<meta property=\"og:title\" content=\"#DESIGNERBIO Revoluci\u00f3n &amp; Miguel Adrover - Le Petit Archive\" \/>\n<meta property=\"og:description\" content=\"Te contamos la historia sobre este ic\u00f3nico dise\u00f1ador espa\u00f1ol que inspir\u00f3 a todo una generaci\u00f3n y que supuso una revoluci\u00f3n en el mundo de la moda.\" \/>\n<meta property=\"og:url\" content=\"http:\/\/www.lepetitarchive.com\/es\/designerbio-miguel-adrover\/\" \/>\n<meta property=\"og:site_name\" content=\"Le Petit Archive\" \/>\n<meta property=\"article:published_time\" content=\"2020-04-06T14:14:39+00:00\" \/>\n<meta property=\"article:modified_time\" content=\"2020-04-09T10:54:28+00:00\" \/>\n<meta property=\"og:image\" content=\"http:\/\/www.lepetitarchive.com\/es\/wp-content\/uploads\/sites\/2\/2020\/04\/cabecera-3.jpg\" \/>\n\t<meta property=\"og:image:width\" content=\"585\" \/>\n\t<meta property=\"og:image:height\" content=\"390\" \/>\n\t<meta property=\"og:image:type\" content=\"image\/jpeg\" \/>\n<meta name=\"author\" content=\"admin\" \/>\n<meta name=\"twitter:card\" content=\"summary_large_image\" \/>\n<meta name=\"twitter:label1\" content=\"Escrito por\" \/>\n\t<meta name=\"twitter:data1\" content=\"admin\" \/>\n\t<meta name=\"twitter:label2\" content=\"Tiempo de lectura\" \/>\n\t<meta name=\"twitter:data2\" content=\"2 minutos\" \/>\n<script type=\"application\/ld+json\" class=\"yoast-schema-graph\">{\"@context\":\"https:\/\/schema.org\",\"@graph\":[{\"@type\":\"WebPage\",\"@id\":\"http:\/\/www.lepetitarchive.com\/es\/designerbio-miguel-adrover\/\",\"url\":\"http:\/\/www.lepetitarchive.com\/es\/designerbio-miguel-adrover\/\",\"name\":\"#DESIGNERBIO Revoluci\u00f3n & Miguel Adrover - Le Petit Archive\",\"isPartOf\":{\"@id\":\"https:\/\/www.lepetitarchive.com\/es\/#website\"},\"datePublished\":\"2020-04-06T14:14:39+00:00\",\"dateModified\":\"2020-04-09T10:54:28+00:00\",\"author\":{\"@id\":\"https:\/\/www.lepetitarchive.com\/es\/#\/schema\/person\/da91d3a94da64354fed6e9b07a3cbb56\"},\"description\":\"Te contamos la historia sobre este ic\u00f3nico dise\u00f1ador espa\u00f1ol que inspir\u00f3 a todo una generaci\u00f3n y que supuso una revoluci\u00f3n en el mundo de la moda.\",\"breadcrumb\":{\"@id\":\"http:\/\/www.lepetitarchive.com\/es\/designerbio-miguel-adrover\/#breadcrumb\"},\"inLanguage\":\"es\",\"potentialAction\":[{\"@type\":\"ReadAction\",\"target\":[\"http:\/\/www.lepetitarchive.com\/es\/designerbio-miguel-adrover\/\"]}]},{\"@type\":\"BreadcrumbList\",\"@id\":\"http:\/\/www.lepetitarchive.com\/es\/designerbio-miguel-adrover\/#breadcrumb\",\"itemListElement\":[{\"@type\":\"ListItem\",\"position\":1,\"name\":\"Home\",\"item\":\"https:\/\/www.lepetitarchive.com\/es\/\"},{\"@type\":\"ListItem\",\"position\":2,\"name\":\"#DESIGNERBIO Revoluci\u00f3n &#038; Miguel Adrover\"}]},{\"@type\":\"WebSite\",\"@id\":\"https:\/\/www.lepetitarchive.com\/es\/#website\",\"url\":\"https:\/\/www.lepetitarchive.com\/es\/\",\"name\":\"Le Petit Archive\",\"description\":\"Free Fashion University\",\"potentialAction\":[{\"@type\":\"SearchAction\",\"target\":{\"@type\":\"EntryPoint\",\"urlTemplate\":\"https:\/\/www.lepetitarchive.com\/es\/?s={search_term_string}\"},\"query-input\":\"required name=search_term_string\"}],\"inLanguage\":\"es\"},{\"@type\":\"Person\",\"@id\":\"https:\/\/www.lepetitarchive.com\/es\/#\/schema\/person\/da91d3a94da64354fed6e9b07a3cbb56\",\"name\":\"admin\",\"image\":{\"@type\":\"ImageObject\",\"inLanguage\":\"es\",\"@id\":\"https:\/\/www.lepetitarchive.com\/es\/#\/schema\/person\/image\/\",\"url\":\"http:\/\/1.gravatar.com\/avatar\/102001135d8c70200f6c23d7cb883c24?s=96&d=mm&r=g\",\"contentUrl\":\"http:\/\/1.gravatar.com\/avatar\/102001135d8c70200f6c23d7cb883c24?s=96&d=mm&r=g\",\"caption\":\"admin\"},\"url\":\"http:\/\/www.lepetitarchive.com\/es\/author\/admin\/\"}]}<\/script>\n<!-- \/ Yoast SEO plugin. -->","yoast_head_json":{"title":"#DESIGNERBIO Revoluci\u00f3n & Miguel Adrover - Le Petit Archive","description":"Te contamos la historia sobre este ic\u00f3nico dise\u00f1ador espa\u00f1ol que inspir\u00f3 a todo una generaci\u00f3n y que supuso una revoluci\u00f3n en el mundo de la moda.","robots":{"index":"index","follow":"follow","max-snippet":"max-snippet:-1","max-image-preview":"max-image-preview:large","max-video-preview":"max-video-preview:-1"},"canonical":"http:\/\/www.lepetitarchive.com\/es\/designerbio-miguel-adrover\/","og_locale":"es_ES","og_type":"article","og_title":"#DESIGNERBIO Revoluci\u00f3n & Miguel Adrover - Le Petit Archive","og_description":"Te contamos la historia sobre este ic\u00f3nico dise\u00f1ador espa\u00f1ol que inspir\u00f3 a todo una generaci\u00f3n y que supuso una revoluci\u00f3n en el mundo de la moda.","og_url":"http:\/\/www.lepetitarchive.com\/es\/designerbio-miguel-adrover\/","og_site_name":"Le Petit Archive","article_published_time":"2020-04-06T14:14:39+00:00","article_modified_time":"2020-04-09T10:54:28+00:00","og_image":[{"width":585,"height":390,"url":"http:\/\/www.lepetitarchive.com\/es\/wp-content\/uploads\/sites\/2\/2020\/04\/cabecera-3.jpg","type":"image\/jpeg"}],"author":"admin","twitter_card":"summary_large_image","twitter_misc":{"Escrito por":"admin","Tiempo de lectura":"2 minutos"},"schema":{"@context":"https:\/\/schema.org","@graph":[{"@type":"WebPage","@id":"http:\/\/www.lepetitarchive.com\/es\/designerbio-miguel-adrover\/","url":"http:\/\/www.lepetitarchive.com\/es\/designerbio-miguel-adrover\/","name":"#DESIGNERBIO Revoluci\u00f3n & Miguel Adrover - Le Petit Archive","isPartOf":{"@id":"https:\/\/www.lepetitarchive.com\/es\/#website"},"datePublished":"2020-04-06T14:14:39+00:00","dateModified":"2020-04-09T10:54:28+00:00","author":{"@id":"https:\/\/www.lepetitarchive.com\/es\/#\/schema\/person\/da91d3a94da64354fed6e9b07a3cbb56"},"description":"Te contamos la historia sobre este ic\u00f3nico dise\u00f1ador espa\u00f1ol que inspir\u00f3 a todo una generaci\u00f3n y que supuso una revoluci\u00f3n en el mundo de la moda.","breadcrumb":{"@id":"http:\/\/www.lepetitarchive.com\/es\/designerbio-miguel-adrover\/#breadcrumb"},"inLanguage":"es","potentialAction":[{"@type":"ReadAction","target":["http:\/\/www.lepetitarchive.com\/es\/designerbio-miguel-adrover\/"]}]},{"@type":"BreadcrumbList","@id":"http:\/\/www.lepetitarchive.com\/es\/designerbio-miguel-adrover\/#breadcrumb","itemListElement":[{"@type":"ListItem","position":1,"name":"Home","item":"https:\/\/www.lepetitarchive.com\/es\/"},{"@type":"ListItem","position":2,"name":"#DESIGNERBIO Revoluci\u00f3n &#038; Miguel Adrover"}]},{"@type":"WebSite","@id":"https:\/\/www.lepetitarchive.com\/es\/#website","url":"https:\/\/www.lepetitarchive.com\/es\/","name":"Le Petit Archive","description":"Free Fashion University","potentialAction":[{"@type":"SearchAction","target":{"@type":"EntryPoint","urlTemplate":"https:\/\/www.lepetitarchive.com\/es\/?s={search_term_string}"},"query-input":"required name=search_term_string"}],"inLanguage":"es"},{"@type":"Person","@id":"https:\/\/www.lepetitarchive.com\/es\/#\/schema\/person\/da91d3a94da64354fed6e9b07a3cbb56","name":"admin","image":{"@type":"ImageObject","inLanguage":"es","@id":"https:\/\/www.lepetitarchive.com\/es\/#\/schema\/person\/image\/","url":"http:\/\/1.gravatar.com\/avatar\/102001135d8c70200f6c23d7cb883c24?s=96&d=mm&r=g","contentUrl":"http:\/\/1.gravatar.com\/avatar\/102001135d8c70200f6c23d7cb883c24?s=96&d=mm&r=g","caption":"admin"},"url":"http:\/\/www.lepetitarchive.com\/es\/author\/admin\/"}]}},"_links":{"self":[{"href":"http:\/\/www.lepetitarchive.com\/es\/wp-json\/wp\/v2\/posts\/4764"}],"collection":[{"href":"http:\/\/www.lepetitarchive.com\/es\/wp-json\/wp\/v2\/posts"}],"about":[{"href":"http:\/\/www.lepetitarchive.com\/es\/wp-json\/wp\/v2\/types\/post"}],"author":[{"embeddable":true,"href":"http:\/\/www.lepetitarchive.com\/es\/wp-json\/wp\/v2\/users\/1"}],"replies":[{"embeddable":true,"href":"http:\/\/www.lepetitarchive.com\/es\/wp-json\/wp\/v2\/comments?post=4764"}],"version-history":[{"count":7,"href":"http:\/\/www.lepetitarchive.com\/es\/wp-json\/wp\/v2\/posts\/4764\/revisions"}],"predecessor-version":[{"id":4819,"href":"http:\/\/www.lepetitarchive.com\/es\/wp-json\/wp\/v2\/posts\/4764\/revisions\/4819"}],"wp:featuredmedia":[{"embeddable":true,"href":"http:\/\/www.lepetitarchive.com\/es\/wp-json\/wp\/v2\/media\/4765"}],"wp:attachment":[{"href":"http:\/\/www.lepetitarchive.com\/es\/wp-json\/wp\/v2\/media?parent=4764"}],"wp:term":[{"taxonomy":"category","embeddable":true,"href":"http:\/\/www.lepetitarchive.com\/es\/wp-json\/wp\/v2\/categories?post=4764"},{"taxonomy":"post_tag","embeddable":true,"href":"http:\/\/www.lepetitarchive.com\/es\/wp-json\/wp\/v2\/tags?post=4764"}],"curies":[{"name":"wp","href":"https:\/\/api.w.org\/{rel}","templated":true}]}}