{"id":4422,"date":"2020-03-19T11:29:05","date_gmt":"2020-03-19T10:29:05","guid":{"rendered":"http:\/\/www.lepetitarchive.com\/es\/?p=4422"},"modified":"2020-03-19T11:32:55","modified_gmt":"2020-03-19T10:32:55","slug":"stories-alexander-mcqueen-1992-hair-labels","status":"publish","type":"post","link":"http:\/\/www.lepetitarchive.com\/es\/stories-alexander-mcqueen-1992-hair-labels\/","title":{"rendered":"#STORIES Alexander McQueen 1992 \u201cHair Labels\u201d"},"content":{"rendered":"\n<div style=\"height:20px\" aria-hidden=\"true\" class=\"wp-block-spacer\"><\/div>\n\n\n\n<div class=\"alignnormal\"><div id=\"metaslider-id-4429\" style=\"max-width: 500px; margin: 0 auto;\" class=\"ml-slider-3-60-1 metaslider metaslider-flex metaslider-4429 ml-slider ms-theme-architekt has-dots-nav\" role=\"region\" aria-roledescription=\"Slideshow\" aria-label=\"mcqueen etiquetas pelo\">\n    <div id=\"metaslider_container_4429\">\n        <div id=\"metaslider_4429\">\n            <ul aria-live=\"polite\" class=\"slides\">\n                <li style=\"display: block; width: 100%;\" class=\"slide-4430 ms-image\" aria-roledescription=\"slide\" aria-label=\"slide-4430\"><img loading=\"lazy\" decoding=\"async\" src=\"http:\/\/www.lepetitarchive.com\/es\/wp-content\/uploads\/sites\/2\/2020\/03\/1-2-500x500.jpg\" height=\"500\" width=\"500\" alt=\"alexander mcqueen etiquetas pelo historia destripador\" class=\"slider-4429 slide-4430\" title=\"alexander mcqueen etiquetas pelo historia destripador\" \/><\/li>\n                <li style=\"display: none; width: 100%;\" class=\"slide-4431 ms-image\" aria-roledescription=\"slide\" aria-label=\"slide-4431\"><img loading=\"lazy\" decoding=\"async\" src=\"http:\/\/www.lepetitarchive.com\/es\/wp-content\/uploads\/sites\/2\/2020\/03\/2-2-500x500.jpg\" height=\"500\" width=\"500\" alt=\"alexander mcqueen etiquetas pelo historia destripador\" class=\"slider-4429 slide-4431\" title=\"alexander mcqueen etiquetas pelo historia destripador\" \/><\/li>\n                <li style=\"display: none; width: 100%;\" class=\"slide-4432 ms-image\" aria-roledescription=\"slide\" aria-label=\"slide-4432\"><img loading=\"lazy\" decoding=\"async\" src=\"http:\/\/www.lepetitarchive.com\/es\/wp-content\/uploads\/sites\/2\/2020\/03\/3-2-500x500.jpg\" height=\"500\" width=\"500\" alt=\"alexander mcqueen etiquetas pelo historia destripador\" class=\"slider-4429 slide-4432\" title=\"alexander mcqueen etiquetas pelo historia destripador\" \/><\/li>\n                <li style=\"display: none; width: 100%;\" class=\"slide-4433 ms-image\" aria-roledescription=\"slide\" aria-label=\"slide-4433\"><img loading=\"lazy\" decoding=\"async\" src=\"http:\/\/www.lepetitarchive.com\/es\/wp-content\/uploads\/sites\/2\/2020\/03\/4-2-500x500.jpg\" height=\"500\" width=\"500\" alt=\"alexander mcqueen etiquetas pelo historia destripador\" class=\"slider-4429 slide-4433\" title=\"alexander mcqueen etiquetas pelo historia destripador\" \/><\/li>\n                <li style=\"display: none; width: 100%;\" class=\"slide-4434 ms-image\" aria-roledescription=\"slide\" aria-label=\"slide-4434\"><img loading=\"lazy\" decoding=\"async\" src=\"http:\/\/www.lepetitarchive.com\/es\/wp-content\/uploads\/sites\/2\/2020\/03\/5-2.jpg\" height=\"500\" width=\"500\" alt=\"alexander mcqueen etiquetas pelo historia destripador\" class=\"slider-4429 slide-4434\" title=\"alexander mcqueen etiquetas pelo historia destripador\" \/><\/li>\n            <\/ul>\n        <\/div>\n        \n    <\/div>\n<\/div><\/div>\n\n\n\n<div style=\"height:20px\" aria-hidden=\"true\" class=\"wp-block-spacer\"><\/div>\n\n\n\n<p>Una d\u00e9cada despu\u00e9s del tr\u00e1gico\nsuceso, el legado de MacQueen permanece m\u00e1s vivo que nunca. Su universo supone\nuno de los mayores hitos de la moda de comienzos del SXXI, tanto a nivel formal\ncomo conceptual.<\/p>\n\n\n\n<p>En 1992 se graduaba en la prestigiosa universidad de Saint Martins bajo su colecci\u00f3n <strong>\u201cJack The Ripper Stalks His Victims<\/strong>\u201d. Esta hac\u00eda referencia a los asesinatos acontecidos en Whitechapel alrededor de 1880 por el asesino en serie Jack El Destripador. MacQueen tomar\u00eda elementos autobiogr\u00e1ficos para el desarrollo conceptual, comentando que un antepasado suyo era due\u00f1o de una posada cuyos hu\u00e9spedes fueron asesinados. La colecci\u00f3n mostraba un romance grotesco y retorcido, tan alejado de las pasarelas de entonces, que cautiv\u00f3 a la estilista Isabella Blow, quien compr\u00f3 la colecci\u00f3n por un total de 5000\u00a3, convirti\u00e9ndose en mentora y amiga de este.<\/p>\n\n\n\n<p>El punto m\u00e1s disruptivo de la colecci\u00f3n, consiste <strong>en la confecci\u00f3n de las etiquetas. MacQueen se cort\u00f3 numerosos mechones de pelo<\/strong>, que encapsul\u00f3 en un pl\u00e1stico denominado Perspex y cosi\u00f3 junto a su nombre; haciendo referencia a la Era Victoriana, donde era frecuente regalar joyas con pelos del amante, que com\u00fanmente se compraban a prostitutas.<\/p>\n\n\n\n<div style=\"height:20px\" aria-hidden=\"true\" class=\"wp-block-spacer\"><\/div>\n\n\n\n<figure class=\"wp-block-embed-youtube wp-block-embed is-type-video is-provider-youtube wp-embed-aspect-16-9 wp-has-aspect-ratio\"><div class=\"wp-block-embed__wrapper\">\n<iframe loading=\"lazy\" title=\"Isabella Blow: Fashion Galore! - Jack the Ripper Stalks his Victims\" width=\"1140\" height=\"641\" src=\"https:\/\/www.youtube.com\/embed\/Tr5WZzm1I7Y?feature=oembed\" frameborder=\"0\" allow=\"accelerometer; autoplay; encrypted-media; gyroscope; picture-in-picture\" allowfullscreen><\/iframe>\n<\/div><\/figure>\n\n\n\n<div style=\"height:20px\" aria-hidden=\"true\" class=\"wp-block-spacer\"><\/div>\n\n\n\n<p>Escrito por <a href=\"https:\/\/www.instagram.com\/gionavarre\/\">Gio Navarre<\/a> <\/p>\n","protected":false},"excerpt":{"rendered":"<p>Una d\u00e9cada despu\u00e9s del tr\u00e1gico suceso, el legado de MacQueen permanece m\u00e1s vivo que nunca. Su universo supone uno de los mayores hitos de la moda de comienzos del SXXI, tanto a nivel formal como conceptual. En 1992 se graduaba en la prestigiosa universidad de Saint Martins bajo su colecci\u00f3n \u201cJack The Ripper Stalks His [&hellip;]<\/p>\n","protected":false},"author":1,"featured_media":4437,"comment_status":"open","ping_status":"open","sticky":false,"template":"","format":"standard","meta":{"footnotes":""},"categories":[3],"tags":[358,360,359],"yoast_head":"<!-- This site is optimized with the Yoast SEO plugin v21.9.1 - https:\/\/yoast.com\/wordpress\/plugins\/seo\/ -->\n<title>#STORIES Alexander McQueen 1992 \u201cHair Labels\u201d - Le Petit Archive<\/title>\n<meta name=\"description\" content=\"Te contamos la historia que hay detr\u00e1s de las curiosas etiquetas de la colecci\u00f3n debut del dise\u00f1ador brit\u00e1nico Alexander que tanto impactaron al mundo de la moda.\" \/>\n<meta name=\"robots\" content=\"index, follow, max-snippet:-1, max-image-preview:large, max-video-preview:-1\" \/>\n<link rel=\"canonical\" href=\"https:\/\/www.lepetitarchive.com\/es\/stories-alexander-mcqueen-1992-hair-labels\/\" \/>\n<meta property=\"og:locale\" content=\"es_ES\" \/>\n<meta property=\"og:type\" content=\"article\" \/>\n<meta property=\"og:title\" content=\"#STORIES Alexander McQueen 1992 \u201cHair Labels\u201d - Le Petit Archive\" \/>\n<meta property=\"og:description\" content=\"Te contamos la historia que hay detr\u00e1s de las curiosas etiquetas de la colecci\u00f3n debut del dise\u00f1ador brit\u00e1nico Alexander que tanto impactaron al mundo de la moda.\" \/>\n<meta property=\"og:url\" content=\"https:\/\/www.lepetitarchive.com\/es\/stories-alexander-mcqueen-1992-hair-labels\/\" \/>\n<meta property=\"og:site_name\" content=\"Le Petit Archive\" \/>\n<meta property=\"article:published_time\" content=\"2020-03-19T10:29:05+00:00\" \/>\n<meta property=\"article:modified_time\" content=\"2020-03-19T10:32:55+00:00\" \/>\n<meta property=\"og:image\" content=\"https:\/\/www.lepetitarchive.com\/es\/wp-content\/uploads\/sites\/2\/2020\/03\/4543583030_0346f26cb2_b.jpg\" \/>\n\t<meta property=\"og:image:width\" content=\"1024\" \/>\n\t<meta property=\"og:image:height\" content=\"768\" \/>\n\t<meta property=\"og:image:type\" content=\"image\/jpeg\" \/>\n<meta name=\"author\" content=\"admin\" \/>\n<meta name=\"twitter:card\" content=\"summary_large_image\" \/>\n<meta name=\"twitter:label1\" content=\"Escrito por\" \/>\n\t<meta name=\"twitter:data1\" content=\"admin\" \/>\n\t<meta name=\"twitter:label2\" content=\"Tiempo de lectura\" \/>\n\t<meta name=\"twitter:data2\" content=\"1 minuto\" \/>\n<script type=\"application\/ld+json\" class=\"yoast-schema-graph\">{\"@context\":\"https:\/\/schema.org\",\"@graph\":[{\"@type\":\"WebPage\",\"@id\":\"https:\/\/www.lepetitarchive.com\/es\/stories-alexander-mcqueen-1992-hair-labels\/\",\"url\":\"https:\/\/www.lepetitarchive.com\/es\/stories-alexander-mcqueen-1992-hair-labels\/\",\"name\":\"#STORIES Alexander McQueen 1992 \u201cHair Labels\u201d - Le Petit Archive\",\"isPartOf\":{\"@id\":\"https:\/\/www.lepetitarchive.com\/es\/#website\"},\"datePublished\":\"2020-03-19T10:29:05+00:00\",\"dateModified\":\"2020-03-19T10:32:55+00:00\",\"author\":{\"@id\":\"https:\/\/www.lepetitarchive.com\/es\/#\/schema\/person\/da91d3a94da64354fed6e9b07a3cbb56\"},\"description\":\"Te contamos la historia que hay detr\u00e1s de las curiosas etiquetas de la colecci\u00f3n debut del dise\u00f1ador brit\u00e1nico Alexander que tanto impactaron al mundo de la moda.\",\"breadcrumb\":{\"@id\":\"https:\/\/www.lepetitarchive.com\/es\/stories-alexander-mcqueen-1992-hair-labels\/#breadcrumb\"},\"inLanguage\":\"es\",\"potentialAction\":[{\"@type\":\"ReadAction\",\"target\":[\"https:\/\/www.lepetitarchive.com\/es\/stories-alexander-mcqueen-1992-hair-labels\/\"]}]},{\"@type\":\"BreadcrumbList\",\"@id\":\"https:\/\/www.lepetitarchive.com\/es\/stories-alexander-mcqueen-1992-hair-labels\/#breadcrumb\",\"itemListElement\":[{\"@type\":\"ListItem\",\"position\":1,\"name\":\"Home\",\"item\":\"https:\/\/www.lepetitarchive.com\/es\/\"},{\"@type\":\"ListItem\",\"position\":2,\"name\":\"#STORIES Alexander McQueen 1992 \u201cHair Labels\u201d\"}]},{\"@type\":\"WebSite\",\"@id\":\"https:\/\/www.lepetitarchive.com\/es\/#website\",\"url\":\"https:\/\/www.lepetitarchive.com\/es\/\",\"name\":\"Le Petit Archive\",\"description\":\"Free Fashion University\",\"potentialAction\":[{\"@type\":\"SearchAction\",\"target\":{\"@type\":\"EntryPoint\",\"urlTemplate\":\"https:\/\/www.lepetitarchive.com\/es\/?s={search_term_string}\"},\"query-input\":\"required name=search_term_string\"}],\"inLanguage\":\"es\"},{\"@type\":\"Person\",\"@id\":\"https:\/\/www.lepetitarchive.com\/es\/#\/schema\/person\/da91d3a94da64354fed6e9b07a3cbb56\",\"name\":\"admin\",\"image\":{\"@type\":\"ImageObject\",\"inLanguage\":\"es\",\"@id\":\"https:\/\/www.lepetitarchive.com\/es\/#\/schema\/person\/image\/\",\"url\":\"http:\/\/1.gravatar.com\/avatar\/102001135d8c70200f6c23d7cb883c24?s=96&d=mm&r=g\",\"contentUrl\":\"http:\/\/1.gravatar.com\/avatar\/102001135d8c70200f6c23d7cb883c24?s=96&d=mm&r=g\",\"caption\":\"admin\"},\"url\":\"http:\/\/www.lepetitarchive.com\/es\/author\/admin\/\"}]}<\/script>\n<!-- \/ Yoast SEO plugin. -->","yoast_head_json":{"title":"#STORIES Alexander McQueen 1992 \u201cHair Labels\u201d - Le Petit Archive","description":"Te contamos la historia que hay detr\u00e1s de las curiosas etiquetas de la colecci\u00f3n debut del dise\u00f1ador brit\u00e1nico Alexander que tanto impactaron al mundo de la moda.","robots":{"index":"index","follow":"follow","max-snippet":"max-snippet:-1","max-image-preview":"max-image-preview:large","max-video-preview":"max-video-preview:-1"},"canonical":"https:\/\/www.lepetitarchive.com\/es\/stories-alexander-mcqueen-1992-hair-labels\/","og_locale":"es_ES","og_type":"article","og_title":"#STORIES Alexander McQueen 1992 \u201cHair Labels\u201d - Le Petit Archive","og_description":"Te contamos la historia que hay detr\u00e1s de las curiosas etiquetas de la colecci\u00f3n debut del dise\u00f1ador brit\u00e1nico Alexander que tanto impactaron al mundo de la moda.","og_url":"https:\/\/www.lepetitarchive.com\/es\/stories-alexander-mcqueen-1992-hair-labels\/","og_site_name":"Le Petit Archive","article_published_time":"2020-03-19T10:29:05+00:00","article_modified_time":"2020-03-19T10:32:55+00:00","og_image":[{"width":1024,"height":768,"url":"https:\/\/www.lepetitarchive.com\/es\/wp-content\/uploads\/sites\/2\/2020\/03\/4543583030_0346f26cb2_b.jpg","type":"image\/jpeg"}],"author":"admin","twitter_card":"summary_large_image","twitter_misc":{"Escrito por":"admin","Tiempo de lectura":"1 minuto"},"schema":{"@context":"https:\/\/schema.org","@graph":[{"@type":"WebPage","@id":"https:\/\/www.lepetitarchive.com\/es\/stories-alexander-mcqueen-1992-hair-labels\/","url":"https:\/\/www.lepetitarchive.com\/es\/stories-alexander-mcqueen-1992-hair-labels\/","name":"#STORIES Alexander McQueen 1992 \u201cHair Labels\u201d - Le Petit Archive","isPartOf":{"@id":"https:\/\/www.lepetitarchive.com\/es\/#website"},"datePublished":"2020-03-19T10:29:05+00:00","dateModified":"2020-03-19T10:32:55+00:00","author":{"@id":"https:\/\/www.lepetitarchive.com\/es\/#\/schema\/person\/da91d3a94da64354fed6e9b07a3cbb56"},"description":"Te contamos la historia que hay detr\u00e1s de las curiosas etiquetas de la colecci\u00f3n debut del dise\u00f1ador brit\u00e1nico Alexander que tanto impactaron al mundo de la moda.","breadcrumb":{"@id":"https:\/\/www.lepetitarchive.com\/es\/stories-alexander-mcqueen-1992-hair-labels\/#breadcrumb"},"inLanguage":"es","potentialAction":[{"@type":"ReadAction","target":["https:\/\/www.lepetitarchive.com\/es\/stories-alexander-mcqueen-1992-hair-labels\/"]}]},{"@type":"BreadcrumbList","@id":"https:\/\/www.lepetitarchive.com\/es\/stories-alexander-mcqueen-1992-hair-labels\/#breadcrumb","itemListElement":[{"@type":"ListItem","position":1,"name":"Home","item":"https:\/\/www.lepetitarchive.com\/es\/"},{"@type":"ListItem","position":2,"name":"#STORIES Alexander McQueen 1992 \u201cHair Labels\u201d"}]},{"@type":"WebSite","@id":"https:\/\/www.lepetitarchive.com\/es\/#website","url":"https:\/\/www.lepetitarchive.com\/es\/","name":"Le Petit Archive","description":"Free Fashion University","potentialAction":[{"@type":"SearchAction","target":{"@type":"EntryPoint","urlTemplate":"https:\/\/www.lepetitarchive.com\/es\/?s={search_term_string}"},"query-input":"required name=search_term_string"}],"inLanguage":"es"},{"@type":"Person","@id":"https:\/\/www.lepetitarchive.com\/es\/#\/schema\/person\/da91d3a94da64354fed6e9b07a3cbb56","name":"admin","image":{"@type":"ImageObject","inLanguage":"es","@id":"https:\/\/www.lepetitarchive.com\/es\/#\/schema\/person\/image\/","url":"http:\/\/1.gravatar.com\/avatar\/102001135d8c70200f6c23d7cb883c24?s=96&d=mm&r=g","contentUrl":"http:\/\/1.gravatar.com\/avatar\/102001135d8c70200f6c23d7cb883c24?s=96&d=mm&r=g","caption":"admin"},"url":"http:\/\/www.lepetitarchive.com\/es\/author\/admin\/"}]}},"_links":{"self":[{"href":"http:\/\/www.lepetitarchive.com\/es\/wp-json\/wp\/v2\/posts\/4422"}],"collection":[{"href":"http:\/\/www.lepetitarchive.com\/es\/wp-json\/wp\/v2\/posts"}],"about":[{"href":"http:\/\/www.lepetitarchive.com\/es\/wp-json\/wp\/v2\/types\/post"}],"author":[{"embeddable":true,"href":"http:\/\/www.lepetitarchive.com\/es\/wp-json\/wp\/v2\/users\/1"}],"replies":[{"embeddable":true,"href":"http:\/\/www.lepetitarchive.com\/es\/wp-json\/wp\/v2\/comments?post=4422"}],"version-history":[{"count":1,"href":"http:\/\/www.lepetitarchive.com\/es\/wp-json\/wp\/v2\/posts\/4422\/revisions"}],"predecessor-version":[{"id":4435,"href":"http:\/\/www.lepetitarchive.com\/es\/wp-json\/wp\/v2\/posts\/4422\/revisions\/4435"}],"wp:featuredmedia":[{"embeddable":true,"href":"http:\/\/www.lepetitarchive.com\/es\/wp-json\/wp\/v2\/media\/4437"}],"wp:attachment":[{"href":"http:\/\/www.lepetitarchive.com\/es\/wp-json\/wp\/v2\/media?parent=4422"}],"wp:term":[{"taxonomy":"category","embeddable":true,"href":"http:\/\/www.lepetitarchive.com\/es\/wp-json\/wp\/v2\/categories?post=4422"},{"taxonomy":"post_tag","embeddable":true,"href":"http:\/\/www.lepetitarchive.com\/es\/wp-json\/wp\/v2\/tags?post=4422"}],"curies":[{"name":"wp","href":"https:\/\/api.w.org\/{rel}","templated":true}]}}