{"id":4288,"date":"2020-02-26T12:26:44","date_gmt":"2020-02-26T11:26:44","guid":{"rendered":"http:\/\/www.lepetitarchive.com\/es\/?p=4288"},"modified":"2020-02-26T12:26:46","modified_gmt":"2020-02-26T11:26:46","slug":"iconic-el-diseno-de-interiores-dries-van-notten-ss-19","status":"publish","type":"post","link":"http:\/\/www.lepetitarchive.com\/es\/iconic-el-diseno-de-interiores-dries-van-notten-ss-19\/","title":{"rendered":"#ICONIC El Dise\u00f1o de Interiores &#038; Dries Van Notten SS 19"},"content":{"rendered":"\n<div style=\"height:20px\" aria-hidden=\"true\" class=\"wp-block-spacer\"><\/div>\n\n\n\n<div class=\"alignnormal\"><div id=\"metaslider-id-4299\" style=\"max-width: 500px; margin: 0 auto;\" class=\"ml-slider-3-60-1 metaslider metaslider-flex metaslider-4299 ml-slider ms-theme-architekt has-dots-nav\" role=\"region\" aria-roledescription=\"Slideshow\" aria-label=\"dries verner\">\n    <div id=\"metaslider_container_4299\">\n        <div id=\"metaslider_4299\">\n            <ul aria-live=\"polite\" class=\"slides\">\n                <li style=\"display: block; width: 100%;\" class=\"slide-4300 ms-image\" aria-roledescription=\"slide\" aria-label=\"slide-4300\"><img loading=\"lazy\" decoding=\"async\" src=\"http:\/\/www.lepetitarchive.com\/es\/wp-content\/uploads\/sites\/2\/2020\/02\/1-4-500x500.jpg\" height=\"500\" width=\"500\" alt=\"dries van noten verner panton historia\" class=\"slider-4299 slide-4300\" title=\"dries van noten verner panton historia\" \/><\/li>\n                <li style=\"display: none; width: 100%;\" class=\"slide-4301 ms-image\" aria-roledescription=\"slide\" aria-label=\"slide-4301\"><img loading=\"lazy\" decoding=\"async\" src=\"http:\/\/www.lepetitarchive.com\/es\/wp-content\/uploads\/sites\/2\/2020\/02\/2-4-500x500.jpg\" height=\"500\" width=\"500\" alt=\"dries van noten verner panton historia\" class=\"slider-4299 slide-4301\" title=\"dries van noten verner panton historia\" \/><\/li>\n                <li style=\"display: none; width: 100%;\" class=\"slide-4302 ms-image\" aria-roledescription=\"slide\" aria-label=\"slide-4302\"><img loading=\"lazy\" decoding=\"async\" src=\"http:\/\/www.lepetitarchive.com\/es\/wp-content\/uploads\/sites\/2\/2020\/02\/3-4-500x500.jpg\" height=\"500\" width=\"500\" alt=\"dries van noten verner panton historia\" class=\"slider-4299 slide-4302\" title=\"dries van noten verner panton historia\" \/><\/li>\n                <li style=\"display: none; width: 100%;\" class=\"slide-4303 ms-image\" aria-roledescription=\"slide\" aria-label=\"slide-4303\"><img loading=\"lazy\" decoding=\"async\" src=\"http:\/\/www.lepetitarchive.com\/es\/wp-content\/uploads\/sites\/2\/2020\/02\/4-5.jpg\" height=\"500\" width=\"500\" alt=\"dries van noten verner panton historia\" class=\"slider-4299 slide-4303\" title=\"dries van noten verner panton historia\" \/><\/li>\n                <li style=\"display: none; width: 100%;\" class=\"slide-4304 ms-image\" aria-roledescription=\"slide\" aria-label=\"slide-4304\"><img loading=\"lazy\" decoding=\"async\" src=\"http:\/\/www.lepetitarchive.com\/es\/wp-content\/uploads\/sites\/2\/2020\/02\/5-3-500x500.jpg\" height=\"500\" width=\"500\" alt=\"dries van noten verner panton historia\" class=\"slider-4299 slide-4304\" title=\"dries van noten verner panton historia\" \/><\/li>\n                <li style=\"display: none; width: 100%;\" class=\"slide-4305 ms-image\" aria-roledescription=\"slide\" aria-label=\"slide-4305\"><img loading=\"lazy\" decoding=\"async\" src=\"http:\/\/www.lepetitarchive.com\/es\/wp-content\/uploads\/sites\/2\/2020\/02\/6-4-500x500.jpg\" height=\"500\" width=\"500\" alt=\"dries van noten verner panton historia\" class=\"slider-4299 slide-4305\" title=\"dries van noten verner panton historia\" \/><\/li>\n                <li style=\"display: none; width: 100%;\" class=\"slide-4306 ms-image\" aria-roledescription=\"slide\" aria-label=\"slide-4306\"><img loading=\"lazy\" decoding=\"async\" src=\"http:\/\/www.lepetitarchive.com\/es\/wp-content\/uploads\/sites\/2\/2020\/02\/7-4-500x500.jpg\" height=\"500\" width=\"500\" alt=\"dries van noten verner panton historia\" class=\"slider-4299 slide-4306\" title=\"dries van noten verner panton historia\" \/><\/li>\n                <li style=\"display: none; width: 100%;\" class=\"slide-4307 ms-image\" aria-roledescription=\"slide\" aria-label=\"slide-4307\"><img loading=\"lazy\" decoding=\"async\" src=\"http:\/\/www.lepetitarchive.com\/es\/wp-content\/uploads\/sites\/2\/2020\/02\/8-4-500x500.jpg\" height=\"500\" width=\"500\" alt=\"dries van noten verner panton historia\" class=\"slider-4299 slide-4307\" title=\"dries van noten verner panton historia\" \/><\/li>\n            <\/ul>\n        <\/div>\n        \n    <\/div>\n<\/div><\/div>\n\n\n\n<div style=\"height:20px\" aria-hidden=\"true\" class=\"wp-block-spacer\"><\/div>\n\n\n\n<p>En la temporada SS 19 de Dries Van Noten, pudimos observar el uso de una paleta muy colorida con <strong>patrones en forma de ola<\/strong>. Estos, son obra de uno de los m\u00e1s influyentes dise\u00f1adores de muebles e interiores del siglo XX, llamado <strong>Verner Panton<\/strong>.<\/p>\n\n\n\n<p>Panton, era conocido por crear <strong>dise\u00f1os de car\u00e1cter futurista<\/strong>, hechos con una gran variedad de materiales, pero especialmente en pl\u00e1stico, empleando a su vez paletas de colores fuertes y brillantes. Su obra m\u00e1s conocida se denomina <strong>la \u201cSilla de Panton\u201d<\/strong>.<\/p>\n\n\n\n<p>Panton fue uno de los muchos contribuyentes en la creaci\u00f3n del denominado <strong>\u201cArte Pop\u201d<\/strong>. A lo largo de los 60 y 70, \u00e9l empez\u00f3 a dise\u00f1ar ambientes enteros, los cuales eran conocidos por ser interiores radicales y psicod\u00e9licos, compuestos por sus muebles curvos. <\/p>\n\n\n\n<p>Al hacer la colecci\u00f3n, a Dries se le dio <strong>acceso a todo el archivo de trabajo de Panton<\/strong>. Si miramos con detenimiento la etiqueta de cada pieza de la colecci\u00f3n, se puede ver el tributo que hace Dries a Verner, explicando brevemente qui\u00e9n fue, su trabajo e informaci\u00f3n sobre el color y el patr\u00f3n que tenga esa pieza concreta. <\/p>\n\n\n\n<div style=\"height:20px\" aria-hidden=\"true\" class=\"wp-block-spacer\"><\/div>\n\n\n\n<figure class=\"wp-block-embed-youtube wp-block-embed is-type-video is-provider-youtube wp-embed-aspect-16-9 wp-has-aspect-ratio\"><div class=\"wp-block-embed__wrapper\">\n<iframe loading=\"lazy\" title=\"Dries Van Noten | Spring Summer 2019 Full Fashion Show | Menswear\" width=\"1140\" height=\"641\" src=\"https:\/\/www.youtube.com\/embed\/VgmQg5zSFxE?feature=oembed\" frameborder=\"0\" allow=\"accelerometer; autoplay; encrypted-media; gyroscope; picture-in-picture\" allowfullscreen><\/iframe>\n<\/div><\/figure>\n\n\n\n<div style=\"height:20px\" aria-hidden=\"true\" class=\"wp-block-spacer\"><\/div>\n\n\n\n<p>Escrito por <a href=\"https:\/\/www.instagram.com\/gonzalocobos.h\/\">Gonzalo Cobos<\/a><\/p>\n","protected":false},"excerpt":{"rendered":"<p>En la temporada SS 19 de Dries Van Noten, pudimos observar el uso de una paleta muy colorida con patrones en forma de ola. Estos, son obra de uno de los m\u00e1s influyentes dise\u00f1adores de muebles e interiores del siglo XX, llamado Verner Panton. Panton, era conocido por crear dise\u00f1os de car\u00e1cter futurista, hechos con [&hellip;]<\/p>\n","protected":false},"author":1,"featured_media":4298,"comment_status":"open","ping_status":"open","sticky":false,"template":"","format":"standard","meta":{"footnotes":""},"categories":[3],"tags":[],"yoast_head":"<!-- This site is optimized with the Yoast SEO plugin v21.9.1 - https:\/\/yoast.com\/wordpress\/plugins\/seo\/ -->\n<title>#ICONIC El Dise\u00f1o de Interiores &amp; Dries Van Notten SS 19 - Le Petit Archive<\/title>\n<meta name=\"description\" content=\"Te contamos la historia que hay detr\u00e1s de los coloridos patrones que eldise\u00f1adore belga util\u00f1iz\u00f3 para su colecci\u00f3n primavera verano 19.\" \/>\n<meta name=\"robots\" content=\"index, follow, max-snippet:-1, max-image-preview:large, max-video-preview:-1\" \/>\n<link rel=\"canonical\" href=\"http:\/\/www.lepetitarchive.com\/es\/iconic-el-diseno-de-interiores-dries-van-notten-ss-19\/\" \/>\n<meta property=\"og:locale\" content=\"es_ES\" \/>\n<meta property=\"og:type\" content=\"article\" \/>\n<meta property=\"og:title\" content=\"#ICONIC El Dise\u00f1o de Interiores &amp; Dries Van Notten SS 19 - Le Petit Archive\" \/>\n<meta property=\"og:description\" content=\"Te contamos la historia que hay detr\u00e1s de los coloridos patrones que eldise\u00f1adore belga util\u00f1iz\u00f3 para su colecci\u00f3n primavera verano 19.\" \/>\n<meta property=\"og:url\" content=\"http:\/\/www.lepetitarchive.com\/es\/iconic-el-diseno-de-interiores-dries-van-notten-ss-19\/\" \/>\n<meta property=\"og:site_name\" content=\"Le Petit Archive\" \/>\n<meta property=\"article:published_time\" content=\"2020-02-26T11:26:44+00:00\" \/>\n<meta property=\"article:modified_time\" content=\"2020-02-26T11:26:46+00:00\" \/>\n<meta property=\"og:image\" content=\"http:\/\/www.lepetitarchive.com\/es\/wp-content\/uploads\/sites\/2\/2020\/02\/cabecera-3.jpg\" \/>\n\t<meta property=\"og:image:width\" content=\"1200\" \/>\n\t<meta property=\"og:image:height\" content=\"800\" \/>\n\t<meta property=\"og:image:type\" content=\"image\/jpeg\" \/>\n<meta name=\"author\" content=\"admin\" \/>\n<meta name=\"twitter:card\" content=\"summary_large_image\" \/>\n<meta name=\"twitter:label1\" content=\"Escrito por\" \/>\n\t<meta name=\"twitter:data1\" content=\"admin\" \/>\n\t<meta name=\"twitter:label2\" content=\"Tiempo de lectura\" \/>\n\t<meta name=\"twitter:data2\" content=\"1 minuto\" \/>\n<script type=\"application\/ld+json\" class=\"yoast-schema-graph\">{\"@context\":\"https:\/\/schema.org\",\"@graph\":[{\"@type\":\"WebPage\",\"@id\":\"http:\/\/www.lepetitarchive.com\/es\/iconic-el-diseno-de-interiores-dries-van-notten-ss-19\/\",\"url\":\"http:\/\/www.lepetitarchive.com\/es\/iconic-el-diseno-de-interiores-dries-van-notten-ss-19\/\",\"name\":\"#ICONIC El Dise\u00f1o de Interiores & Dries Van Notten SS 19 - Le Petit Archive\",\"isPartOf\":{\"@id\":\"http:\/\/www.lepetitarchive.com\/es\/#website\"},\"datePublished\":\"2020-02-26T11:26:44+00:00\",\"dateModified\":\"2020-02-26T11:26:46+00:00\",\"author\":{\"@id\":\"http:\/\/www.lepetitarchive.com\/es\/#\/schema\/person\/da91d3a94da64354fed6e9b07a3cbb56\"},\"description\":\"Te contamos la historia que hay detr\u00e1s de los coloridos patrones que eldise\u00f1adore belga util\u00f1iz\u00f3 para su colecci\u00f3n primavera verano 19.\",\"breadcrumb\":{\"@id\":\"http:\/\/www.lepetitarchive.com\/es\/iconic-el-diseno-de-interiores-dries-van-notten-ss-19\/#breadcrumb\"},\"inLanguage\":\"es\",\"potentialAction\":[{\"@type\":\"ReadAction\",\"target\":[\"http:\/\/www.lepetitarchive.com\/es\/iconic-el-diseno-de-interiores-dries-van-notten-ss-19\/\"]}]},{\"@type\":\"BreadcrumbList\",\"@id\":\"http:\/\/www.lepetitarchive.com\/es\/iconic-el-diseno-de-interiores-dries-van-notten-ss-19\/#breadcrumb\",\"itemListElement\":[{\"@type\":\"ListItem\",\"position\":1,\"name\":\"Home\",\"item\":\"http:\/\/www.lepetitarchive.com\/es\/\"},{\"@type\":\"ListItem\",\"position\":2,\"name\":\"#ICONIC El Dise\u00f1o de Interiores &#038; Dries Van Notten SS 19\"}]},{\"@type\":\"WebSite\",\"@id\":\"http:\/\/www.lepetitarchive.com\/es\/#website\",\"url\":\"http:\/\/www.lepetitarchive.com\/es\/\",\"name\":\"Le Petit Archive\",\"description\":\"Free Fashion University\",\"potentialAction\":[{\"@type\":\"SearchAction\",\"target\":{\"@type\":\"EntryPoint\",\"urlTemplate\":\"http:\/\/www.lepetitarchive.com\/es\/?s={search_term_string}\"},\"query-input\":\"required name=search_term_string\"}],\"inLanguage\":\"es\"},{\"@type\":\"Person\",\"@id\":\"http:\/\/www.lepetitarchive.com\/es\/#\/schema\/person\/da91d3a94da64354fed6e9b07a3cbb56\",\"name\":\"admin\",\"image\":{\"@type\":\"ImageObject\",\"inLanguage\":\"es\",\"@id\":\"http:\/\/www.lepetitarchive.com\/es\/#\/schema\/person\/image\/\",\"url\":\"http:\/\/1.gravatar.com\/avatar\/102001135d8c70200f6c23d7cb883c24?s=96&d=mm&r=g\",\"contentUrl\":\"http:\/\/1.gravatar.com\/avatar\/102001135d8c70200f6c23d7cb883c24?s=96&d=mm&r=g\",\"caption\":\"admin\"},\"url\":\"http:\/\/www.lepetitarchive.com\/es\/author\/admin\/\"}]}<\/script>\n<!-- \/ Yoast SEO plugin. -->","yoast_head_json":{"title":"#ICONIC El Dise\u00f1o de Interiores & Dries Van Notten SS 19 - Le Petit Archive","description":"Te contamos la historia que hay detr\u00e1s de los coloridos patrones que eldise\u00f1adore belga util\u00f1iz\u00f3 para su colecci\u00f3n primavera verano 19.","robots":{"index":"index","follow":"follow","max-snippet":"max-snippet:-1","max-image-preview":"max-image-preview:large","max-video-preview":"max-video-preview:-1"},"canonical":"http:\/\/www.lepetitarchive.com\/es\/iconic-el-diseno-de-interiores-dries-van-notten-ss-19\/","og_locale":"es_ES","og_type":"article","og_title":"#ICONIC El Dise\u00f1o de Interiores & Dries Van Notten SS 19 - Le Petit Archive","og_description":"Te contamos la historia que hay detr\u00e1s de los coloridos patrones que eldise\u00f1adore belga util\u00f1iz\u00f3 para su colecci\u00f3n primavera verano 19.","og_url":"http:\/\/www.lepetitarchive.com\/es\/iconic-el-diseno-de-interiores-dries-van-notten-ss-19\/","og_site_name":"Le Petit Archive","article_published_time":"2020-02-26T11:26:44+00:00","article_modified_time":"2020-02-26T11:26:46+00:00","og_image":[{"width":1200,"height":800,"url":"http:\/\/www.lepetitarchive.com\/es\/wp-content\/uploads\/sites\/2\/2020\/02\/cabecera-3.jpg","type":"image\/jpeg"}],"author":"admin","twitter_card":"summary_large_image","twitter_misc":{"Escrito por":"admin","Tiempo de lectura":"1 minuto"},"schema":{"@context":"https:\/\/schema.org","@graph":[{"@type":"WebPage","@id":"http:\/\/www.lepetitarchive.com\/es\/iconic-el-diseno-de-interiores-dries-van-notten-ss-19\/","url":"http:\/\/www.lepetitarchive.com\/es\/iconic-el-diseno-de-interiores-dries-van-notten-ss-19\/","name":"#ICONIC El Dise\u00f1o de Interiores & Dries Van Notten SS 19 - Le Petit Archive","isPartOf":{"@id":"http:\/\/www.lepetitarchive.com\/es\/#website"},"datePublished":"2020-02-26T11:26:44+00:00","dateModified":"2020-02-26T11:26:46+00:00","author":{"@id":"http:\/\/www.lepetitarchive.com\/es\/#\/schema\/person\/da91d3a94da64354fed6e9b07a3cbb56"},"description":"Te contamos la historia que hay detr\u00e1s de los coloridos patrones que eldise\u00f1adore belga util\u00f1iz\u00f3 para su colecci\u00f3n primavera verano 19.","breadcrumb":{"@id":"http:\/\/www.lepetitarchive.com\/es\/iconic-el-diseno-de-interiores-dries-van-notten-ss-19\/#breadcrumb"},"inLanguage":"es","potentialAction":[{"@type":"ReadAction","target":["http:\/\/www.lepetitarchive.com\/es\/iconic-el-diseno-de-interiores-dries-van-notten-ss-19\/"]}]},{"@type":"BreadcrumbList","@id":"http:\/\/www.lepetitarchive.com\/es\/iconic-el-diseno-de-interiores-dries-van-notten-ss-19\/#breadcrumb","itemListElement":[{"@type":"ListItem","position":1,"name":"Home","item":"http:\/\/www.lepetitarchive.com\/es\/"},{"@type":"ListItem","position":2,"name":"#ICONIC El Dise\u00f1o de Interiores &#038; Dries Van Notten SS 19"}]},{"@type":"WebSite","@id":"http:\/\/www.lepetitarchive.com\/es\/#website","url":"http:\/\/www.lepetitarchive.com\/es\/","name":"Le Petit Archive","description":"Free Fashion University","potentialAction":[{"@type":"SearchAction","target":{"@type":"EntryPoint","urlTemplate":"http:\/\/www.lepetitarchive.com\/es\/?s={search_term_string}"},"query-input":"required name=search_term_string"}],"inLanguage":"es"},{"@type":"Person","@id":"http:\/\/www.lepetitarchive.com\/es\/#\/schema\/person\/da91d3a94da64354fed6e9b07a3cbb56","name":"admin","image":{"@type":"ImageObject","inLanguage":"es","@id":"http:\/\/www.lepetitarchive.com\/es\/#\/schema\/person\/image\/","url":"http:\/\/1.gravatar.com\/avatar\/102001135d8c70200f6c23d7cb883c24?s=96&d=mm&r=g","contentUrl":"http:\/\/1.gravatar.com\/avatar\/102001135d8c70200f6c23d7cb883c24?s=96&d=mm&r=g","caption":"admin"},"url":"http:\/\/www.lepetitarchive.com\/es\/author\/admin\/"}]}},"_links":{"self":[{"href":"http:\/\/www.lepetitarchive.com\/es\/wp-json\/wp\/v2\/posts\/4288"}],"collection":[{"href":"http:\/\/www.lepetitarchive.com\/es\/wp-json\/wp\/v2\/posts"}],"about":[{"href":"http:\/\/www.lepetitarchive.com\/es\/wp-json\/wp\/v2\/types\/post"}],"author":[{"embeddable":true,"href":"http:\/\/www.lepetitarchive.com\/es\/wp-json\/wp\/v2\/users\/1"}],"replies":[{"embeddable":true,"href":"http:\/\/www.lepetitarchive.com\/es\/wp-json\/wp\/v2\/comments?post=4288"}],"version-history":[{"count":1,"href":"http:\/\/www.lepetitarchive.com\/es\/wp-json\/wp\/v2\/posts\/4288\/revisions"}],"predecessor-version":[{"id":4308,"href":"http:\/\/www.lepetitarchive.com\/es\/wp-json\/wp\/v2\/posts\/4288\/revisions\/4308"}],"wp:featuredmedia":[{"embeddable":true,"href":"http:\/\/www.lepetitarchive.com\/es\/wp-json\/wp\/v2\/media\/4298"}],"wp:attachment":[{"href":"http:\/\/www.lepetitarchive.com\/es\/wp-json\/wp\/v2\/media?parent=4288"}],"wp:term":[{"taxonomy":"category","embeddable":true,"href":"http:\/\/www.lepetitarchive.com\/es\/wp-json\/wp\/v2\/categories?post=4288"},{"taxonomy":"post_tag","embeddable":true,"href":"http:\/\/www.lepetitarchive.com\/es\/wp-json\/wp\/v2\/tags?post=4288"}],"curies":[{"name":"wp","href":"https:\/\/api.w.org\/{rel}","templated":true}]}}