{"id":4009,"date":"2019-11-27T14:49:17","date_gmt":"2019-11-27T13:49:17","guid":{"rendered":"http:\/\/www.lepetitarchive.com\/es\/?p=4009"},"modified":"2019-12-02T09:34:41","modified_gmt":"2019-12-02T08:34:41","slug":"iconic-la-ocultacion-de-identidad-y-vexed-generation","status":"publish","type":"post","link":"http:\/\/www.lepetitarchive.com\/es\/iconic-la-ocultacion-de-identidad-y-vexed-generation\/","title":{"rendered":"#ICONIC La ocultaci\u00f3n de identidad y Vexed Generation"},"content":{"rendered":"\n<div style=\"height:20px\" aria-hidden=\"true\" class=\"wp-block-spacer\"><\/div>\n\n\n\n<div class=\"alignnormal\"><div id=\"metaslider-id-4022\" style=\"max-width: 500px; margin: 0 auto;\" class=\"ml-slider-3-60-1 metaslider metaslider-flex metaslider-4022 ml-slider ms-theme-architekt has-dots-nav\" role=\"region\" aria-roledescription=\"Slideshow\" aria-label=\"vexed generation\">\n    <div id=\"metaslider_container_4022\">\n        <div id=\"metaslider_4022\">\n            <ul aria-live=\"polite\" class=\"slides\">\n                <li style=\"display: block; width: 100%;\" class=\"slide-4023 ms-image\" aria-roledescription=\"slide\" aria-label=\"slide-4023\"><img loading=\"lazy\" decoding=\"async\" src=\"http:\/\/www.lepetitarchive.com\/es\/wp-content\/uploads\/sites\/2\/2019\/11\/1-2-500x500.jpg\" height=\"500\" width=\"500\" alt=\"vexed generation historia\" class=\"slider-4022 slide-4023\" title=\"vexed generation historia\" \/><\/li>\n                <li style=\"display: none; width: 100%;\" class=\"slide-4024 ms-image\" aria-roledescription=\"slide\" aria-label=\"slide-4024\"><img loading=\"lazy\" decoding=\"async\" src=\"http:\/\/www.lepetitarchive.com\/es\/wp-content\/uploads\/sites\/2\/2019\/11\/2-2-500x500.jpg\" height=\"500\" width=\"500\" alt=\"vexed generation historia\" class=\"slider-4022 slide-4024\" title=\"vexed generation historia\" \/><\/li>\n                <li style=\"display: none; width: 100%;\" class=\"slide-4025 ms-image\" aria-roledescription=\"slide\" aria-label=\"slide-4025\"><img loading=\"lazy\" decoding=\"async\" src=\"http:\/\/www.lepetitarchive.com\/es\/wp-content\/uploads\/sites\/2\/2019\/11\/3-2.jpg\" height=\"500\" width=\"500\" alt=\"vexed generation historia\" class=\"slider-4022 slide-4025\" title=\"vexed generation historia\" \/><\/li>\n                <li style=\"display: none; width: 100%;\" class=\"slide-4026 ms-image\" aria-roledescription=\"slide\" aria-label=\"slide-4026\"><img loading=\"lazy\" decoding=\"async\" src=\"http:\/\/www.lepetitarchive.com\/es\/wp-content\/uploads\/sites\/2\/2019\/11\/4-2-500x500.jpg\" height=\"500\" width=\"500\" alt=\"vexed generation historia\" class=\"slider-4022 slide-4026\" title=\"vexed generation historia\" \/><\/li>\n                <li style=\"display: none; width: 100%;\" class=\"slide-4027 ms-image\" aria-roledescription=\"slide\" aria-label=\"slide-4027\"><img loading=\"lazy\" decoding=\"async\" src=\"http:\/\/www.lepetitarchive.com\/es\/wp-content\/uploads\/sites\/2\/2019\/11\/5-2.jpg\" height=\"500\" width=\"500\" alt=\"vexed generation historia\" class=\"slider-4022 slide-4027\" title=\"vexed generation historia\" \/><\/li>\n                <li style=\"display: none; width: 100%;\" class=\"slide-4028 ms-image\" aria-roledescription=\"slide\" aria-label=\"slide-4028\"><img loading=\"lazy\" decoding=\"async\" src=\"http:\/\/www.lepetitarchive.com\/es\/wp-content\/uploads\/sites\/2\/2019\/11\/6-2-500x500.jpg\" height=\"500\" width=\"500\" alt=\"vexed generation historia\" class=\"slider-4022 slide-4028\" title=\"vexed generation historia\" \/><\/li>\n                <li style=\"display: none; width: 100%;\" class=\"slide-4029 ms-image\" aria-roledescription=\"slide\" aria-label=\"slide-4029\"><img loading=\"lazy\" decoding=\"async\" src=\"http:\/\/www.lepetitarchive.com\/es\/wp-content\/uploads\/sites\/2\/2019\/11\/8-2-500x500.jpg\" height=\"500\" width=\"500\" alt=\"vexed generation historia\" class=\"slider-4022 slide-4029\" title=\"vexed generation historia\" \/><\/li>\n                <li style=\"display: none; width: 100%;\" class=\"slide-4030 ms-image\" aria-roledescription=\"slide\" aria-label=\"slide-4030\"><img loading=\"lazy\" decoding=\"async\" src=\"http:\/\/www.lepetitarchive.com\/es\/wp-content\/uploads\/sites\/2\/2019\/11\/9-2-500x500.jpg\" height=\"500\" width=\"500\" alt=\"vexed generation historia\" class=\"slider-4022 slide-4030\" title=\"vexed generation historia\" \/><\/li>\n                <li style=\"display: none; width: 100%;\" class=\"slide-4031 ms-image\" aria-roledescription=\"slide\" aria-label=\"slide-4031\"><img loading=\"lazy\" decoding=\"async\" src=\"http:\/\/www.lepetitarchive.com\/es\/wp-content\/uploads\/sites\/2\/2019\/11\/10-2-500x500.jpg\" height=\"500\" width=\"500\" alt=\"vexed generation historia\" class=\"slider-4022 slide-4031\" title=\"vexed generation historia\" \/><\/li>\n            <\/ul>\n        <\/div>\n        \n    <\/div>\n<\/div><\/div>\n\n\n\n<div style=\"height:20px\" aria-hidden=\"true\" class=\"wp-block-spacer\"><\/div>\n\n\n\n<p>Todo comienza a mediados de los 90, cuando el <strong>microbi\u00f3logo<\/strong> Adam Thorpe y el <strong>dise\u00f1ador gr\u00e1fico<\/strong> Joe Hunter, deciden lanzar una c\u00e1psula de ropa t\u00e9cnica en respuesta al empeoramiento de la calidad del aire, la proliferaci\u00f3n de las c\u00e1maras CCTV y las leyes antiprotesta.<\/p>\n\n\n\n<p>Alejado del techwear actual; Vexed Generation va m\u00e1s all\u00e1 de la utilidad urbana, trabajando en el \u00e1mbito social-pol\u00edtico. <strong>Lucha contra la marginalidad<\/strong>, la legislaci\u00f3n y la ridiculizaci\u00f3n que ejercieron los medios de comunicaci\u00f3n en los barrios menos pudientes del Londres de los 90.<\/p>\n\n\n\n<p>Sus piezas dotan <strong>gran importancia a la fabricaci\u00f3n y la protecci\u00f3n de sus tejidos<\/strong>, empleando en la mayor\u00eda de los casos textiles militares. Capuchas y collares altos, actuaban como m\u00e1scaras y filtros ante la violaci\u00f3n de la identidad y la contaminaci\u00f3n del aire. Y por su parte, el nylon bal\u00edstico supon\u00eda un relleno estrat\u00e9gico frente a las cargas policiales.<\/p>\n\n\n\n<p><strong>Veinte a\u00f1os despu\u00e9s<\/strong>, la marca de culto brit\u00e1nica resurge, manteniendo su discurso transgresor, pero adapt\u00e1ndolo a los tiempos que corren. El desarrollo tecnol\u00f3gico, el individualismo o la migraci\u00f3n entran en juego m\u00e1s que nunca. Sin embargo, contemplamos a Vexed Generation como una marca conceptual, una marca manifiesto que nos recuerda al lema de William Morris: \u201cQuise dise\u00f1ar para todos y acab\u00e9 haci\u00e9ndolo para ricos\u201d. &nbsp;<\/p>\n\n\n\n<p>Escrito por <a href=\"https:\/\/www.instagram.com\/gionavarre\/\">Gio Navarre<\/a><\/p>\n\n\n\n<div style=\"height:20px\" aria-hidden=\"true\" class=\"wp-block-spacer\"><\/div>\n\n\n\n<figure class=\"wp-block-embed-youtube wp-block-embed is-type-video is-provider-youtube wp-embed-aspect-4-3 wp-has-aspect-ratio\"><div class=\"wp-block-embed__wrapper\">\n<iframe loading=\"lazy\" title=\"VEXED GENERATION\" width=\"1140\" height=\"855\" src=\"https:\/\/www.youtube.com\/embed\/KtYQp46ENsI?feature=oembed\" frameborder=\"0\" allow=\"accelerometer; autoplay; encrypted-media; gyroscope; picture-in-picture\" allowfullscreen><\/iframe>\n<\/div><\/figure>\n","protected":false},"excerpt":{"rendered":"<p>Todo comienza a mediados de los 90, cuando el microbi\u00f3logo Adam Thorpe y el dise\u00f1ador gr\u00e1fico Joe Hunter, deciden lanzar una c\u00e1psula de ropa t\u00e9cnica en respuesta al empeoramiento de la calidad del aire, la proliferaci\u00f3n de las c\u00e1maras CCTV y las leyes antiprotesta. Alejado del techwear actual; Vexed Generation va m\u00e1s all\u00e1 de la [&hellip;]<\/p>\n","protected":false},"author":1,"featured_media":4020,"comment_status":"open","ping_status":"open","sticky":false,"template":"","format":"standard","meta":{"footnotes":""},"categories":[3],"tags":[],"yoast_head":"<!-- This site is optimized with the Yoast SEO plugin v21.9.1 - https:\/\/yoast.com\/wordpress\/plugins\/seo\/ -->\n<title>#ICONIC La ocultaci\u00f3n de identidad y Vexed Generation - Le Petit Archive<\/title>\n<meta name=\"description\" content=\"Te contamos la historia que hay detr\u00e1s de esta marca de culto de Londres que trata de proteger la identidad y salud humana.\" \/>\n<meta name=\"robots\" content=\"index, follow, max-snippet:-1, max-image-preview:large, max-video-preview:-1\" \/>\n<link rel=\"canonical\" href=\"http:\/\/www.lepetitarchive.com\/es\/iconic-la-ocultacion-de-identidad-y-vexed-generation\/\" \/>\n<meta property=\"og:locale\" content=\"es_ES\" \/>\n<meta property=\"og:type\" content=\"article\" \/>\n<meta property=\"og:title\" content=\"#ICONIC La ocultaci\u00f3n de identidad y Vexed Generation - Le Petit Archive\" \/>\n<meta property=\"og:description\" content=\"Te contamos la historia que hay detr\u00e1s de esta marca de culto de Londres que trata de proteger la identidad y salud humana.\" \/>\n<meta property=\"og:url\" content=\"http:\/\/www.lepetitarchive.com\/es\/iconic-la-ocultacion-de-identidad-y-vexed-generation\/\" \/>\n<meta property=\"og:site_name\" content=\"Le Petit Archive\" \/>\n<meta property=\"article:published_time\" content=\"2019-11-27T13:49:17+00:00\" \/>\n<meta property=\"article:modified_time\" content=\"2019-12-02T08:34:41+00:00\" \/>\n<meta property=\"og:image\" content=\"http:\/\/www.lepetitarchive.com\/es\/wp-content\/uploads\/sites\/2\/2019\/11\/CABECERA.jpg\" \/>\n\t<meta property=\"og:image:width\" content=\"1500\" \/>\n\t<meta property=\"og:image:height\" content=\"1060\" \/>\n\t<meta property=\"og:image:type\" content=\"image\/jpeg\" \/>\n<meta name=\"author\" content=\"admin\" \/>\n<meta name=\"twitter:card\" content=\"summary_large_image\" \/>\n<meta name=\"twitter:label1\" content=\"Escrito por\" \/>\n\t<meta name=\"twitter:data1\" content=\"admin\" \/>\n\t<meta name=\"twitter:label2\" content=\"Tiempo de lectura\" \/>\n\t<meta name=\"twitter:data2\" content=\"1 minuto\" \/>\n<script type=\"application\/ld+json\" class=\"yoast-schema-graph\">{\"@context\":\"https:\/\/schema.org\",\"@graph\":[{\"@type\":\"WebPage\",\"@id\":\"http:\/\/www.lepetitarchive.com\/es\/iconic-la-ocultacion-de-identidad-y-vexed-generation\/\",\"url\":\"http:\/\/www.lepetitarchive.com\/es\/iconic-la-ocultacion-de-identidad-y-vexed-generation\/\",\"name\":\"#ICONIC La ocultaci\u00f3n de identidad y Vexed Generation - Le Petit Archive\",\"isPartOf\":{\"@id\":\"https:\/\/www.lepetitarchive.com\/es\/#website\"},\"datePublished\":\"2019-11-27T13:49:17+00:00\",\"dateModified\":\"2019-12-02T08:34:41+00:00\",\"author\":{\"@id\":\"https:\/\/www.lepetitarchive.com\/es\/#\/schema\/person\/da91d3a94da64354fed6e9b07a3cbb56\"},\"description\":\"Te contamos la historia que hay detr\u00e1s de esta marca de culto de Londres que trata de proteger la identidad y salud humana.\",\"breadcrumb\":{\"@id\":\"http:\/\/www.lepetitarchive.com\/es\/iconic-la-ocultacion-de-identidad-y-vexed-generation\/#breadcrumb\"},\"inLanguage\":\"es\",\"potentialAction\":[{\"@type\":\"ReadAction\",\"target\":[\"http:\/\/www.lepetitarchive.com\/es\/iconic-la-ocultacion-de-identidad-y-vexed-generation\/\"]}]},{\"@type\":\"BreadcrumbList\",\"@id\":\"http:\/\/www.lepetitarchive.com\/es\/iconic-la-ocultacion-de-identidad-y-vexed-generation\/#breadcrumb\",\"itemListElement\":[{\"@type\":\"ListItem\",\"position\":1,\"name\":\"Home\",\"item\":\"https:\/\/www.lepetitarchive.com\/es\/\"},{\"@type\":\"ListItem\",\"position\":2,\"name\":\"#ICONIC La ocultaci\u00f3n de identidad y Vexed Generation\"}]},{\"@type\":\"WebSite\",\"@id\":\"https:\/\/www.lepetitarchive.com\/es\/#website\",\"url\":\"https:\/\/www.lepetitarchive.com\/es\/\",\"name\":\"Le Petit Archive\",\"description\":\"Free Fashion University\",\"potentialAction\":[{\"@type\":\"SearchAction\",\"target\":{\"@type\":\"EntryPoint\",\"urlTemplate\":\"https:\/\/www.lepetitarchive.com\/es\/?s={search_term_string}\"},\"query-input\":\"required name=search_term_string\"}],\"inLanguage\":\"es\"},{\"@type\":\"Person\",\"@id\":\"https:\/\/www.lepetitarchive.com\/es\/#\/schema\/person\/da91d3a94da64354fed6e9b07a3cbb56\",\"name\":\"admin\",\"image\":{\"@type\":\"ImageObject\",\"inLanguage\":\"es\",\"@id\":\"https:\/\/www.lepetitarchive.com\/es\/#\/schema\/person\/image\/\",\"url\":\"http:\/\/1.gravatar.com\/avatar\/102001135d8c70200f6c23d7cb883c24?s=96&d=mm&r=g\",\"contentUrl\":\"http:\/\/1.gravatar.com\/avatar\/102001135d8c70200f6c23d7cb883c24?s=96&d=mm&r=g\",\"caption\":\"admin\"},\"url\":\"http:\/\/www.lepetitarchive.com\/es\/author\/admin\/\"}]}<\/script>\n<!-- \/ Yoast SEO plugin. -->","yoast_head_json":{"title":"#ICONIC La ocultaci\u00f3n de identidad y Vexed Generation - Le Petit Archive","description":"Te contamos la historia que hay detr\u00e1s de esta marca de culto de Londres que trata de proteger la identidad y salud humana.","robots":{"index":"index","follow":"follow","max-snippet":"max-snippet:-1","max-image-preview":"max-image-preview:large","max-video-preview":"max-video-preview:-1"},"canonical":"http:\/\/www.lepetitarchive.com\/es\/iconic-la-ocultacion-de-identidad-y-vexed-generation\/","og_locale":"es_ES","og_type":"article","og_title":"#ICONIC La ocultaci\u00f3n de identidad y Vexed Generation - Le Petit Archive","og_description":"Te contamos la historia que hay detr\u00e1s de esta marca de culto de Londres que trata de proteger la identidad y salud humana.","og_url":"http:\/\/www.lepetitarchive.com\/es\/iconic-la-ocultacion-de-identidad-y-vexed-generation\/","og_site_name":"Le Petit Archive","article_published_time":"2019-11-27T13:49:17+00:00","article_modified_time":"2019-12-02T08:34:41+00:00","og_image":[{"width":1500,"height":1060,"url":"http:\/\/www.lepetitarchive.com\/es\/wp-content\/uploads\/sites\/2\/2019\/11\/CABECERA.jpg","type":"image\/jpeg"}],"author":"admin","twitter_card":"summary_large_image","twitter_misc":{"Escrito por":"admin","Tiempo de lectura":"1 minuto"},"schema":{"@context":"https:\/\/schema.org","@graph":[{"@type":"WebPage","@id":"http:\/\/www.lepetitarchive.com\/es\/iconic-la-ocultacion-de-identidad-y-vexed-generation\/","url":"http:\/\/www.lepetitarchive.com\/es\/iconic-la-ocultacion-de-identidad-y-vexed-generation\/","name":"#ICONIC La ocultaci\u00f3n de identidad y Vexed Generation - Le Petit Archive","isPartOf":{"@id":"https:\/\/www.lepetitarchive.com\/es\/#website"},"datePublished":"2019-11-27T13:49:17+00:00","dateModified":"2019-12-02T08:34:41+00:00","author":{"@id":"https:\/\/www.lepetitarchive.com\/es\/#\/schema\/person\/da91d3a94da64354fed6e9b07a3cbb56"},"description":"Te contamos la historia que hay detr\u00e1s de esta marca de culto de Londres que trata de proteger la identidad y salud humana.","breadcrumb":{"@id":"http:\/\/www.lepetitarchive.com\/es\/iconic-la-ocultacion-de-identidad-y-vexed-generation\/#breadcrumb"},"inLanguage":"es","potentialAction":[{"@type":"ReadAction","target":["http:\/\/www.lepetitarchive.com\/es\/iconic-la-ocultacion-de-identidad-y-vexed-generation\/"]}]},{"@type":"BreadcrumbList","@id":"http:\/\/www.lepetitarchive.com\/es\/iconic-la-ocultacion-de-identidad-y-vexed-generation\/#breadcrumb","itemListElement":[{"@type":"ListItem","position":1,"name":"Home","item":"https:\/\/www.lepetitarchive.com\/es\/"},{"@type":"ListItem","position":2,"name":"#ICONIC La ocultaci\u00f3n de identidad y Vexed Generation"}]},{"@type":"WebSite","@id":"https:\/\/www.lepetitarchive.com\/es\/#website","url":"https:\/\/www.lepetitarchive.com\/es\/","name":"Le Petit Archive","description":"Free Fashion University","potentialAction":[{"@type":"SearchAction","target":{"@type":"EntryPoint","urlTemplate":"https:\/\/www.lepetitarchive.com\/es\/?s={search_term_string}"},"query-input":"required name=search_term_string"}],"inLanguage":"es"},{"@type":"Person","@id":"https:\/\/www.lepetitarchive.com\/es\/#\/schema\/person\/da91d3a94da64354fed6e9b07a3cbb56","name":"admin","image":{"@type":"ImageObject","inLanguage":"es","@id":"https:\/\/www.lepetitarchive.com\/es\/#\/schema\/person\/image\/","url":"http:\/\/1.gravatar.com\/avatar\/102001135d8c70200f6c23d7cb883c24?s=96&d=mm&r=g","contentUrl":"http:\/\/1.gravatar.com\/avatar\/102001135d8c70200f6c23d7cb883c24?s=96&d=mm&r=g","caption":"admin"},"url":"http:\/\/www.lepetitarchive.com\/es\/author\/admin\/"}]}},"_links":{"self":[{"href":"http:\/\/www.lepetitarchive.com\/es\/wp-json\/wp\/v2\/posts\/4009"}],"collection":[{"href":"http:\/\/www.lepetitarchive.com\/es\/wp-json\/wp\/v2\/posts"}],"about":[{"href":"http:\/\/www.lepetitarchive.com\/es\/wp-json\/wp\/v2\/types\/post"}],"author":[{"embeddable":true,"href":"http:\/\/www.lepetitarchive.com\/es\/wp-json\/wp\/v2\/users\/1"}],"replies":[{"embeddable":true,"href":"http:\/\/www.lepetitarchive.com\/es\/wp-json\/wp\/v2\/comments?post=4009"}],"version-history":[{"count":3,"href":"http:\/\/www.lepetitarchive.com\/es\/wp-json\/wp\/v2\/posts\/4009\/revisions"}],"predecessor-version":[{"id":4102,"href":"http:\/\/www.lepetitarchive.com\/es\/wp-json\/wp\/v2\/posts\/4009\/revisions\/4102"}],"wp:featuredmedia":[{"embeddable":true,"href":"http:\/\/www.lepetitarchive.com\/es\/wp-json\/wp\/v2\/media\/4020"}],"wp:attachment":[{"href":"http:\/\/www.lepetitarchive.com\/es\/wp-json\/wp\/v2\/media?parent=4009"}],"wp:term":[{"taxonomy":"category","embeddable":true,"href":"http:\/\/www.lepetitarchive.com\/es\/wp-json\/wp\/v2\/categories?post=4009"},{"taxonomy":"post_tag","embeddable":true,"href":"http:\/\/www.lepetitarchive.com\/es\/wp-json\/wp\/v2\/tags?post=4009"}],"curies":[{"name":"wp","href":"https:\/\/api.w.org\/{rel}","templated":true}]}}