{"id":3773,"date":"2019-10-15T13:43:37","date_gmt":"2019-10-15T11:43:37","guid":{"rendered":"http:\/\/www.lepetitarchive.com\/es\/?p=3773"},"modified":"2019-10-15T13:54:34","modified_gmt":"2019-10-15T11:54:34","slug":"iconic-las-orejas-de-conejo-dentro-del-mundo-de-la-moda","status":"publish","type":"post","link":"http:\/\/www.lepetitarchive.com\/es\/iconic-las-orejas-de-conejo-dentro-del-mundo-de-la-moda\/","title":{"rendered":"#ICONIC Las Orejas de Conejo dentro del Mundo de la Moda"},"content":{"rendered":"\n<div style=\"height:20px\" aria-hidden=\"true\" class=\"wp-block-spacer\"><\/div>\n\n\n\n<div class=\"alignnormal\"><div id=\"metaslider-id-3789\" style=\"max-width: 500px; margin: 0 auto;\" class=\"ml-slider-3-60-1 metaslider metaslider-flex metaslider-3789 ml-slider ms-theme-architekt has-dots-nav\" role=\"region\" aria-roledescription=\"Slideshow\" aria-label=\"bunny ears\">\n    <div id=\"metaslider_container_3789\">\n        <div id=\"metaslider_3789\">\n            <ul aria-live=\"polite\" class=\"slides\">\n                <li style=\"display: block; width: 100%;\" class=\"slide-3790 ms-image\" aria-roledescription=\"slide\" aria-label=\"slide-3790\"><img loading=\"lazy\" decoding=\"async\" src=\"http:\/\/www.lepetitarchive.com\/es\/wp-content\/uploads\/sites\/2\/2019\/10\/1-2-2-500x500.jpg\" height=\"500\" width=\"500\" alt=\"orejas conejo fashion moda comme des gar\u00e7ons gummo\" class=\"slider-3789 slide-3790\" title=\"orejas conejo fashion moda comme des gar\u00e7ons gummo\" \/><\/li>\n                <li style=\"display: none; width: 100%;\" class=\"slide-3791 ms-image\" aria-roledescription=\"slide\" aria-label=\"slide-3791\"><img loading=\"lazy\" decoding=\"async\" src=\"http:\/\/www.lepetitarchive.com\/es\/wp-content\/uploads\/sites\/2\/2019\/10\/2-500x500.jpg\" height=\"500\" width=\"500\" alt=\"orejas conejo fashion moda comme des gar\u00e7ons gummo\" class=\"slider-3789 slide-3791\" title=\"orejas conejo fashion moda comme des gar\u00e7ons gummo\" \/><\/li>\n                <li style=\"display: none; width: 100%;\" class=\"slide-3792 ms-image\" aria-roledescription=\"slide\" aria-label=\"slide-3792\"><img loading=\"lazy\" decoding=\"async\" src=\"http:\/\/www.lepetitarchive.com\/es\/wp-content\/uploads\/sites\/2\/2019\/10\/3-2-2-500x500.jpg\" height=\"500\" width=\"500\" alt=\"orejas conejo fashion moda comme des gar\u00e7ons gummo\" class=\"slider-3789 slide-3792\" title=\"orejas conejo fashion moda comme des gar\u00e7ons gummo\" \/><\/li>\n                <li style=\"display: none; width: 100%;\" class=\"slide-3793 ms-image\" aria-roledescription=\"slide\" aria-label=\"slide-3793\"><img loading=\"lazy\" decoding=\"async\" src=\"http:\/\/www.lepetitarchive.com\/es\/wp-content\/uploads\/sites\/2\/2019\/10\/4.jpg\" height=\"500\" width=\"500\" alt=\"orejas conejo fashion moda comme des gar\u00e7ons gummo\" class=\"slider-3789 slide-3793\" title=\"orejas conejo fashion moda comme des gar\u00e7ons gummo\" \/><\/li>\n                <li style=\"display: none; width: 100%;\" class=\"slide-3794 ms-image\" aria-roledescription=\"slide\" aria-label=\"slide-3794\"><img loading=\"lazy\" decoding=\"async\" src=\"http:\/\/www.lepetitarchive.com\/es\/wp-content\/uploads\/sites\/2\/2019\/10\/5-1.jpg\" height=\"500\" width=\"500\" alt=\"orejas conejo fashion moda comme des gar\u00e7ons gummo\" class=\"slider-3789 slide-3794\" title=\"orejas conejo fashion moda comme des gar\u00e7ons gummo\" \/><\/li>\n                <li style=\"display: none; width: 100%;\" class=\"slide-3795 ms-image\" aria-roledescription=\"slide\" aria-label=\"slide-3795\"><img loading=\"lazy\" decoding=\"async\" src=\"http:\/\/www.lepetitarchive.com\/es\/wp-content\/uploads\/sites\/2\/2019\/10\/6-1-500x500.jpg\" height=\"500\" width=\"500\" alt=\"orejas conejo fashion moda comme des gar\u00e7ons gummo\" class=\"slider-3789 slide-3795\" title=\"orejas conejo fashion moda comme des gar\u00e7ons gummo\" \/><\/li>\n                <li style=\"display: none; width: 100%;\" class=\"slide-3796 ms-image\" aria-roledescription=\"slide\" aria-label=\"slide-3796\"><img loading=\"lazy\" decoding=\"async\" src=\"http:\/\/www.lepetitarchive.com\/es\/wp-content\/uploads\/sites\/2\/2019\/10\/7-2-500x500.jpg\" height=\"500\" width=\"500\" alt=\"orejas conejo fashion moda comme des gar\u00e7ons gummo\" class=\"slider-3789 slide-3796\" title=\"orejas conejo fashion moda comme des gar\u00e7ons gummo\" \/><\/li>\n                <li style=\"display: none; width: 100%;\" class=\"slide-3797 ms-image\" aria-roledescription=\"slide\" aria-label=\"slide-3797\"><img loading=\"lazy\" decoding=\"async\" src=\"http:\/\/www.lepetitarchive.com\/es\/wp-content\/uploads\/sites\/2\/2019\/10\/8-1-500x500.jpg\" height=\"500\" width=\"500\" alt=\"orejas conejo fashion moda comme des gar\u00e7ons gummo\" class=\"slider-3789 slide-3797\" title=\"orejas conejo fashion moda comme des gar\u00e7ons gummo\" \/><\/li>\n                <li style=\"display: none; width: 100%;\" class=\"slide-3798 ms-image\" aria-roledescription=\"slide\" aria-label=\"slide-3798\"><img loading=\"lazy\" decoding=\"async\" src=\"http:\/\/www.lepetitarchive.com\/es\/wp-content\/uploads\/sites\/2\/2019\/10\/9-500x500.jpg\" height=\"500\" width=\"500\" alt=\"orejas conejo fashion moda comme des gar\u00e7ons gummo\" class=\"slider-3789 slide-3798\" title=\"orejas conejo fashion moda comme des gar\u00e7ons gummo\" \/><\/li>\n                <li style=\"display: none; width: 100%;\" class=\"slide-3799 ms-image\" aria-roledescription=\"slide\" aria-label=\"slide-3799\"><img loading=\"lazy\" decoding=\"async\" src=\"http:\/\/www.lepetitarchive.com\/es\/wp-content\/uploads\/sites\/2\/2019\/10\/10-1-500x500.jpg\" height=\"500\" width=\"500\" alt=\"orejas conejo fashion moda comme des gar\u00e7ons gummo\" class=\"slider-3789 slide-3799\" title=\"orejas conejo fashion moda comme des gar\u00e7ons gummo\" \/><\/li>\n            <\/ul>\n        <\/div>\n        \n    <\/div>\n<\/div><\/div>\n\n\n\n<div style=\"height:20px\" aria-hidden=\"true\" class=\"wp-block-spacer\"><\/div>\n\n\n\n<p>Hemos hecho una peque\u00f1a recopilaci\u00f3n de los momentos donde\neste elemento proveniente del mundo del disfraz ha dado el salto en el mundo de\nla moda.<\/p>\n\n\n\n<p>El dise\u00f1ador austriaco <strong>Helmut Lang<\/strong> para su colecci\u00f3n FW 98 tuvo a una de sus modelos desfilando con uno de estos complementos acompa\u00f1ado de un look minimalista y zapatos creando un contraste totalmente surrealista. <\/p>\n\n\n\n<p>Uno de los m\u00e1ximos exponente en llevar esta tipo de est\u00e9tica animada a sus colecciones es la casa<strong> Comme de Gar\u00e7ons<\/strong>. En colecciones como la de FW 13, lanz\u00f3 una gorra con orejas, que m\u00e1s tarde ser\u00eda vestida por <strong>Victoria Beckham<\/strong>; y en la de FW 18 sac\u00f3 gorros con orejas de conejo y rat\u00f3n, que m\u00e1s tarde se har\u00edan realmente populares tras ser vestidos por <strong>A$ap Rocky<\/strong> en su video \u201cKids turned out fine\u201d.<\/p>\n\n\n\n<p>Otro momento interesante fue en el que el dise\u00f1ador <strong>Thom Browne<\/strong> en su colecci\u00f3n FW 14 visti\u00f3 a muchos de sus modelos trajeados con extrafalarios gorros de conejo.<\/p>\n\n\n\n<p>Tambi\u00e9n mencionar la portada de <strong>Dua Lipa<\/strong> para el relanzamiento de la ic\u00f3nica revista \u201cThe Face\u201d en la que se la puede ver vistiendo un adorable gorro rosado con estas orejitas. Este fue dise\u00f1ado por <a href=\"https:\/\/www.instagram.com\/gareth_wrighton\/\">@gareth_wrighton<\/a>, a quien recomendamos seguir muy de cerca. <\/p>\n\n\n\n<p>De donde crees que viene todas esta inspiraci\u00f3n a la hora de crear este tipo de elementos? De pel\u00edculas de culto como Gummo o Donnie Darko? O de todo el movimiento Playboy americano?<\/p>\n\n\n\n<p>M\u00e1s abajo os dejamos los v\u00eddeos de los momentos referenciados en este art\u00edculo. <\/p>\n\n\n\n<p>Escrito por <a href=\"https:\/\/www.instagram.com\/damnflackoyoukillinit\/\">Adri\u00e1n Lorca<\/a><\/p>\n\n\n\n<div style=\"height:20px\" aria-hidden=\"true\" class=\"wp-block-spacer\"><\/div>\n\n\n\n<figure class=\"wp-block-embed-youtube wp-block-embed is-type-video is-provider-youtube wp-embed-aspect-16-9 wp-has-aspect-ratio\"><div class=\"wp-block-embed__wrapper\">\n<iframe loading=\"lazy\" title=\"A$AP Rocky - Kids Turned Out Fine (Official Video)\" width=\"1140\" height=\"641\" src=\"https:\/\/www.youtube.com\/embed\/FUQI-o02JYU?feature=oembed\" frameborder=\"0\" allow=\"accelerometer; autoplay; encrypted-media; gyroscope; picture-in-picture\" allowfullscreen><\/iframe>\n<\/div><\/figure>\n\n\n\n<figure class=\"wp-block-embed-youtube wp-block-embed is-type-video is-provider-youtube wp-embed-aspect-16-9 wp-has-aspect-ratio\"><div class=\"wp-block-embed__wrapper\">\n<iframe loading=\"lazy\" title=\"Comme des Gar\u00e7ons Shirt | Fall\/Winter 2018\/19 | PFW\" width=\"1140\" height=\"641\" src=\"https:\/\/www.youtube.com\/embed\/Lzu9a-KYTKA?feature=oembed\" frameborder=\"0\" allow=\"accelerometer; autoplay; encrypted-media; gyroscope; picture-in-picture\" allowfullscreen><\/iframe>\n<\/div><\/figure>\n\n\n\n<figure class=\"wp-block-embed-youtube wp-block-embed is-type-video is-provider-youtube wp-embed-aspect-4-3 wp-has-aspect-ratio\"><div class=\"wp-block-embed__wrapper\">\n<iframe loading=\"lazy\" title=\"HELMUT LANG Fall Winter 1997 1998 New York - Fashion Channel\" width=\"1140\" height=\"855\" src=\"https:\/\/www.youtube.com\/embed\/QGq04_tICVE?feature=oembed\" frameborder=\"0\" allow=\"accelerometer; autoplay; encrypted-media; gyroscope; picture-in-picture\" allowfullscreen><\/iframe>\n<\/div><\/figure>\n\n\n\n<figure class=\"wp-block-embed-youtube wp-block-embed is-type-video is-provider-youtube wp-embed-aspect-16-9 wp-has-aspect-ratio\"><div class=\"wp-block-embed__wrapper\">\n<iframe loading=\"lazy\" title=\"Thom Browne Fall 2014 Menswear\" width=\"1140\" height=\"641\" src=\"https:\/\/www.youtube.com\/embed\/RCDJusfr3v4?feature=oembed\" frameborder=\"0\" allow=\"accelerometer; autoplay; encrypted-media; gyroscope; picture-in-picture\" allowfullscreen><\/iframe>\n<\/div><\/figure>\n","protected":false},"excerpt":{"rendered":"<p>Hemos hecho una peque\u00f1a recopilaci\u00f3n de los momentos donde este elemento proveniente del mundo del disfraz ha dado el salto en el mundo de la moda. El dise\u00f1ador austriaco Helmut Lang para su colecci\u00f3n FW 98 tuvo a una de sus modelos desfilando con uno de estos complementos acompa\u00f1ado de un look minimalista y zapatos [&hellip;]<\/p>\n","protected":false},"author":1,"featured_media":3784,"comment_status":"open","ping_status":"open","sticky":false,"template":"","format":"standard","meta":{"footnotes":""},"categories":[3],"tags":[],"yoast_head":"<!-- This site is optimized with the Yoast SEO plugin v21.9.1 - https:\/\/yoast.com\/wordpress\/plugins\/seo\/ -->\n<title>#ICONIC Las Orejas de Conejo dentro del Mundo de la Moda - Le Petit Archive<\/title>\n<meta name=\"description\" content=\"Hacemos una recopilaci\u00f3n de los momentos dentro de la moda en los que han aparecido este complemento proviniente del mundo del disfraz.\" \/>\n<meta name=\"robots\" content=\"index, follow, max-snippet:-1, max-image-preview:large, max-video-preview:-1\" \/>\n<link rel=\"canonical\" href=\"http:\/\/www.lepetitarchive.com\/es\/iconic-las-orejas-de-conejo-dentro-del-mundo-de-la-moda\/\" \/>\n<meta property=\"og:locale\" content=\"es_ES\" \/>\n<meta property=\"og:type\" content=\"article\" \/>\n<meta property=\"og:title\" content=\"#ICONIC Las Orejas de Conejo dentro del Mundo de la Moda - Le Petit Archive\" \/>\n<meta property=\"og:description\" content=\"Hacemos una recopilaci\u00f3n de los momentos dentro de la moda en los que han aparecido este complemento proviniente del mundo del disfraz.\" \/>\n<meta property=\"og:url\" content=\"http:\/\/www.lepetitarchive.com\/es\/iconic-las-orejas-de-conejo-dentro-del-mundo-de-la-moda\/\" \/>\n<meta property=\"og:site_name\" content=\"Le Petit Archive\" \/>\n<meta property=\"article:published_time\" content=\"2019-10-15T11:43:37+00:00\" \/>\n<meta property=\"article:modified_time\" content=\"2019-10-15T11:54:34+00:00\" \/>\n<meta property=\"og:image\" content=\"http:\/\/www.lepetitarchive.com\/es\/wp-content\/uploads\/sites\/2\/2019\/10\/cabecera.png\" \/>\n\t<meta property=\"og:image:width\" content=\"964\" \/>\n\t<meta property=\"og:image:height\" content=\"609\" \/>\n\t<meta property=\"og:image:type\" content=\"image\/png\" \/>\n<meta name=\"author\" content=\"admin\" \/>\n<meta name=\"twitter:card\" content=\"summary_large_image\" \/>\n<meta name=\"twitter:label1\" content=\"Escrito por\" \/>\n\t<meta name=\"twitter:data1\" content=\"admin\" \/>\n\t<meta name=\"twitter:label2\" content=\"Tiempo de lectura\" \/>\n\t<meta name=\"twitter:data2\" content=\"2 minutos\" \/>\n<script type=\"application\/ld+json\" class=\"yoast-schema-graph\">{\"@context\":\"https:\/\/schema.org\",\"@graph\":[{\"@type\":\"WebPage\",\"@id\":\"http:\/\/www.lepetitarchive.com\/es\/iconic-las-orejas-de-conejo-dentro-del-mundo-de-la-moda\/\",\"url\":\"http:\/\/www.lepetitarchive.com\/es\/iconic-las-orejas-de-conejo-dentro-del-mundo-de-la-moda\/\",\"name\":\"#ICONIC Las Orejas de Conejo dentro del Mundo de la Moda - Le Petit Archive\",\"isPartOf\":{\"@id\":\"https:\/\/www.lepetitarchive.com\/es\/#website\"},\"datePublished\":\"2019-10-15T11:43:37+00:00\",\"dateModified\":\"2019-10-15T11:54:34+00:00\",\"author\":{\"@id\":\"https:\/\/www.lepetitarchive.com\/es\/#\/schema\/person\/da91d3a94da64354fed6e9b07a3cbb56\"},\"description\":\"Hacemos una recopilaci\u00f3n de los momentos dentro de la moda en los que han aparecido este complemento proviniente del mundo del disfraz.\",\"breadcrumb\":{\"@id\":\"http:\/\/www.lepetitarchive.com\/es\/iconic-las-orejas-de-conejo-dentro-del-mundo-de-la-moda\/#breadcrumb\"},\"inLanguage\":\"es\",\"potentialAction\":[{\"@type\":\"ReadAction\",\"target\":[\"http:\/\/www.lepetitarchive.com\/es\/iconic-las-orejas-de-conejo-dentro-del-mundo-de-la-moda\/\"]}]},{\"@type\":\"BreadcrumbList\",\"@id\":\"http:\/\/www.lepetitarchive.com\/es\/iconic-las-orejas-de-conejo-dentro-del-mundo-de-la-moda\/#breadcrumb\",\"itemListElement\":[{\"@type\":\"ListItem\",\"position\":1,\"name\":\"Home\",\"item\":\"https:\/\/www.lepetitarchive.com\/es\/\"},{\"@type\":\"ListItem\",\"position\":2,\"name\":\"#ICONIC Las Orejas de Conejo dentro del Mundo de la Moda\"}]},{\"@type\":\"WebSite\",\"@id\":\"https:\/\/www.lepetitarchive.com\/es\/#website\",\"url\":\"https:\/\/www.lepetitarchive.com\/es\/\",\"name\":\"Le Petit Archive\",\"description\":\"Free Fashion University\",\"potentialAction\":[{\"@type\":\"SearchAction\",\"target\":{\"@type\":\"EntryPoint\",\"urlTemplate\":\"https:\/\/www.lepetitarchive.com\/es\/?s={search_term_string}\"},\"query-input\":\"required name=search_term_string\"}],\"inLanguage\":\"es\"},{\"@type\":\"Person\",\"@id\":\"https:\/\/www.lepetitarchive.com\/es\/#\/schema\/person\/da91d3a94da64354fed6e9b07a3cbb56\",\"name\":\"admin\",\"image\":{\"@type\":\"ImageObject\",\"inLanguage\":\"es\",\"@id\":\"https:\/\/www.lepetitarchive.com\/es\/#\/schema\/person\/image\/\",\"url\":\"http:\/\/1.gravatar.com\/avatar\/102001135d8c70200f6c23d7cb883c24?s=96&d=mm&r=g\",\"contentUrl\":\"http:\/\/1.gravatar.com\/avatar\/102001135d8c70200f6c23d7cb883c24?s=96&d=mm&r=g\",\"caption\":\"admin\"},\"url\":\"http:\/\/www.lepetitarchive.com\/es\/author\/admin\/\"}]}<\/script>\n<!-- \/ Yoast SEO plugin. -->","yoast_head_json":{"title":"#ICONIC Las Orejas de Conejo dentro del Mundo de la Moda - Le Petit Archive","description":"Hacemos una recopilaci\u00f3n de los momentos dentro de la moda en los que han aparecido este complemento proviniente del mundo del disfraz.","robots":{"index":"index","follow":"follow","max-snippet":"max-snippet:-1","max-image-preview":"max-image-preview:large","max-video-preview":"max-video-preview:-1"},"canonical":"http:\/\/www.lepetitarchive.com\/es\/iconic-las-orejas-de-conejo-dentro-del-mundo-de-la-moda\/","og_locale":"es_ES","og_type":"article","og_title":"#ICONIC Las Orejas de Conejo dentro del Mundo de la Moda - Le Petit Archive","og_description":"Hacemos una recopilaci\u00f3n de los momentos dentro de la moda en los que han aparecido este complemento proviniente del mundo del disfraz.","og_url":"http:\/\/www.lepetitarchive.com\/es\/iconic-las-orejas-de-conejo-dentro-del-mundo-de-la-moda\/","og_site_name":"Le Petit Archive","article_published_time":"2019-10-15T11:43:37+00:00","article_modified_time":"2019-10-15T11:54:34+00:00","og_image":[{"width":964,"height":609,"url":"http:\/\/www.lepetitarchive.com\/es\/wp-content\/uploads\/sites\/2\/2019\/10\/cabecera.png","type":"image\/png"}],"author":"admin","twitter_card":"summary_large_image","twitter_misc":{"Escrito por":"admin","Tiempo de lectura":"2 minutos"},"schema":{"@context":"https:\/\/schema.org","@graph":[{"@type":"WebPage","@id":"http:\/\/www.lepetitarchive.com\/es\/iconic-las-orejas-de-conejo-dentro-del-mundo-de-la-moda\/","url":"http:\/\/www.lepetitarchive.com\/es\/iconic-las-orejas-de-conejo-dentro-del-mundo-de-la-moda\/","name":"#ICONIC Las Orejas de Conejo dentro del Mundo de la Moda - Le Petit Archive","isPartOf":{"@id":"https:\/\/www.lepetitarchive.com\/es\/#website"},"datePublished":"2019-10-15T11:43:37+00:00","dateModified":"2019-10-15T11:54:34+00:00","author":{"@id":"https:\/\/www.lepetitarchive.com\/es\/#\/schema\/person\/da91d3a94da64354fed6e9b07a3cbb56"},"description":"Hacemos una recopilaci\u00f3n de los momentos dentro de la moda en los que han aparecido este complemento proviniente del mundo del disfraz.","breadcrumb":{"@id":"http:\/\/www.lepetitarchive.com\/es\/iconic-las-orejas-de-conejo-dentro-del-mundo-de-la-moda\/#breadcrumb"},"inLanguage":"es","potentialAction":[{"@type":"ReadAction","target":["http:\/\/www.lepetitarchive.com\/es\/iconic-las-orejas-de-conejo-dentro-del-mundo-de-la-moda\/"]}]},{"@type":"BreadcrumbList","@id":"http:\/\/www.lepetitarchive.com\/es\/iconic-las-orejas-de-conejo-dentro-del-mundo-de-la-moda\/#breadcrumb","itemListElement":[{"@type":"ListItem","position":1,"name":"Home","item":"https:\/\/www.lepetitarchive.com\/es\/"},{"@type":"ListItem","position":2,"name":"#ICONIC Las Orejas de Conejo dentro del Mundo de la Moda"}]},{"@type":"WebSite","@id":"https:\/\/www.lepetitarchive.com\/es\/#website","url":"https:\/\/www.lepetitarchive.com\/es\/","name":"Le Petit Archive","description":"Free Fashion University","potentialAction":[{"@type":"SearchAction","target":{"@type":"EntryPoint","urlTemplate":"https:\/\/www.lepetitarchive.com\/es\/?s={search_term_string}"},"query-input":"required name=search_term_string"}],"inLanguage":"es"},{"@type":"Person","@id":"https:\/\/www.lepetitarchive.com\/es\/#\/schema\/person\/da91d3a94da64354fed6e9b07a3cbb56","name":"admin","image":{"@type":"ImageObject","inLanguage":"es","@id":"https:\/\/www.lepetitarchive.com\/es\/#\/schema\/person\/image\/","url":"http:\/\/1.gravatar.com\/avatar\/102001135d8c70200f6c23d7cb883c24?s=96&d=mm&r=g","contentUrl":"http:\/\/1.gravatar.com\/avatar\/102001135d8c70200f6c23d7cb883c24?s=96&d=mm&r=g","caption":"admin"},"url":"http:\/\/www.lepetitarchive.com\/es\/author\/admin\/"}]}},"_links":{"self":[{"href":"http:\/\/www.lepetitarchive.com\/es\/wp-json\/wp\/v2\/posts\/3773"}],"collection":[{"href":"http:\/\/www.lepetitarchive.com\/es\/wp-json\/wp\/v2\/posts"}],"about":[{"href":"http:\/\/www.lepetitarchive.com\/es\/wp-json\/wp\/v2\/types\/post"}],"author":[{"embeddable":true,"href":"http:\/\/www.lepetitarchive.com\/es\/wp-json\/wp\/v2\/users\/1"}],"replies":[{"embeddable":true,"href":"http:\/\/www.lepetitarchive.com\/es\/wp-json\/wp\/v2\/comments?post=3773"}],"version-history":[{"count":2,"href":"http:\/\/www.lepetitarchive.com\/es\/wp-json\/wp\/v2\/posts\/3773\/revisions"}],"predecessor-version":[{"id":3801,"href":"http:\/\/www.lepetitarchive.com\/es\/wp-json\/wp\/v2\/posts\/3773\/revisions\/3801"}],"wp:featuredmedia":[{"embeddable":true,"href":"http:\/\/www.lepetitarchive.com\/es\/wp-json\/wp\/v2\/media\/3784"}],"wp:attachment":[{"href":"http:\/\/www.lepetitarchive.com\/es\/wp-json\/wp\/v2\/media?parent=3773"}],"wp:term":[{"taxonomy":"category","embeddable":true,"href":"http:\/\/www.lepetitarchive.com\/es\/wp-json\/wp\/v2\/categories?post=3773"},{"taxonomy":"post_tag","embeddable":true,"href":"http:\/\/www.lepetitarchive.com\/es\/wp-json\/wp\/v2\/tags?post=3773"}],"curies":[{"name":"wp","href":"https:\/\/api.w.org\/{rel}","templated":true}]}}