{"id":3736,"date":"2019-10-09T15:09:59","date_gmt":"2019-10-09T13:09:59","guid":{"rendered":"http:\/\/www.lepetitarchive.com\/es\/?p=3736"},"modified":"2019-11-12T15:45:14","modified_gmt":"2019-11-12T14:45:14","slug":"ensayo-everything-is-fashion","status":"publish","type":"post","link":"http:\/\/www.lepetitarchive.com\/es\/ensayo-everything-is-fashion\/","title":{"rendered":"#ENSAYO Everything is Fashion?"},"content":{"rendered":"\n<div style=\"height:20px\" aria-hidden=\"true\" class=\"wp-block-spacer\"><\/div>\n\n\n\n<div class=\"alignnormal\"><div id=\"metaslider-id-3741\" style=\"max-width: 500px; margin: 0 auto;\" class=\"ml-slider-3-60-1 metaslider metaslider-flex metaslider-3741 ml-slider ms-theme-architekt has-dots-nav\" role=\"region\" aria-roledescription=\"Slideshow\" aria-label=\"everything is fashion\">\n    <div id=\"metaslider_container_3741\">\n        <div id=\"metaslider_3741\">\n            <ul aria-live=\"polite\" class=\"slides\">\n                <li style=\"display: block; width: 100%;\" class=\"slide-3742 ms-image\" aria-roledescription=\"slide\" aria-label=\"slide-3742\"><img loading=\"lazy\" decoding=\"async\" src=\"http:\/\/www.lepetitarchive.com\/es\/wp-content\/uploads\/sites\/2\/2019\/10\/Foto-9-10-19-13-40-53-500x500.jpg\" height=\"500\" width=\"500\" alt=\"moda arte expresi\u00f3n l\u00edmites\" class=\"slider-3741 slide-3742\" title=\"moda arte expresi\u00f3n l\u00edmites\" \/><\/li>\n                <li style=\"display: none; width: 100%;\" class=\"slide-3743 ms-image\" aria-roledescription=\"slide\" aria-label=\"slide-3743\"><img loading=\"lazy\" decoding=\"async\" src=\"http:\/\/www.lepetitarchive.com\/es\/wp-content\/uploads\/sites\/2\/2019\/10\/Foto-9-10-19-13-39-47-500x500.jpg\" height=\"500\" width=\"500\" alt=\"moda arte expresi\u00f3n l\u00edmites\" class=\"slider-3741 slide-3743\" title=\"moda arte expresi\u00f3n l\u00edmites\" \/><\/li>\n                <li style=\"display: none; width: 100%;\" class=\"slide-3744 ms-image\" aria-roledescription=\"slide\" aria-label=\"slide-3744\"><img loading=\"lazy\" decoding=\"async\" src=\"http:\/\/www.lepetitarchive.com\/es\/wp-content\/uploads\/sites\/2\/2019\/10\/Foto-9-10-19-13-40-05-500x500.jpg\" height=\"500\" width=\"500\" alt=\"moda arte expresi\u00f3n l\u00edmites\" class=\"slider-3741 slide-3744\" title=\"moda arte expresi\u00f3n l\u00edmites\" \/><\/li>\n            <\/ul>\n        <\/div>\n        \n    <\/div>\n<\/div><\/div>\n\n\n\n<div style=\"height:20px\" aria-hidden=\"true\" class=\"wp-block-spacer\"><\/div>\n\n\n\n<p>Hace una semana, <strong>Gucci fue noticia<\/strong>. Los medios de comunicaci\u00f3n desde Today a CNN aplaudieron y animaron la protesta silenciosa de una modelo durante el show SS 20 de Gucci en la Semana de la Moda de Mil\u00e1n. Cuando se encendieron las luces fluorescentes de la pista y comenz\u00f3 a sonar el desconcertante zumbido de una banda sonora, los modelos flotaron por una cinta transportadora con ropas r\u00edgidas y blancas compuestas de hebillas y ataduras. El parecido a los trajes de fuerza fue el catalizador para la indignaci\u00f3n de la modelo Ayesha Tan-Jone que decidi\u00f3 mostrar las palabras <strong>\u00abLA SALUD MENTAL NO ES MODA\u00bb<\/strong> en la palma de sus manos. <\/p>\n\n\n\n<p>La famosa imagen con las manos en alto se expandi\u00f3 como un\nreguero de p\u00f3lvora y su mensaje enfureci\u00f3 a la comunidad criticando a la casa\nGucci por su insensibilidad y crueldad.<\/p>\n\n\n\n<p>Este reciente suceso plantea un importante tema de discusi\u00f3n: \u00bfqu\u00e9 est\u00e1 permitido en la moda y d\u00f3nde est\u00e1 el libro de sus reglas? <strong>La controversia no es algo nuevo en este mundo <\/strong>y estas, parecen sucederse cada a\u00f1o desde el inicio de las pasarelas. Las protestas han sido constantes y apuntan a un espectro de dise\u00f1adores que van desde el show \u00abHighland Rape\u00bb FW 95 de Alexander Mcqueen hasta el SS 20 \u201cHomeless Couture\u201d de John Galliano.<\/p>\n\n\n\n<p>Una caracter\u00edstica en com\u00fan entre todos ellos es la\nmalinterpretaci\u00f3n del significado de sus colecciones; por ejemplo, McQueen us\u00f3\nla violaci\u00f3n para referirse a la extorsi\u00f3n de Escocia a Inglaterra, mientras\nque en nuestro ejemplo m\u00e1s reciente, el dise\u00f1ador creativo de Gucci, Alessandro\nMichele, declar\u00f3 que us\u00f3 las piezas de fuerza para representar c\u00f3mo la sociedad\ntrata de restringir la individualidad en favor de la conformidad&#8230; no es una\nreferencia a la industria de la salud mental.<\/p>\n\n\n\n<p>Independientemente del significado que hay detr\u00e1s del concepto de una colecci\u00f3n,<strong> puede ser peligroso \u00abcancelar\u00bb<\/strong> a una casa de moda cada vez que se sienta que sus colecciones son ofensivas; aunque pueda ser visto como una cruzada, en realidad se est\u00e1 limitando la expresi\u00f3n creativa de todos los aspirantes a dise\u00f1adores y propagando la plaga de la mediocridad que ir\u00f3nicamente Michele estaba tratando de criticar en su show.<\/p>\n\n\n\n<p>Aunque est\u00e9 argumentando que, creativamente, todo est\u00e1 permitido en la moda, <strong>definitivamente existe una l\u00ednea que no deber\u00eda cruzarse<\/strong>. Ser\u00eda deshonesto por mi parte decir que nunca he encontrado un producto o colecci\u00f3n desagradable o irrespetuoso. Sin embargo, el problema fundamental con esta l\u00ednea imaginaria es que es imposible de ubicar objetivamente, la longitud y ancho de los l\u00edmites que quedan definidos por el individuo.<\/p>\n\n\n\n<p>Al otro lado tenemos el caso de la marca llamada <strong>B.stroy<\/strong>, que lanz\u00f3 en su colecci\u00f3n una l\u00ednea de <strong>sudaderas cubiertas con agujeros de bala<\/strong> sobre los nombres de las escuelas que fueron objeto de tiroteos en los EE. UU. Para contrastar esto con el incidente de Gucci, estas sudaderas buscan hacer ruido en base a tr\u00e1gicos eventos en busca del ruido de los medios y las ventas. Hay una falta de dise\u00f1o, visi\u00f3n creativa y, en \u00faltima instancia, de respeto por las familias en duelo por la perdida.<\/p>\n\n\n\n<p>A pesar de mi rechazo por esta marca B.stroy, no har\u00eda una declaraci\u00f3n general de que los genocidios o las tragedias no pueden ser representados o utilizados como influencia para una colecci\u00f3n. Creo que los sucesos pol\u00e9micos deben considerarse caso por caso y siempre como una forma de arte y que resida en el individuo decidir si es bueno o malo.<\/p>\n\n\n\n<p><strong>La moda es un medio de expresi\u00f3n an\u00e1logo al<\/strong> cine, la televisi\u00f3n, la literatura, el baile, la pintura e incluso la comedia. Desafortunadamente, hay un mayor \u00e9nfasis en que sea palpable para el p\u00fablico, posiblemente debido a la noci\u00f3n de que es un producto comercializable. Esto es un punto dif\u00edcil, ya que sin una completa libertad creativa, la evoluci\u00f3n no puede tener lugar y nos podemos encontrar atrapados con dise\u00f1adores que prefieren mimetizarse con lo aburrido que arriesgarse y destacar sobre el resto.<\/p>\n\n\n\n<p>Todo es moda y la moda lo es todo. As\u00ed que, antes de escribir un comentario en Twitter sobre c\u00f3mo un dise\u00f1ador se est\u00e1 apropiando de una cultura, o difundiendo un hashtag para cancelar una marca por retratar un tema delicado, haga una pausa y analice sus intenciones: <strong>\u00bfEst\u00e1 usted haciendo libre al mundo de la moda o restringi\u00e9ndolo?<\/strong><\/p>\n\n\n\n<p>Written por <strong>Oliver Leone<\/strong> de <a href=\"https:\/\/www.instagram.com\/yourfashionarchive\/\">@yourfashionarchive<\/a><\/p>\n\n\n\n<p><\/p>\n","protected":false},"excerpt":{"rendered":"<p>Hace una semana, Gucci fue noticia. Los medios de comunicaci\u00f3n desde Today a CNN aplaudieron y animaron la protesta silenciosa de una modelo durante el show SS 20 de Gucci en la Semana de la Moda de Mil\u00e1n. Cuando se encendieron las luces fluorescentes de la pista y comenz\u00f3 a sonar el desconcertante zumbido de [&hellip;]<\/p>\n","protected":false},"author":1,"featured_media":3740,"comment_status":"open","ping_status":"open","sticky":false,"template":"","format":"standard","meta":{"footnotes":""},"categories":[148],"tags":[],"yoast_head":"<!-- This site is optimized with the Yoast SEO plugin v21.9.1 - https:\/\/yoast.com\/wordpress\/plugins\/seo\/ -->\n<title>#ENSAYO Everything is Fashion? - Le Petit Archive<\/title>\n<meta name=\"description\" content=\"Un ensayo sobre la moda como arte y donde los l\u00edmites de la creatividad acaban.\" \/>\n<meta name=\"robots\" content=\"index, follow, max-snippet:-1, max-image-preview:large, max-video-preview:-1\" \/>\n<link rel=\"canonical\" href=\"https:\/\/www.lepetitarchive.com\/es\/ensayo-everything-is-fashion\/\" \/>\n<meta property=\"og:locale\" content=\"es_ES\" \/>\n<meta property=\"og:type\" content=\"article\" \/>\n<meta property=\"og:title\" content=\"#ENSAYO Everything is Fashion? - Le Petit Archive\" \/>\n<meta property=\"og:description\" content=\"Un ensayo sobre la moda como arte y donde los l\u00edmites de la creatividad acaban.\" \/>\n<meta property=\"og:url\" content=\"https:\/\/www.lepetitarchive.com\/es\/ensayo-everything-is-fashion\/\" \/>\n<meta property=\"og:site_name\" content=\"Le Petit Archive\" \/>\n<meta property=\"article:published_time\" content=\"2019-10-09T13:09:59+00:00\" \/>\n<meta property=\"article:modified_time\" content=\"2019-11-12T14:45:14+00:00\" \/>\n<meta property=\"og:image\" content=\"https:\/\/www.lepetitarchive.com\/es\/wp-content\/uploads\/sites\/2\/2019\/10\/gucci-modelo-protesta-salud-metal-1.jpg\" \/>\n\t<meta property=\"og:image:width\" content=\"1200\" \/>\n\t<meta property=\"og:image:height\" content=\"723\" \/>\n\t<meta property=\"og:image:type\" content=\"image\/jpeg\" \/>\n<meta name=\"author\" content=\"admin\" \/>\n<meta name=\"twitter:card\" content=\"summary_large_image\" \/>\n<meta name=\"twitter:label1\" content=\"Escrito por\" \/>\n\t<meta name=\"twitter:data1\" content=\"admin\" \/>\n\t<meta name=\"twitter:label2\" content=\"Tiempo de lectura\" \/>\n\t<meta name=\"twitter:data2\" content=\"4 minutos\" \/>\n<script type=\"application\/ld+json\" class=\"yoast-schema-graph\">{\"@context\":\"https:\/\/schema.org\",\"@graph\":[{\"@type\":\"WebPage\",\"@id\":\"https:\/\/www.lepetitarchive.com\/es\/ensayo-everything-is-fashion\/\",\"url\":\"https:\/\/www.lepetitarchive.com\/es\/ensayo-everything-is-fashion\/\",\"name\":\"#ENSAYO Everything is Fashion? - Le Petit Archive\",\"isPartOf\":{\"@id\":\"https:\/\/www.lepetitarchive.com\/es\/#website\"},\"datePublished\":\"2019-10-09T13:09:59+00:00\",\"dateModified\":\"2019-11-12T14:45:14+00:00\",\"author\":{\"@id\":\"https:\/\/www.lepetitarchive.com\/es\/#\/schema\/person\/da91d3a94da64354fed6e9b07a3cbb56\"},\"description\":\"Un ensayo sobre la moda como arte y donde los l\u00edmites de la creatividad acaban.\",\"breadcrumb\":{\"@id\":\"https:\/\/www.lepetitarchive.com\/es\/ensayo-everything-is-fashion\/#breadcrumb\"},\"inLanguage\":\"es\",\"potentialAction\":[{\"@type\":\"ReadAction\",\"target\":[\"https:\/\/www.lepetitarchive.com\/es\/ensayo-everything-is-fashion\/\"]}]},{\"@type\":\"BreadcrumbList\",\"@id\":\"https:\/\/www.lepetitarchive.com\/es\/ensayo-everything-is-fashion\/#breadcrumb\",\"itemListElement\":[{\"@type\":\"ListItem\",\"position\":1,\"name\":\"Home\",\"item\":\"https:\/\/www.lepetitarchive.com\/es\/\"},{\"@type\":\"ListItem\",\"position\":2,\"name\":\"#ENSAYO Everything is Fashion?\"}]},{\"@type\":\"WebSite\",\"@id\":\"https:\/\/www.lepetitarchive.com\/es\/#website\",\"url\":\"https:\/\/www.lepetitarchive.com\/es\/\",\"name\":\"Le Petit Archive\",\"description\":\"Free Fashion University\",\"potentialAction\":[{\"@type\":\"SearchAction\",\"target\":{\"@type\":\"EntryPoint\",\"urlTemplate\":\"https:\/\/www.lepetitarchive.com\/es\/?s={search_term_string}\"},\"query-input\":\"required name=search_term_string\"}],\"inLanguage\":\"es\"},{\"@type\":\"Person\",\"@id\":\"https:\/\/www.lepetitarchive.com\/es\/#\/schema\/person\/da91d3a94da64354fed6e9b07a3cbb56\",\"name\":\"admin\",\"image\":{\"@type\":\"ImageObject\",\"inLanguage\":\"es\",\"@id\":\"https:\/\/www.lepetitarchive.com\/es\/#\/schema\/person\/image\/\",\"url\":\"http:\/\/1.gravatar.com\/avatar\/102001135d8c70200f6c23d7cb883c24?s=96&d=mm&r=g\",\"contentUrl\":\"http:\/\/1.gravatar.com\/avatar\/102001135d8c70200f6c23d7cb883c24?s=96&d=mm&r=g\",\"caption\":\"admin\"},\"url\":\"http:\/\/www.lepetitarchive.com\/es\/author\/admin\/\"}]}<\/script>\n<!-- \/ Yoast SEO plugin. -->","yoast_head_json":{"title":"#ENSAYO Everything is Fashion? - Le Petit Archive","description":"Un ensayo sobre la moda como arte y donde los l\u00edmites de la creatividad acaban.","robots":{"index":"index","follow":"follow","max-snippet":"max-snippet:-1","max-image-preview":"max-image-preview:large","max-video-preview":"max-video-preview:-1"},"canonical":"https:\/\/www.lepetitarchive.com\/es\/ensayo-everything-is-fashion\/","og_locale":"es_ES","og_type":"article","og_title":"#ENSAYO Everything is Fashion? - Le Petit Archive","og_description":"Un ensayo sobre la moda como arte y donde los l\u00edmites de la creatividad acaban.","og_url":"https:\/\/www.lepetitarchive.com\/es\/ensayo-everything-is-fashion\/","og_site_name":"Le Petit Archive","article_published_time":"2019-10-09T13:09:59+00:00","article_modified_time":"2019-11-12T14:45:14+00:00","og_image":[{"width":1200,"height":723,"url":"https:\/\/www.lepetitarchive.com\/es\/wp-content\/uploads\/sites\/2\/2019\/10\/gucci-modelo-protesta-salud-metal-1.jpg","type":"image\/jpeg"}],"author":"admin","twitter_card":"summary_large_image","twitter_misc":{"Escrito por":"admin","Tiempo de lectura":"4 minutos"},"schema":{"@context":"https:\/\/schema.org","@graph":[{"@type":"WebPage","@id":"https:\/\/www.lepetitarchive.com\/es\/ensayo-everything-is-fashion\/","url":"https:\/\/www.lepetitarchive.com\/es\/ensayo-everything-is-fashion\/","name":"#ENSAYO Everything is Fashion? - Le Petit Archive","isPartOf":{"@id":"https:\/\/www.lepetitarchive.com\/es\/#website"},"datePublished":"2019-10-09T13:09:59+00:00","dateModified":"2019-11-12T14:45:14+00:00","author":{"@id":"https:\/\/www.lepetitarchive.com\/es\/#\/schema\/person\/da91d3a94da64354fed6e9b07a3cbb56"},"description":"Un ensayo sobre la moda como arte y donde los l\u00edmites de la creatividad acaban.","breadcrumb":{"@id":"https:\/\/www.lepetitarchive.com\/es\/ensayo-everything-is-fashion\/#breadcrumb"},"inLanguage":"es","potentialAction":[{"@type":"ReadAction","target":["https:\/\/www.lepetitarchive.com\/es\/ensayo-everything-is-fashion\/"]}]},{"@type":"BreadcrumbList","@id":"https:\/\/www.lepetitarchive.com\/es\/ensayo-everything-is-fashion\/#breadcrumb","itemListElement":[{"@type":"ListItem","position":1,"name":"Home","item":"https:\/\/www.lepetitarchive.com\/es\/"},{"@type":"ListItem","position":2,"name":"#ENSAYO Everything is Fashion?"}]},{"@type":"WebSite","@id":"https:\/\/www.lepetitarchive.com\/es\/#website","url":"https:\/\/www.lepetitarchive.com\/es\/","name":"Le Petit Archive","description":"Free Fashion University","potentialAction":[{"@type":"SearchAction","target":{"@type":"EntryPoint","urlTemplate":"https:\/\/www.lepetitarchive.com\/es\/?s={search_term_string}"},"query-input":"required name=search_term_string"}],"inLanguage":"es"},{"@type":"Person","@id":"https:\/\/www.lepetitarchive.com\/es\/#\/schema\/person\/da91d3a94da64354fed6e9b07a3cbb56","name":"admin","image":{"@type":"ImageObject","inLanguage":"es","@id":"https:\/\/www.lepetitarchive.com\/es\/#\/schema\/person\/image\/","url":"http:\/\/1.gravatar.com\/avatar\/102001135d8c70200f6c23d7cb883c24?s=96&d=mm&r=g","contentUrl":"http:\/\/1.gravatar.com\/avatar\/102001135d8c70200f6c23d7cb883c24?s=96&d=mm&r=g","caption":"admin"},"url":"http:\/\/www.lepetitarchive.com\/es\/author\/admin\/"}]}},"_links":{"self":[{"href":"http:\/\/www.lepetitarchive.com\/es\/wp-json\/wp\/v2\/posts\/3736"}],"collection":[{"href":"http:\/\/www.lepetitarchive.com\/es\/wp-json\/wp\/v2\/posts"}],"about":[{"href":"http:\/\/www.lepetitarchive.com\/es\/wp-json\/wp\/v2\/types\/post"}],"author":[{"embeddable":true,"href":"http:\/\/www.lepetitarchive.com\/es\/wp-json\/wp\/v2\/users\/1"}],"replies":[{"embeddable":true,"href":"http:\/\/www.lepetitarchive.com\/es\/wp-json\/wp\/v2\/comments?post=3736"}],"version-history":[{"count":2,"href":"http:\/\/www.lepetitarchive.com\/es\/wp-json\/wp\/v2\/posts\/3736\/revisions"}],"predecessor-version":[{"id":4004,"href":"http:\/\/www.lepetitarchive.com\/es\/wp-json\/wp\/v2\/posts\/3736\/revisions\/4004"}],"wp:featuredmedia":[{"embeddable":true,"href":"http:\/\/www.lepetitarchive.com\/es\/wp-json\/wp\/v2\/media\/3740"}],"wp:attachment":[{"href":"http:\/\/www.lepetitarchive.com\/es\/wp-json\/wp\/v2\/media?parent=3736"}],"wp:term":[{"taxonomy":"category","embeddable":true,"href":"http:\/\/www.lepetitarchive.com\/es\/wp-json\/wp\/v2\/categories?post=3736"},{"taxonomy":"post_tag","embeddable":true,"href":"http:\/\/www.lepetitarchive.com\/es\/wp-json\/wp\/v2\/tags?post=3736"}],"curies":[{"name":"wp","href":"https:\/\/api.w.org\/{rel}","templated":true}]}}