{"id":3707,"date":"2019-10-03T11:12:00","date_gmt":"2019-10-03T09:12:00","guid":{"rendered":"http:\/\/www.lepetitarchive.com\/es\/?p=3707"},"modified":"2019-10-03T11:12:23","modified_gmt":"2019-10-03T09:12:23","slug":"iconic-las-famosas-chaquetas-bomber-de-dries-van-noten-aw-14","status":"publish","type":"post","link":"http:\/\/www.lepetitarchive.com\/es\/iconic-las-famosas-chaquetas-bomber-de-dries-van-noten-aw-14\/","title":{"rendered":"#ICONIC Las famosas bomber de Dries Van Noten AW 14"},"content":{"rendered":"\n<div style=\"height:20px\" aria-hidden=\"true\" class=\"wp-block-spacer\"><\/div>\n\n\n\n<div class=\"alignnormal\"><div id=\"metaslider-id-3721\" style=\"max-width: 500px; margin: 0 auto;\" class=\"ml-slider-3-60-1 metaslider metaslider-flex metaslider-3721 ml-slider ms-theme-architekt has-dots-nav\" role=\"region\" aria-roledescription=\"Slideshow\" aria-label=\"dries\">\n    <div id=\"metaslider_container_3721\">\n        <div id=\"metaslider_3721\">\n            <ul aria-live=\"polite\" class=\"slides\">\n                <li style=\"display: block; width: 100%;\" class=\"slide-3722 ms-image\" aria-roledescription=\"slide\" aria-label=\"slide-3722\"><img loading=\"lazy\" decoding=\"async\" src=\"http:\/\/www.lepetitarchive.com\/es\/wp-content\/uploads\/sites\/2\/2019\/10\/1-2-500x500.jpg\" height=\"500\" width=\"500\" alt=\"Bomber asap rocky l$d video Dries Van noten historia\" class=\"slider-3721 slide-3722\" title=\"Bomber asap rocky l$d video Dries Van noten historia\" \/><\/li>\n                <li style=\"display: none; width: 100%;\" class=\"slide-3723 ms-image\" aria-roledescription=\"slide\" aria-label=\"slide-3723\"><img loading=\"lazy\" decoding=\"async\" src=\"http:\/\/www.lepetitarchive.com\/es\/wp-content\/uploads\/sites\/2\/2019\/10\/2-2-500x500.jpg\" height=\"500\" width=\"500\" alt=\"Bomber asap rocky l$d video Dries Van noten historia\" class=\"slider-3721 slide-3723\" title=\"Bomber asap rocky l$d video Dries Van noten historia\" \/><\/li>\n                <li style=\"display: none; width: 100%;\" class=\"slide-3724 ms-image\" aria-roledescription=\"slide\" aria-label=\"slide-3724\"><img loading=\"lazy\" decoding=\"async\" src=\"http:\/\/www.lepetitarchive.com\/es\/wp-content\/uploads\/sites\/2\/2019\/10\/3-2-500x500.jpg\" height=\"500\" width=\"500\" alt=\"Bomber asap rocky l$d video Dries Van noten historia\" class=\"slider-3721 slide-3724\" title=\"Bomber asap rocky l$d video Dries Van noten historia\" \/><\/li>\n                <li style=\"display: none; width: 100%;\" class=\"slide-3725 ms-image\" aria-roledescription=\"slide\" aria-label=\"slide-3725\"><img loading=\"lazy\" decoding=\"async\" src=\"http:\/\/www.lepetitarchive.com\/es\/wp-content\/uploads\/sites\/2\/2019\/10\/4-2-500x500.jpg\" height=\"500\" width=\"500\" alt=\"Bomber asap rocky l$d video Dries Van noten historia\" class=\"slider-3721 slide-3725\" title=\"Bomber asap rocky l$d video Dries Van noten historia\" \/><\/li>\n                <li style=\"display: none; width: 100%;\" class=\"slide-3726 ms-image\" aria-roledescription=\"slide\" aria-label=\"slide-3726\"><img loading=\"lazy\" decoding=\"async\" src=\"http:\/\/www.lepetitarchive.com\/es\/wp-content\/uploads\/sites\/2\/2019\/10\/5-2-500x500.jpg\" height=\"500\" width=\"500\" alt=\"Bomber asap rocky l$d video Dries Van noten historia\" class=\"slider-3721 slide-3726\" title=\"Bomber asap rocky l$d video Dries Van noten historia\" \/><\/li>\n                <li style=\"display: none; width: 100%;\" class=\"slide-3727 ms-image\" aria-roledescription=\"slide\" aria-label=\"slide-3727\"><img loading=\"lazy\" decoding=\"async\" src=\"http:\/\/www.lepetitarchive.com\/es\/wp-content\/uploads\/sites\/2\/2019\/10\/6-2-500x500.jpg\" height=\"500\" width=\"500\" alt=\"Bomber asap rocky l$d video Dries Van noten historia\" class=\"slider-3721 slide-3727\" title=\"Bomber asap rocky l$d video Dries Van noten historia\" \/><\/li>\n                <li style=\"display: none; width: 100%;\" class=\"slide-3728 ms-image\" aria-roledescription=\"slide\" aria-label=\"slide-3728\"><img loading=\"lazy\" decoding=\"async\" src=\"http:\/\/www.lepetitarchive.com\/es\/wp-content\/uploads\/sites\/2\/2019\/10\/7-500x500.jpg\" height=\"500\" width=\"500\" alt=\"Bomber asap rocky l$d video Dries Van noten historia\" class=\"slider-3721 slide-3728\" title=\"Bomber asap rocky l$d video Dries Van noten historia\" \/><\/li>\n                <li style=\"display: none; width: 100%;\" class=\"slide-3729 ms-image\" aria-roledescription=\"slide\" aria-label=\"slide-3729\"><img loading=\"lazy\" decoding=\"async\" src=\"http:\/\/www.lepetitarchive.com\/es\/wp-content\/uploads\/sites\/2\/2019\/10\/8-2-500x500.jpg\" height=\"500\" width=\"500\" alt=\"Bomber asap rocky l$d video Dries Van noten historia\" class=\"slider-3721 slide-3729\" title=\"Bomber asap rocky l$d video Dries Van noten historia\" \/><\/li>\n                <li style=\"display: none; width: 100%;\" class=\"slide-3730 ms-image\" aria-roledescription=\"slide\" aria-label=\"slide-3730\"><img loading=\"lazy\" decoding=\"async\" src=\"http:\/\/www.lepetitarchive.com\/es\/wp-content\/uploads\/sites\/2\/2019\/10\/9-2-500x500.jpg\" height=\"500\" width=\"500\" alt=\"Bomber asap rocky l$d video Dries Van noten historia\" class=\"slider-3721 slide-3730\" title=\"Bomber asap rocky l$d video Dries Van noten historia\" \/><\/li>\n            <\/ul>\n        <\/div>\n        \n    <\/div>\n<\/div><\/div>\n\n\n\n<div style=\"height:20px\" aria-hidden=\"true\" class=\"wp-block-spacer\"><\/div>\n\n\n\n<p>Estas ic\u00f3nicas prendas creadas por el dise\u00f1ador belga, se han posicionado como una de las chaquetas tipo bomber m\u00e1s famosas de todos los tiempos. Esto se debe en gran parte al artista <strong>A$ap Rocky<\/strong>, quien visti\u00f3 una de ellas en su famoso <strong>video L$D<\/strong> que ya tiene m\u00e1s de 124 millones de visitas.<\/p>\n\n\n\n<p>Estamos ante una pieza construida <strong>al m\u00e1s puro estilo t\u00e9cnico<\/strong>, con infinidad de detalles que la hacen toda una delicia. El detalle m\u00e1s ic\u00f3nico es la cremallera que cruza toda la espalda de brazo a brazo. Despu\u00e9s encontramos cortes con infinidad de bolsillos, tiras que cuelgan, o con un fit corto por encima de la cintura. Si todo esto no fuera poco, resulta que tambi\u00e9n son reversibles.<\/p>\n\n\n\n<p><strong>Rocky<\/strong> tambi\u00e9n ha vestido otra de las chaquetas de la colecci\u00f3n, en concreto la <strong>versi\u00f3n verde<\/strong> que utiliz\u00f3 para la entrevista en el programa de radio Big Boy TV en Junio de 2015.<\/p>\n\n\n\n<p>Te dejamos los v\u00eddeos que recapitulan toda esta historia que os contamos. La AW 14 runway de Dries Van Noten, el video de L$D y la entrevista de Rocky en Big Boy Tv. <\/p>\n\n\n\n<p>Enjoy!<\/p>\n\n\n\n<p>Escrito por <a href=\"https:\/\/www.instagram.com\/damnflackoyoukillinit\/\">Adri\u00e1n Lorca<\/a> <\/p>\n\n\n\n<div style=\"height:20px\" aria-hidden=\"true\" class=\"wp-block-spacer\"><\/div>\n\n\n\n<figure class=\"wp-block-embed-youtube wp-block-embed is-type-video is-provider-youtube wp-embed-aspect-16-9 wp-has-aspect-ratio\"><div class=\"wp-block-embed__wrapper\">\n<iframe loading=\"lazy\" title=\"Dries Van Noten Men Fall\/Winter 2014-15 | Paris Men&#039;s Fashion Week | FashionTV\" width=\"1140\" height=\"641\" src=\"https:\/\/www.youtube.com\/embed\/u9ohUwCAW8E?feature=oembed\" frameborder=\"0\" allow=\"accelerometer; autoplay; encrypted-media; gyroscope; picture-in-picture\" allowfullscreen><\/iframe>\n<\/div><\/figure>\n\n\n\n<figure class=\"wp-block-embed-youtube wp-block-embed is-type-video is-provider-youtube wp-embed-aspect-16-9 wp-has-aspect-ratio\"><div class=\"wp-block-embed__wrapper\">\n<iframe loading=\"lazy\" title=\"A$AP Rocky - L$D (LOVE x $EX x DREAMS)\" width=\"1140\" height=\"641\" src=\"https:\/\/www.youtube.com\/embed\/yEG2VTHS9yg?feature=oembed\" frameborder=\"0\" allow=\"accelerometer; autoplay; encrypted-media; gyroscope; picture-in-picture\" allowfullscreen><\/iframe>\n<\/div><\/figure>\n\n\n\n<figure class=\"wp-block-embed-youtube wp-block-embed is-type-video is-provider-youtube wp-embed-aspect-16-9 wp-has-aspect-ratio\"><div class=\"wp-block-embed__wrapper\">\n<iframe loading=\"lazy\" title=\"ASAP Rocky FULL INTERVIEW | BigBoyTV\" width=\"1140\" height=\"641\" src=\"https:\/\/www.youtube.com\/embed\/1APxf7WCkDg?feature=oembed\" frameborder=\"0\" allow=\"accelerometer; autoplay; encrypted-media; gyroscope; picture-in-picture\" allowfullscreen><\/iframe>\n<\/div><\/figure>\n","protected":false},"excerpt":{"rendered":"<p>Estas ic\u00f3nicas prendas creadas por el dise\u00f1ador belga, se han posicionado como una de las chaquetas tipo bomber m\u00e1s famosas de todos los tiempos. Esto se debe en gran parte al artista A$ap Rocky, quien visti\u00f3 una de ellas en su famoso video L$D que ya tiene m\u00e1s de 124 millones de visitas. Estamos ante [&hellip;]<\/p>\n","protected":false},"author":1,"featured_media":3720,"comment_status":"open","ping_status":"open","sticky":false,"template":"","format":"standard","meta":{"footnotes":""},"categories":[3],"tags":[],"yoast_head":"<!-- This site is optimized with the Yoast SEO plugin v21.9.1 - https:\/\/yoast.com\/wordpress\/plugins\/seo\/ -->\n<title>#ICONIC Las famosas bomber de Dries Van Noten AW 14 - Le Petit Archive<\/title>\n<meta name=\"description\" content=\"Te contamos la historia que hay detr\u00e1s de estas ic\u00f3nicas chaquetas tipo bomber que alcanzaron la fama gracias al artista Asap Rocky, quien visti\u00f3 una de ellas en su aclamado v\u00eddeo L$D.\" \/>\n<meta name=\"robots\" content=\"index, follow, max-snippet:-1, max-image-preview:large, max-video-preview:-1\" \/>\n<link rel=\"canonical\" href=\"http:\/\/www.lepetitarchive.com\/es\/iconic-las-famosas-chaquetas-bomber-de-dries-van-noten-aw-14\/\" \/>\n<meta property=\"og:locale\" content=\"es_ES\" \/>\n<meta property=\"og:type\" content=\"article\" \/>\n<meta property=\"og:title\" content=\"#ICONIC Las famosas bomber de Dries Van Noten AW 14 - Le Petit Archive\" \/>\n<meta property=\"og:description\" content=\"Te contamos la historia que hay detr\u00e1s de estas ic\u00f3nicas chaquetas tipo bomber que alcanzaron la fama gracias al artista Asap Rocky, quien visti\u00f3 una de ellas en su aclamado v\u00eddeo L$D.\" \/>\n<meta property=\"og:url\" content=\"http:\/\/www.lepetitarchive.com\/es\/iconic-las-famosas-chaquetas-bomber-de-dries-van-noten-aw-14\/\" \/>\n<meta property=\"og:site_name\" content=\"Le Petit Archive\" \/>\n<meta property=\"article:published_time\" content=\"2019-10-03T09:12:00+00:00\" \/>\n<meta property=\"article:modified_time\" content=\"2019-10-03T09:12:23+00:00\" \/>\n<meta property=\"og:image\" content=\"http:\/\/www.lepetitarchive.com\/es\/wp-content\/uploads\/sites\/2\/2019\/10\/cabecera.jpg\" \/>\n\t<meta property=\"og:image:width\" content=\"439\" \/>\n\t<meta property=\"og:image:height\" content=\"336\" \/>\n\t<meta property=\"og:image:type\" content=\"image\/jpeg\" \/>\n<meta name=\"author\" content=\"admin\" \/>\n<meta name=\"twitter:card\" content=\"summary_large_image\" \/>\n<meta name=\"twitter:label1\" content=\"Escrito por\" \/>\n\t<meta name=\"twitter:data1\" content=\"admin\" \/>\n\t<meta name=\"twitter:label2\" content=\"Tiempo de lectura\" \/>\n\t<meta name=\"twitter:data2\" content=\"1 minuto\" \/>\n<script type=\"application\/ld+json\" class=\"yoast-schema-graph\">{\"@context\":\"https:\/\/schema.org\",\"@graph\":[{\"@type\":\"WebPage\",\"@id\":\"http:\/\/www.lepetitarchive.com\/es\/iconic-las-famosas-chaquetas-bomber-de-dries-van-noten-aw-14\/\",\"url\":\"http:\/\/www.lepetitarchive.com\/es\/iconic-las-famosas-chaquetas-bomber-de-dries-van-noten-aw-14\/\",\"name\":\"#ICONIC Las famosas bomber de Dries Van Noten AW 14 - Le Petit Archive\",\"isPartOf\":{\"@id\":\"http:\/\/www.lepetitarchive.com\/es\/#website\"},\"datePublished\":\"2019-10-03T09:12:00+00:00\",\"dateModified\":\"2019-10-03T09:12:23+00:00\",\"author\":{\"@id\":\"http:\/\/www.lepetitarchive.com\/es\/#\/schema\/person\/da91d3a94da64354fed6e9b07a3cbb56\"},\"description\":\"Te contamos la historia que hay detr\u00e1s de estas ic\u00f3nicas chaquetas tipo bomber que alcanzaron la fama gracias al artista Asap Rocky, quien visti\u00f3 una de ellas en su aclamado v\u00eddeo L$D.\",\"breadcrumb\":{\"@id\":\"http:\/\/www.lepetitarchive.com\/es\/iconic-las-famosas-chaquetas-bomber-de-dries-van-noten-aw-14\/#breadcrumb\"},\"inLanguage\":\"es\",\"potentialAction\":[{\"@type\":\"ReadAction\",\"target\":[\"http:\/\/www.lepetitarchive.com\/es\/iconic-las-famosas-chaquetas-bomber-de-dries-van-noten-aw-14\/\"]}]},{\"@type\":\"BreadcrumbList\",\"@id\":\"http:\/\/www.lepetitarchive.com\/es\/iconic-las-famosas-chaquetas-bomber-de-dries-van-noten-aw-14\/#breadcrumb\",\"itemListElement\":[{\"@type\":\"ListItem\",\"position\":1,\"name\":\"Home\",\"item\":\"http:\/\/www.lepetitarchive.com\/es\/\"},{\"@type\":\"ListItem\",\"position\":2,\"name\":\"#ICONIC Las famosas bomber de Dries Van Noten AW 14\"}]},{\"@type\":\"WebSite\",\"@id\":\"http:\/\/www.lepetitarchive.com\/es\/#website\",\"url\":\"http:\/\/www.lepetitarchive.com\/es\/\",\"name\":\"Le Petit Archive\",\"description\":\"Free Fashion University\",\"potentialAction\":[{\"@type\":\"SearchAction\",\"target\":{\"@type\":\"EntryPoint\",\"urlTemplate\":\"http:\/\/www.lepetitarchive.com\/es\/?s={search_term_string}\"},\"query-input\":\"required name=search_term_string\"}],\"inLanguage\":\"es\"},{\"@type\":\"Person\",\"@id\":\"http:\/\/www.lepetitarchive.com\/es\/#\/schema\/person\/da91d3a94da64354fed6e9b07a3cbb56\",\"name\":\"admin\",\"image\":{\"@type\":\"ImageObject\",\"inLanguage\":\"es\",\"@id\":\"http:\/\/www.lepetitarchive.com\/es\/#\/schema\/person\/image\/\",\"url\":\"http:\/\/1.gravatar.com\/avatar\/102001135d8c70200f6c23d7cb883c24?s=96&d=mm&r=g\",\"contentUrl\":\"http:\/\/1.gravatar.com\/avatar\/102001135d8c70200f6c23d7cb883c24?s=96&d=mm&r=g\",\"caption\":\"admin\"},\"url\":\"http:\/\/www.lepetitarchive.com\/es\/author\/admin\/\"}]}<\/script>\n<!-- \/ Yoast SEO plugin. -->","yoast_head_json":{"title":"#ICONIC Las famosas bomber de Dries Van Noten AW 14 - Le Petit Archive","description":"Te contamos la historia que hay detr\u00e1s de estas ic\u00f3nicas chaquetas tipo bomber que alcanzaron la fama gracias al artista Asap Rocky, quien visti\u00f3 una de ellas en su aclamado v\u00eddeo L$D.","robots":{"index":"index","follow":"follow","max-snippet":"max-snippet:-1","max-image-preview":"max-image-preview:large","max-video-preview":"max-video-preview:-1"},"canonical":"http:\/\/www.lepetitarchive.com\/es\/iconic-las-famosas-chaquetas-bomber-de-dries-van-noten-aw-14\/","og_locale":"es_ES","og_type":"article","og_title":"#ICONIC Las famosas bomber de Dries Van Noten AW 14 - Le Petit Archive","og_description":"Te contamos la historia que hay detr\u00e1s de estas ic\u00f3nicas chaquetas tipo bomber que alcanzaron la fama gracias al artista Asap Rocky, quien visti\u00f3 una de ellas en su aclamado v\u00eddeo L$D.","og_url":"http:\/\/www.lepetitarchive.com\/es\/iconic-las-famosas-chaquetas-bomber-de-dries-van-noten-aw-14\/","og_site_name":"Le Petit Archive","article_published_time":"2019-10-03T09:12:00+00:00","article_modified_time":"2019-10-03T09:12:23+00:00","og_image":[{"width":439,"height":336,"url":"http:\/\/www.lepetitarchive.com\/es\/wp-content\/uploads\/sites\/2\/2019\/10\/cabecera.jpg","type":"image\/jpeg"}],"author":"admin","twitter_card":"summary_large_image","twitter_misc":{"Escrito por":"admin","Tiempo de lectura":"1 minuto"},"schema":{"@context":"https:\/\/schema.org","@graph":[{"@type":"WebPage","@id":"http:\/\/www.lepetitarchive.com\/es\/iconic-las-famosas-chaquetas-bomber-de-dries-van-noten-aw-14\/","url":"http:\/\/www.lepetitarchive.com\/es\/iconic-las-famosas-chaquetas-bomber-de-dries-van-noten-aw-14\/","name":"#ICONIC Las famosas bomber de Dries Van Noten AW 14 - Le Petit Archive","isPartOf":{"@id":"http:\/\/www.lepetitarchive.com\/es\/#website"},"datePublished":"2019-10-03T09:12:00+00:00","dateModified":"2019-10-03T09:12:23+00:00","author":{"@id":"http:\/\/www.lepetitarchive.com\/es\/#\/schema\/person\/da91d3a94da64354fed6e9b07a3cbb56"},"description":"Te contamos la historia que hay detr\u00e1s de estas ic\u00f3nicas chaquetas tipo bomber que alcanzaron la fama gracias al artista Asap Rocky, quien visti\u00f3 una de ellas en su aclamado v\u00eddeo L$D.","breadcrumb":{"@id":"http:\/\/www.lepetitarchive.com\/es\/iconic-las-famosas-chaquetas-bomber-de-dries-van-noten-aw-14\/#breadcrumb"},"inLanguage":"es","potentialAction":[{"@type":"ReadAction","target":["http:\/\/www.lepetitarchive.com\/es\/iconic-las-famosas-chaquetas-bomber-de-dries-van-noten-aw-14\/"]}]},{"@type":"BreadcrumbList","@id":"http:\/\/www.lepetitarchive.com\/es\/iconic-las-famosas-chaquetas-bomber-de-dries-van-noten-aw-14\/#breadcrumb","itemListElement":[{"@type":"ListItem","position":1,"name":"Home","item":"http:\/\/www.lepetitarchive.com\/es\/"},{"@type":"ListItem","position":2,"name":"#ICONIC Las famosas bomber de Dries Van Noten AW 14"}]},{"@type":"WebSite","@id":"http:\/\/www.lepetitarchive.com\/es\/#website","url":"http:\/\/www.lepetitarchive.com\/es\/","name":"Le Petit Archive","description":"Free Fashion University","potentialAction":[{"@type":"SearchAction","target":{"@type":"EntryPoint","urlTemplate":"http:\/\/www.lepetitarchive.com\/es\/?s={search_term_string}"},"query-input":"required name=search_term_string"}],"inLanguage":"es"},{"@type":"Person","@id":"http:\/\/www.lepetitarchive.com\/es\/#\/schema\/person\/da91d3a94da64354fed6e9b07a3cbb56","name":"admin","image":{"@type":"ImageObject","inLanguage":"es","@id":"http:\/\/www.lepetitarchive.com\/es\/#\/schema\/person\/image\/","url":"http:\/\/1.gravatar.com\/avatar\/102001135d8c70200f6c23d7cb883c24?s=96&d=mm&r=g","contentUrl":"http:\/\/1.gravatar.com\/avatar\/102001135d8c70200f6c23d7cb883c24?s=96&d=mm&r=g","caption":"admin"},"url":"http:\/\/www.lepetitarchive.com\/es\/author\/admin\/"}]}},"_links":{"self":[{"href":"http:\/\/www.lepetitarchive.com\/es\/wp-json\/wp\/v2\/posts\/3707"}],"collection":[{"href":"http:\/\/www.lepetitarchive.com\/es\/wp-json\/wp\/v2\/posts"}],"about":[{"href":"http:\/\/www.lepetitarchive.com\/es\/wp-json\/wp\/v2\/types\/post"}],"author":[{"embeddable":true,"href":"http:\/\/www.lepetitarchive.com\/es\/wp-json\/wp\/v2\/users\/1"}],"replies":[{"embeddable":true,"href":"http:\/\/www.lepetitarchive.com\/es\/wp-json\/wp\/v2\/comments?post=3707"}],"version-history":[{"count":2,"href":"http:\/\/www.lepetitarchive.com\/es\/wp-json\/wp\/v2\/posts\/3707\/revisions"}],"predecessor-version":[{"id":3732,"href":"http:\/\/www.lepetitarchive.com\/es\/wp-json\/wp\/v2\/posts\/3707\/revisions\/3732"}],"wp:featuredmedia":[{"embeddable":true,"href":"http:\/\/www.lepetitarchive.com\/es\/wp-json\/wp\/v2\/media\/3720"}],"wp:attachment":[{"href":"http:\/\/www.lepetitarchive.com\/es\/wp-json\/wp\/v2\/media?parent=3707"}],"wp:term":[{"taxonomy":"category","embeddable":true,"href":"http:\/\/www.lepetitarchive.com\/es\/wp-json\/wp\/v2\/categories?post=3707"},{"taxonomy":"post_tag","embeddable":true,"href":"http:\/\/www.lepetitarchive.com\/es\/wp-json\/wp\/v2\/tags?post=3707"}],"curies":[{"name":"wp","href":"https:\/\/api.w.org\/{rel}","templated":true}]}}