{"id":3586,"date":"2019-09-18T12:42:17","date_gmt":"2019-09-18T10:42:17","guid":{"rendered":"http:\/\/www.lepetitarchive.com\/es\/?p=3586"},"modified":"2020-03-18T23:32:42","modified_gmt":"2020-03-18T22:32:42","slug":"colecciones-lucy-orta-y-sus-prendas-reconstruidas","status":"publish","type":"post","link":"http:\/\/www.lepetitarchive.com\/es\/colecciones-lucy-orta-y-sus-prendas-reconstruidas\/","title":{"rendered":"#COLECCIONES Lucy Orta y sus prendas reconstruidas"},"content":{"rendered":"\n<div style=\"height:20px\" aria-hidden=\"true\" class=\"wp-block-spacer\"><\/div>\n\n\n\n<div class=\"alignnormal\"><div id=\"metaslider-id-3599\" style=\"max-width: 500px; margin: 0 auto;\" class=\"ml-slider-3-60-1 metaslider metaslider-flex metaslider-3599 ml-slider ms-theme-architekt has-dots-nav\" role=\"region\" aria-roledescription=\"Slideshow\" aria-label=\"orta\">\n    <div id=\"metaslider_container_3599\">\n        <div id=\"metaslider_3599\">\n            <ul aria-live=\"polite\" class=\"slides\">\n                <li style=\"display: block; width: 100%;\" class=\"slide-3600 ms-image\" aria-roledescription=\"slide\" aria-label=\"slide-3600\"><img loading=\"lazy\" decoding=\"async\" src=\"http:\/\/www.lepetitarchive.com\/es\/wp-content\/uploads\/sites\/2\/2019\/09\/1.jpg\" height=\"500\" width=\"500\" alt=\"prendas reconstruidas Orta Margiela\" class=\"slider-3599 slide-3600\" title=\"prendas reconstruidas Orta Margiela\" \/><\/li>\n                <li style=\"display: none; width: 100%;\" class=\"slide-3601 ms-image\" aria-roledescription=\"slide\" aria-label=\"slide-3601\"><img loading=\"lazy\" decoding=\"async\" src=\"http:\/\/www.lepetitarchive.com\/es\/wp-content\/uploads\/sites\/2\/2019\/09\/2-2-500x500.jpg\" height=\"500\" width=\"500\" alt=\"prendas reconstruidas Orta Margiela\" class=\"slider-3599 slide-3601\" title=\"prendas reconstruidas Orta Margiela\" \/><\/li>\n                <li style=\"display: none; width: 100%;\" class=\"slide-3602 ms-image\" aria-roledescription=\"slide\" aria-label=\"slide-3602\"><img loading=\"lazy\" decoding=\"async\" src=\"http:\/\/www.lepetitarchive.com\/es\/wp-content\/uploads\/sites\/2\/2019\/09\/3-2-500x500.jpg\" height=\"500\" width=\"500\" alt=\"prendas reconstruidas Orta Margiela\" class=\"slider-3599 slide-3602\" title=\"prendas reconstruidas Orta Margiela\" \/><\/li>\n                <li style=\"display: none; width: 100%;\" class=\"slide-3603 ms-image\" aria-roledescription=\"slide\" aria-label=\"slide-3603\"><img loading=\"lazy\" decoding=\"async\" src=\"http:\/\/www.lepetitarchive.com\/es\/wp-content\/uploads\/sites\/2\/2019\/09\/4-1-500x500.jpg\" height=\"500\" width=\"500\" alt=\"prendas reconstruidas Orta Margiela\" class=\"slider-3599 slide-3603\" title=\"prendas reconstruidas Orta Margiela\" \/><\/li>\n                <li style=\"display: none; width: 100%;\" class=\"slide-3604 ms-image\" aria-roledescription=\"slide\" aria-label=\"slide-3604\"><img loading=\"lazy\" decoding=\"async\" src=\"http:\/\/www.lepetitarchive.com\/es\/wp-content\/uploads\/sites\/2\/2019\/09\/5-2-495x494.jpg\" height=\"500\" width=\"500\" alt=\"prendas reconstruidas Orta Margiela\" class=\"slider-3599 slide-3604\" title=\"prendas reconstruidas Orta Margiela\" \/><\/li>\n                <li style=\"display: none; width: 100%;\" class=\"slide-3605 ms-image\" aria-roledescription=\"slide\" aria-label=\"slide-3605\"><img loading=\"lazy\" decoding=\"async\" src=\"http:\/\/www.lepetitarchive.com\/es\/wp-content\/uploads\/sites\/2\/2019\/09\/6-2-495x494.jpg\" height=\"500\" width=\"500\" alt=\"prendas reconstruidas Orta Margiela\" class=\"slider-3599 slide-3605\" title=\"prendas reconstruidas Orta Margiela\" \/><\/li>\n                <li style=\"display: none; width: 100%;\" class=\"slide-3606 ms-image\" aria-roledescription=\"slide\" aria-label=\"slide-3606\"><img loading=\"lazy\" decoding=\"async\" src=\"http:\/\/www.lepetitarchive.com\/es\/wp-content\/uploads\/sites\/2\/2019\/09\/7-2.jpg\" height=\"500\" width=\"500\" alt=\"prendas reconstruidas Orta Margiela\" class=\"slider-3599 slide-3606\" title=\"prendas reconstruidas Orta Margiela\" \/><\/li>\n                <li style=\"display: none; width: 100%;\" class=\"slide-3607 ms-image\" aria-roledescription=\"slide\" aria-label=\"slide-3607\"><img loading=\"lazy\" decoding=\"async\" src=\"http:\/\/www.lepetitarchive.com\/es\/wp-content\/uploads\/sites\/2\/2019\/09\/8-1.jpg\" height=\"500\" width=\"500\" alt=\"prendas reconstruidas Orta Margiela\" class=\"slider-3599 slide-3607\" title=\"prendas reconstruidas Orta Margiela\" \/><\/li>\n                <li style=\"display: none; width: 100%;\" class=\"slide-3608 ms-image\" aria-roledescription=\"slide\" aria-label=\"slide-3608\"><img loading=\"lazy\" decoding=\"async\" src=\"http:\/\/www.lepetitarchive.com\/es\/wp-content\/uploads\/sites\/2\/2019\/09\/9-2-1-500x500.jpg\" height=\"500\" width=\"500\" alt=\"prendas reconstruidas Orta Margiela\" class=\"slider-3599 slide-3608\" title=\"prendas reconstruidas Orta Margiela\" \/><\/li>\n                <li style=\"display: none; width: 100%;\" class=\"slide-3609 ms-image\" aria-roledescription=\"slide\" aria-label=\"slide-3609\"><img loading=\"lazy\" decoding=\"async\" src=\"http:\/\/www.lepetitarchive.com\/es\/wp-content\/uploads\/sites\/2\/2019\/09\/10-1-500x500.jpg\" height=\"500\" width=\"500\" alt=\"dise\u00f1o activsta lucy orta\" class=\"slider-3599 slide-3609\" title=\"prendas reconstruidas Orta Margiela\" \/><\/li>\n            <\/ul>\n        <\/div>\n        \n    <\/div>\n<\/div><\/div>\n\n\n\n<div style=\"height:20px\" aria-hidden=\"true\" class=\"wp-block-spacer\"><\/div>\n\n\n\n<p>En <strong>1995<\/strong> Lucy Orta (Studio-Orta), crea un <strong>taller colaborativo<\/strong> junto con \u201cCit\u00e9 de Refuge\u201d lugar creado por el Ej\u00e9rcito de Salvaci\u00f3n para dar daba cobijo a <strong>personas sin hogar<\/strong>. Con la ayuda de estudiantes de moda crearon una colecci\u00f3n a base de excedentes de ropa que se encontraban en los almacenes de las instalaciones. <\/p>\n\n\n\n<p>El broche final de la colecci\u00f3n fue su presentaci\u00f3n en un <strong>desfile p\u00fablico<\/strong> en la tienda de segunda mano del \u201cRefuge\u201d donde personal y residentes fueron invitados. <\/p>\n\n\n\n<p><strong>La colecci\u00f3n consist\u00eda en<\/strong> prendas re-construidas a partir de otras; un pantal\u00f3n hecho de guantes de cuero, un vestido de corbatas, una falda de cinturones, un top de cremalleras y hasta una falda a partir de un paraguas. <\/p>\n\n\n\n<p><strong>Hoy en d\u00eda son muchas las marcas que juegan con la reconstrucci\u00f3n<\/strong>, como es el caso de la ic\u00f3nica <a href=\"http:\/\/www.lepetitarchive.com\/iconic-garments-made-out-of-belts\/\">chaqueta de cinturones de Margiela<\/a>, que fue re-editada con H&amp;M o el top de cremalleras. Esta mujer merece reconocimiento por esta colecci\u00f3n tan innovadora. <\/p>\n\n\n\n<p>Te recomendamos seguir la cuenta de Instagram de este estudio formada por Lucy y Jorge Orta. Es realmente inspiradora.  <a href=\"https:\/\/www.instagram.com\/lucyjorgeorta\/\">@lucyjorgeorta<\/a>  <\/p>\n\n\n\n<p>M\u00e1s abajo, dejamos un v\u00eddeo sobre esta colecci\u00f3n. <\/p>\n\n\n\n<p>Escrito por  <a href=\"https:\/\/www.instagram.com\/damnflackoyoukillinit\/\">Adri\u00e1n Lorca<\/a> <\/p>\n\n\n\n<div style=\"height:20px\" aria-hidden=\"true\" class=\"wp-block-spacer\"><\/div>\n\n\n\n<figure class=\"wp-block-embed-youtube wp-block-embed is-type-video is-provider-youtube wp-embed-aspect-4-3 wp-has-aspect-ratio\"><div class=\"wp-block-embed__wrapper\">\n<iframe loading=\"lazy\" title=\"Lucy Orta: Identity + Refuge (1995)\" width=\"1140\" height=\"855\" src=\"https:\/\/www.youtube.com\/embed\/4YN-XF5_f-c?feature=oembed\" frameborder=\"0\" allow=\"accelerometer; autoplay; encrypted-media; gyroscope; picture-in-picture\" allowfullscreen><\/iframe>\n<\/div><\/figure>\n","protected":false},"excerpt":{"rendered":"<p>En 1995 Lucy Orta (Studio-Orta), crea un taller colaborativo junto con \u201cCit\u00e9 de Refuge\u201d lugar creado por el Ej\u00e9rcito de Salvaci\u00f3n para dar daba cobijo a personas sin hogar. Con la ayuda de estudiantes de moda crearon una colecci\u00f3n a base de excedentes de ropa que se encontraban en los almacenes de las instalaciones. El [&hellip;]<\/p>\n","protected":false},"author":1,"featured_media":3598,"comment_status":"open","ping_status":"open","sticky":false,"template":"","format":"standard","meta":{"footnotes":""},"categories":[3],"tags":[],"yoast_head":"<!-- This site is optimized with the Yoast SEO plugin v21.9.1 - https:\/\/yoast.com\/wordpress\/plugins\/seo\/ -->\n<title>#COLECCIONES Lucy Orta y sus prendas reconstruidas - Le Petit Archive<\/title>\n<meta name=\"description\" content=\"Te contamos la historia que hay detr\u00e1s de esta inspiradora e innovadora colecci\u00f3n creada por Lucy Orta.\" \/>\n<meta name=\"robots\" content=\"index, follow, max-snippet:-1, max-image-preview:large, max-video-preview:-1\" \/>\n<link rel=\"canonical\" href=\"https:\/\/www.lepetitarchive.com\/es\/colecciones-lucy-orta-y-sus-prendas-reconstruidas\/\" \/>\n<meta property=\"og:locale\" content=\"es_ES\" \/>\n<meta property=\"og:type\" content=\"article\" \/>\n<meta property=\"og:title\" content=\"#COLECCIONES Lucy Orta y sus prendas reconstruidas - Le Petit Archive\" \/>\n<meta property=\"og:description\" content=\"Te contamos la historia que hay detr\u00e1s de esta inspiradora e innovadora colecci\u00f3n creada por Lucy Orta.\" \/>\n<meta property=\"og:url\" content=\"https:\/\/www.lepetitarchive.com\/es\/colecciones-lucy-orta-y-sus-prendas-reconstruidas\/\" \/>\n<meta property=\"og:site_name\" content=\"Le Petit Archive\" \/>\n<meta property=\"article:published_time\" content=\"2019-09-18T10:42:17+00:00\" \/>\n<meta property=\"article:modified_time\" content=\"2020-03-18T22:32:42+00:00\" \/>\n<meta property=\"og:image\" content=\"https:\/\/www.lepetitarchive.com\/es\/wp-content\/uploads\/sites\/2\/2019\/09\/CABECERA.jpg\" \/>\n\t<meta property=\"og:image:width\" content=\"757\" \/>\n\t<meta property=\"og:image:height\" content=\"500\" \/>\n\t<meta property=\"og:image:type\" content=\"image\/jpeg\" \/>\n<meta name=\"author\" content=\"admin\" \/>\n<meta name=\"twitter:card\" content=\"summary_large_image\" \/>\n<meta name=\"twitter:label1\" content=\"Escrito por\" \/>\n\t<meta name=\"twitter:data1\" content=\"admin\" \/>\n\t<meta name=\"twitter:label2\" content=\"Tiempo de lectura\" \/>\n\t<meta name=\"twitter:data2\" content=\"1 minuto\" \/>\n<script type=\"application\/ld+json\" class=\"yoast-schema-graph\">{\"@context\":\"https:\/\/schema.org\",\"@graph\":[{\"@type\":\"WebPage\",\"@id\":\"https:\/\/www.lepetitarchive.com\/es\/colecciones-lucy-orta-y-sus-prendas-reconstruidas\/\",\"url\":\"https:\/\/www.lepetitarchive.com\/es\/colecciones-lucy-orta-y-sus-prendas-reconstruidas\/\",\"name\":\"#COLECCIONES Lucy Orta y sus prendas reconstruidas - Le Petit Archive\",\"isPartOf\":{\"@id\":\"https:\/\/www.lepetitarchive.com\/es\/#website\"},\"datePublished\":\"2019-09-18T10:42:17+00:00\",\"dateModified\":\"2020-03-18T22:32:42+00:00\",\"author\":{\"@id\":\"https:\/\/www.lepetitarchive.com\/es\/#\/schema\/person\/da91d3a94da64354fed6e9b07a3cbb56\"},\"description\":\"Te contamos la historia que hay detr\u00e1s de esta inspiradora e innovadora colecci\u00f3n creada por Lucy Orta.\",\"breadcrumb\":{\"@id\":\"https:\/\/www.lepetitarchive.com\/es\/colecciones-lucy-orta-y-sus-prendas-reconstruidas\/#breadcrumb\"},\"inLanguage\":\"es\",\"potentialAction\":[{\"@type\":\"ReadAction\",\"target\":[\"https:\/\/www.lepetitarchive.com\/es\/colecciones-lucy-orta-y-sus-prendas-reconstruidas\/\"]}]},{\"@type\":\"BreadcrumbList\",\"@id\":\"https:\/\/www.lepetitarchive.com\/es\/colecciones-lucy-orta-y-sus-prendas-reconstruidas\/#breadcrumb\",\"itemListElement\":[{\"@type\":\"ListItem\",\"position\":1,\"name\":\"Home\",\"item\":\"https:\/\/www.lepetitarchive.com\/es\/\"},{\"@type\":\"ListItem\",\"position\":2,\"name\":\"#COLECCIONES Lucy Orta y sus prendas reconstruidas\"}]},{\"@type\":\"WebSite\",\"@id\":\"https:\/\/www.lepetitarchive.com\/es\/#website\",\"url\":\"https:\/\/www.lepetitarchive.com\/es\/\",\"name\":\"Le Petit Archive\",\"description\":\"Free Fashion University\",\"potentialAction\":[{\"@type\":\"SearchAction\",\"target\":{\"@type\":\"EntryPoint\",\"urlTemplate\":\"https:\/\/www.lepetitarchive.com\/es\/?s={search_term_string}\"},\"query-input\":\"required name=search_term_string\"}],\"inLanguage\":\"es\"},{\"@type\":\"Person\",\"@id\":\"https:\/\/www.lepetitarchive.com\/es\/#\/schema\/person\/da91d3a94da64354fed6e9b07a3cbb56\",\"name\":\"admin\",\"image\":{\"@type\":\"ImageObject\",\"inLanguage\":\"es\",\"@id\":\"https:\/\/www.lepetitarchive.com\/es\/#\/schema\/person\/image\/\",\"url\":\"http:\/\/1.gravatar.com\/avatar\/102001135d8c70200f6c23d7cb883c24?s=96&d=mm&r=g\",\"contentUrl\":\"http:\/\/1.gravatar.com\/avatar\/102001135d8c70200f6c23d7cb883c24?s=96&d=mm&r=g\",\"caption\":\"admin\"},\"url\":\"http:\/\/www.lepetitarchive.com\/es\/author\/admin\/\"}]}<\/script>\n<!-- \/ Yoast SEO plugin. -->","yoast_head_json":{"title":"#COLECCIONES Lucy Orta y sus prendas reconstruidas - Le Petit Archive","description":"Te contamos la historia que hay detr\u00e1s de esta inspiradora e innovadora colecci\u00f3n creada por Lucy Orta.","robots":{"index":"index","follow":"follow","max-snippet":"max-snippet:-1","max-image-preview":"max-image-preview:large","max-video-preview":"max-video-preview:-1"},"canonical":"https:\/\/www.lepetitarchive.com\/es\/colecciones-lucy-orta-y-sus-prendas-reconstruidas\/","og_locale":"es_ES","og_type":"article","og_title":"#COLECCIONES Lucy Orta y sus prendas reconstruidas - Le Petit Archive","og_description":"Te contamos la historia que hay detr\u00e1s de esta inspiradora e innovadora colecci\u00f3n creada por Lucy Orta.","og_url":"https:\/\/www.lepetitarchive.com\/es\/colecciones-lucy-orta-y-sus-prendas-reconstruidas\/","og_site_name":"Le Petit Archive","article_published_time":"2019-09-18T10:42:17+00:00","article_modified_time":"2020-03-18T22:32:42+00:00","og_image":[{"width":757,"height":500,"url":"https:\/\/www.lepetitarchive.com\/es\/wp-content\/uploads\/sites\/2\/2019\/09\/CABECERA.jpg","type":"image\/jpeg"}],"author":"admin","twitter_card":"summary_large_image","twitter_misc":{"Escrito por":"admin","Tiempo de lectura":"1 minuto"},"schema":{"@context":"https:\/\/schema.org","@graph":[{"@type":"WebPage","@id":"https:\/\/www.lepetitarchive.com\/es\/colecciones-lucy-orta-y-sus-prendas-reconstruidas\/","url":"https:\/\/www.lepetitarchive.com\/es\/colecciones-lucy-orta-y-sus-prendas-reconstruidas\/","name":"#COLECCIONES Lucy Orta y sus prendas reconstruidas - Le Petit Archive","isPartOf":{"@id":"https:\/\/www.lepetitarchive.com\/es\/#website"},"datePublished":"2019-09-18T10:42:17+00:00","dateModified":"2020-03-18T22:32:42+00:00","author":{"@id":"https:\/\/www.lepetitarchive.com\/es\/#\/schema\/person\/da91d3a94da64354fed6e9b07a3cbb56"},"description":"Te contamos la historia que hay detr\u00e1s de esta inspiradora e innovadora colecci\u00f3n creada por Lucy Orta.","breadcrumb":{"@id":"https:\/\/www.lepetitarchive.com\/es\/colecciones-lucy-orta-y-sus-prendas-reconstruidas\/#breadcrumb"},"inLanguage":"es","potentialAction":[{"@type":"ReadAction","target":["https:\/\/www.lepetitarchive.com\/es\/colecciones-lucy-orta-y-sus-prendas-reconstruidas\/"]}]},{"@type":"BreadcrumbList","@id":"https:\/\/www.lepetitarchive.com\/es\/colecciones-lucy-orta-y-sus-prendas-reconstruidas\/#breadcrumb","itemListElement":[{"@type":"ListItem","position":1,"name":"Home","item":"https:\/\/www.lepetitarchive.com\/es\/"},{"@type":"ListItem","position":2,"name":"#COLECCIONES Lucy Orta y sus prendas reconstruidas"}]},{"@type":"WebSite","@id":"https:\/\/www.lepetitarchive.com\/es\/#website","url":"https:\/\/www.lepetitarchive.com\/es\/","name":"Le Petit Archive","description":"Free Fashion University","potentialAction":[{"@type":"SearchAction","target":{"@type":"EntryPoint","urlTemplate":"https:\/\/www.lepetitarchive.com\/es\/?s={search_term_string}"},"query-input":"required name=search_term_string"}],"inLanguage":"es"},{"@type":"Person","@id":"https:\/\/www.lepetitarchive.com\/es\/#\/schema\/person\/da91d3a94da64354fed6e9b07a3cbb56","name":"admin","image":{"@type":"ImageObject","inLanguage":"es","@id":"https:\/\/www.lepetitarchive.com\/es\/#\/schema\/person\/image\/","url":"http:\/\/1.gravatar.com\/avatar\/102001135d8c70200f6c23d7cb883c24?s=96&d=mm&r=g","contentUrl":"http:\/\/1.gravatar.com\/avatar\/102001135d8c70200f6c23d7cb883c24?s=96&d=mm&r=g","caption":"admin"},"url":"http:\/\/www.lepetitarchive.com\/es\/author\/admin\/"}]}},"_links":{"self":[{"href":"http:\/\/www.lepetitarchive.com\/es\/wp-json\/wp\/v2\/posts\/3586"}],"collection":[{"href":"http:\/\/www.lepetitarchive.com\/es\/wp-json\/wp\/v2\/posts"}],"about":[{"href":"http:\/\/www.lepetitarchive.com\/es\/wp-json\/wp\/v2\/types\/post"}],"author":[{"embeddable":true,"href":"http:\/\/www.lepetitarchive.com\/es\/wp-json\/wp\/v2\/users\/1"}],"replies":[{"embeddable":true,"href":"http:\/\/www.lepetitarchive.com\/es\/wp-json\/wp\/v2\/comments?post=3586"}],"version-history":[{"count":2,"href":"http:\/\/www.lepetitarchive.com\/es\/wp-json\/wp\/v2\/posts\/3586\/revisions"}],"predecessor-version":[{"id":3611,"href":"http:\/\/www.lepetitarchive.com\/es\/wp-json\/wp\/v2\/posts\/3586\/revisions\/3611"}],"wp:featuredmedia":[{"embeddable":true,"href":"http:\/\/www.lepetitarchive.com\/es\/wp-json\/wp\/v2\/media\/3598"}],"wp:attachment":[{"href":"http:\/\/www.lepetitarchive.com\/es\/wp-json\/wp\/v2\/media?parent=3586"}],"wp:term":[{"taxonomy":"category","embeddable":true,"href":"http:\/\/www.lepetitarchive.com\/es\/wp-json\/wp\/v2\/categories?post=3586"},{"taxonomy":"post_tag","embeddable":true,"href":"http:\/\/www.lepetitarchive.com\/es\/wp-json\/wp\/v2\/tags?post=3586"}],"curies":[{"name":"wp","href":"https:\/\/api.w.org\/{rel}","templated":true}]}}