{"id":299,"date":"2019-04-30T08:57:20","date_gmt":"2019-04-30T08:57:20","guid":{"rendered":"http:\/\/www.lepetitarchive.com\/?p=299"},"modified":"2020-03-23T18:59:45","modified_gmt":"2020-03-23T17:59:45","slug":"comme-des-garcons-ss-06-coleccion-the-rolling-stones","status":"publish","type":"post","link":"http:\/\/www.lepetitarchive.com\/es\/comme-des-garcons-ss-06-coleccion-the-rolling-stones\/","title":{"rendered":"#COLECCIONES Comme des gar\u00e7ons SS 06 &#038; Los Rolling Stones"},"content":{"rendered":"\n<div style=\"height:20px\" aria-hidden=\"true\" class=\"wp-block-spacer\"><\/div>\n\n\n\n<div class=\"alignnormal\"><div id=\"metaslider-id-992\" style=\"max-width: 500px; margin: 0 auto;\" class=\"ml-slider-3-60-1 metaslider metaslider-flex metaslider-992 ml-slider ms-theme-architekt has-dots-nav\" role=\"region\" aria-roledescription=\"Slideshow\" aria-label=\"cdg ss 06 rolling\">\n    <div id=\"metaslider_container_992\">\n        <div id=\"metaslider_992\">\n            <ul aria-live=\"polite\" class=\"slides\">\n                <li style=\"display: block; width: 100%;\" class=\"slide-2168 ms-image\" aria-roledescription=\"slide\" aria-label=\"slide-2168\"><img loading=\"lazy\" decoding=\"async\" src=\"http:\/\/www.lepetitarchive.com\/es\/wp-content\/uploads\/sites\/2\/2019\/06\/Foto-30-4-19-9-25-55-500x500.jpg\" height=\"500\" width=\"500\" alt=\"pantalones comme des gar\u00e7ons ss 06 rolling stones\" class=\"slider-992 slide-2168\" title=\"pantalones comme des gar\u00e7ons ss 06 rolling stones\" \/><\/li>\n                <li style=\"display: none; width: 100%;\" class=\"slide-2164 ms-image\" aria-roledescription=\"slide\" aria-label=\"slide-2164\"><img loading=\"lazy\" decoding=\"async\" src=\"http:\/\/www.lepetitarchive.com\/es\/wp-content\/uploads\/sites\/2\/2019\/06\/Foto-5-5-19-13-19-04-500x500.jpg\" height=\"500\" width=\"500\" alt=\"modelo pasarela comme des gar\u00e7ons ss 06 rolling stones\" class=\"slider-992 slide-2164\" title=\"modelo pasarela comme des gar\u00e7ons ss 06 rolling stones\" \/><\/li>\n                <li style=\"display: none; width: 100%;\" class=\"slide-2165 ms-image\" aria-roledescription=\"slide\" aria-label=\"slide-2165\"><img loading=\"lazy\" decoding=\"async\" src=\"http:\/\/www.lepetitarchive.com\/es\/wp-content\/uploads\/sites\/2\/2019\/06\/Foto-5-5-19-13-19-33-500x500.jpg\" height=\"500\" width=\"500\" alt=\"modelo pasarela comme des gar\u00e7ons ss 06 rolling stones\" class=\"slider-992 slide-2165\" title=\"modelo pasarela comme des gar\u00e7ons ss 06 rolling stones\" \/><\/li>\n                <li style=\"display: none; width: 100%;\" class=\"slide-2166 ms-image\" aria-roledescription=\"slide\" aria-label=\"slide-2166\"><img loading=\"lazy\" decoding=\"async\" src=\"http:\/\/www.lepetitarchive.com\/es\/wp-content\/uploads\/sites\/2\/2019\/06\/Foto-5-5-19-13-20-00-500x500.jpg\" height=\"500\" width=\"500\" alt=\"modelo pasarela comme des gar\u00e7ons ss 06 rolling stones\" class=\"slider-992 slide-2166\" title=\"modelo pasarela comme des gar\u00e7ons ss 06 rolling stones\" \/><\/li>\n                <li style=\"display: none; width: 100%;\" class=\"slide-2167 ms-image\" aria-roledescription=\"slide\" aria-label=\"slide-2167\"><img loading=\"lazy\" decoding=\"async\" src=\"http:\/\/www.lepetitarchive.com\/es\/wp-content\/uploads\/sites\/2\/2019\/06\/Foto-5-5-19-13-20-14-500x500.jpg\" height=\"500\" width=\"500\" alt=\"comme des gar\u00e7ons ss 06 rolling stones\" class=\"slider-992 slide-2167\" title=\"comme des gar\u00e7ons ss 06 rolling stones\" \/><\/li>\n            <\/ul>\n        <\/div>\n        \n    <\/div>\n<\/div><\/div>\n\n\n\n<div style=\"height:20px\" aria-hidden=\"true\" class=\"wp-block-spacer\"><\/div>\n\n\n\n<p>En esta colecci\u00f3n, la marca hace <strong>tributo<\/strong> al legendario grupo de rock \u201cThe Rolling Stones\u201d con un conjunto de prendas lleno de estampados y coloridos. Podemos apreciar una gran esencia del estilo de vestir de la banda, en la mezcla de distintos estampados, y el uso de piezas como, las chaquetas tipo blazer y los pantalones de corte recto con camisa o camiseta entallada. Los modelos tambi\u00e9n desprenden el mismo tipo de actitud que ellos en el escenario. <\/p>\n\n\n\n<p>El detalle que m\u00e1s llama la atenci\u00f3n, es el uso del <strong>m\u00edtico logo<\/strong> de los labios y la lengua fuera que les caracteriza. Este fue creado en 1970, por John Pasche, un estudiante del \u201cRoyal College Art\u201d de Londres, y cost\u00f3 solo 50 libras.&nbsp; La banda posteriormente pag\u00f3 200 libras extra por haberse quedado maravillado con \u00e9l. La primera vez que apareci\u00f3, fue en el etiquetado del disco \u201cSticky fingers\u201d en 1971.<\/p>\n\n\n\n<p><strong>La idea<\/strong> para el logo vino del primer encuentro que tuvo con Mick Jagger, y el rasgo que m\u00e1s le llam\u00f3 la atenci\u00f3n fueron la magnitud de sus labios y boca. &nbsp;<\/p>\n\n\n\n<p>Escrito por <a href=\"https:\/\/www.instagram.com\/damnflackoyoukillinit\/\">Adri\u00e1n Lorca<\/a><\/p>\n\n\n\n<figure class=\"wp-block-embed-youtube wp-block-embed is-type-video is-provider-youtube wp-embed-aspect-4-3 wp-has-aspect-ratio\"><div class=\"wp-block-embed__wrapper\">\n<iframe loading=\"lazy\" title=\"COMME DES GARC\u0327ONS Spring Summer 2006 Menswear Paris - Fashion Channel\" width=\"1140\" height=\"855\" src=\"https:\/\/www.youtube.com\/embed\/-CfGK9ORzCk?feature=oembed\" frameborder=\"0\" allow=\"accelerometer; autoplay; encrypted-media; gyroscope; picture-in-picture\" allowfullscreen><\/iframe>\n<\/div><\/figure>\n","protected":false},"excerpt":{"rendered":"<p>En esta colecci\u00f3n, la marca hace tributo al legendario grupo de rock \u201cThe Rolling Stones\u201d con un conjunto de prendas lleno de estampados y coloridos. Podemos apreciar una gran esencia del estilo de vestir de la banda, en la mezcla de distintos estampados, y el uso de piezas como, las chaquetas tipo blazer y los [&hellip;]<\/p>\n","protected":false},"author":1,"featured_media":2157,"comment_status":"open","ping_status":"open","sticky":false,"template":"","format":"standard","meta":{"footnotes":""},"categories":[3],"tags":[385,387,386],"yoast_head":"<!-- This site is optimized with the Yoast SEO plugin v21.9.1 - https:\/\/yoast.com\/wordpress\/plugins\/seo\/ -->\n<title>#COLECCIONES Comme des gar\u00e7ons SS 06 &amp; Los Rolling Stones - Le Petit Archive<\/title>\n<meta name=\"description\" content=\"Hacemos una peque\u00f1a rese\u00f1a sobre la inspiraci\u00f3n tomada para esta colecci\u00f3n de la marca japonesa que tanto nos enamora.\" \/>\n<meta name=\"robots\" content=\"index, follow, max-snippet:-1, max-image-preview:large, max-video-preview:-1\" \/>\n<link rel=\"canonical\" href=\"http:\/\/www.lepetitarchive.com\/es\/comme-des-garcons-ss-06-coleccion-the-rolling-stones\/\" \/>\n<meta property=\"og:locale\" content=\"es_ES\" \/>\n<meta property=\"og:type\" content=\"article\" \/>\n<meta property=\"og:title\" content=\"#COLECCIONES Comme des gar\u00e7ons SS 06 &amp; Los Rolling Stones - Le Petit Archive\" \/>\n<meta property=\"og:description\" content=\"Hacemos una peque\u00f1a rese\u00f1a sobre la inspiraci\u00f3n tomada para esta colecci\u00f3n de la marca japonesa que tanto nos enamora.\" \/>\n<meta property=\"og:url\" content=\"http:\/\/www.lepetitarchive.com\/es\/comme-des-garcons-ss-06-coleccion-the-rolling-stones\/\" \/>\n<meta property=\"og:site_name\" content=\"Le Petit Archive\" \/>\n<meta property=\"article:published_time\" content=\"2019-04-30T08:57:20+00:00\" \/>\n<meta property=\"article:modified_time\" content=\"2020-03-23T17:59:45+00:00\" \/>\n<meta property=\"og:image\" content=\"http:\/\/www.lepetitarchive.com\/es\/wp-content\/uploads\/sites\/2\/2019\/04\/cabecera.jpeg\" \/>\n\t<meta property=\"og:image:width\" content=\"1066\" \/>\n\t<meta property=\"og:image:height\" content=\"711\" \/>\n\t<meta property=\"og:image:type\" content=\"image\/jpeg\" \/>\n<meta name=\"author\" content=\"admin\" \/>\n<meta name=\"twitter:card\" content=\"summary_large_image\" \/>\n<meta name=\"twitter:label1\" content=\"Escrito por\" \/>\n\t<meta name=\"twitter:data1\" content=\"admin\" \/>\n\t<meta name=\"twitter:label2\" content=\"Tiempo de lectura\" \/>\n\t<meta name=\"twitter:data2\" content=\"1 minuto\" \/>\n<script type=\"application\/ld+json\" class=\"yoast-schema-graph\">{\"@context\":\"https:\/\/schema.org\",\"@graph\":[{\"@type\":\"WebPage\",\"@id\":\"http:\/\/www.lepetitarchive.com\/es\/comme-des-garcons-ss-06-coleccion-the-rolling-stones\/\",\"url\":\"http:\/\/www.lepetitarchive.com\/es\/comme-des-garcons-ss-06-coleccion-the-rolling-stones\/\",\"name\":\"#COLECCIONES Comme des gar\u00e7ons SS 06 & Los Rolling Stones - Le Petit Archive\",\"isPartOf\":{\"@id\":\"http:\/\/www.lepetitarchive.com\/es\/#website\"},\"datePublished\":\"2019-04-30T08:57:20+00:00\",\"dateModified\":\"2020-03-23T17:59:45+00:00\",\"author\":{\"@id\":\"http:\/\/www.lepetitarchive.com\/es\/#\/schema\/person\/da91d3a94da64354fed6e9b07a3cbb56\"},\"description\":\"Hacemos una peque\u00f1a rese\u00f1a sobre la inspiraci\u00f3n tomada para esta colecci\u00f3n de la marca japonesa que tanto nos enamora.\",\"breadcrumb\":{\"@id\":\"http:\/\/www.lepetitarchive.com\/es\/comme-des-garcons-ss-06-coleccion-the-rolling-stones\/#breadcrumb\"},\"inLanguage\":\"es\",\"potentialAction\":[{\"@type\":\"ReadAction\",\"target\":[\"http:\/\/www.lepetitarchive.com\/es\/comme-des-garcons-ss-06-coleccion-the-rolling-stones\/\"]}]},{\"@type\":\"BreadcrumbList\",\"@id\":\"http:\/\/www.lepetitarchive.com\/es\/comme-des-garcons-ss-06-coleccion-the-rolling-stones\/#breadcrumb\",\"itemListElement\":[{\"@type\":\"ListItem\",\"position\":1,\"name\":\"Home\",\"item\":\"http:\/\/www.lepetitarchive.com\/es\/\"},{\"@type\":\"ListItem\",\"position\":2,\"name\":\"#COLECCIONES Comme des gar\u00e7ons SS 06 &#038; Los Rolling Stones\"}]},{\"@type\":\"WebSite\",\"@id\":\"http:\/\/www.lepetitarchive.com\/es\/#website\",\"url\":\"http:\/\/www.lepetitarchive.com\/es\/\",\"name\":\"Le Petit Archive\",\"description\":\"Free Fashion University\",\"potentialAction\":[{\"@type\":\"SearchAction\",\"target\":{\"@type\":\"EntryPoint\",\"urlTemplate\":\"http:\/\/www.lepetitarchive.com\/es\/?s={search_term_string}\"},\"query-input\":\"required name=search_term_string\"}],\"inLanguage\":\"es\"},{\"@type\":\"Person\",\"@id\":\"http:\/\/www.lepetitarchive.com\/es\/#\/schema\/person\/da91d3a94da64354fed6e9b07a3cbb56\",\"name\":\"admin\",\"image\":{\"@type\":\"ImageObject\",\"inLanguage\":\"es\",\"@id\":\"http:\/\/www.lepetitarchive.com\/es\/#\/schema\/person\/image\/\",\"url\":\"http:\/\/1.gravatar.com\/avatar\/102001135d8c70200f6c23d7cb883c24?s=96&d=mm&r=g\",\"contentUrl\":\"http:\/\/1.gravatar.com\/avatar\/102001135d8c70200f6c23d7cb883c24?s=96&d=mm&r=g\",\"caption\":\"admin\"},\"url\":\"http:\/\/www.lepetitarchive.com\/es\/author\/admin\/\"}]}<\/script>\n<!-- \/ Yoast SEO plugin. -->","yoast_head_json":{"title":"#COLECCIONES Comme des gar\u00e7ons SS 06 & Los Rolling Stones - Le Petit Archive","description":"Hacemos una peque\u00f1a rese\u00f1a sobre la inspiraci\u00f3n tomada para esta colecci\u00f3n de la marca japonesa que tanto nos enamora.","robots":{"index":"index","follow":"follow","max-snippet":"max-snippet:-1","max-image-preview":"max-image-preview:large","max-video-preview":"max-video-preview:-1"},"canonical":"http:\/\/www.lepetitarchive.com\/es\/comme-des-garcons-ss-06-coleccion-the-rolling-stones\/","og_locale":"es_ES","og_type":"article","og_title":"#COLECCIONES Comme des gar\u00e7ons SS 06 & Los Rolling Stones - Le Petit Archive","og_description":"Hacemos una peque\u00f1a rese\u00f1a sobre la inspiraci\u00f3n tomada para esta colecci\u00f3n de la marca japonesa que tanto nos enamora.","og_url":"http:\/\/www.lepetitarchive.com\/es\/comme-des-garcons-ss-06-coleccion-the-rolling-stones\/","og_site_name":"Le Petit Archive","article_published_time":"2019-04-30T08:57:20+00:00","article_modified_time":"2020-03-23T17:59:45+00:00","og_image":[{"width":1066,"height":711,"url":"http:\/\/www.lepetitarchive.com\/es\/wp-content\/uploads\/sites\/2\/2019\/04\/cabecera.jpeg","type":"image\/jpeg"}],"author":"admin","twitter_card":"summary_large_image","twitter_misc":{"Escrito por":"admin","Tiempo de lectura":"1 minuto"},"schema":{"@context":"https:\/\/schema.org","@graph":[{"@type":"WebPage","@id":"http:\/\/www.lepetitarchive.com\/es\/comme-des-garcons-ss-06-coleccion-the-rolling-stones\/","url":"http:\/\/www.lepetitarchive.com\/es\/comme-des-garcons-ss-06-coleccion-the-rolling-stones\/","name":"#COLECCIONES Comme des gar\u00e7ons SS 06 & Los Rolling Stones - Le Petit Archive","isPartOf":{"@id":"http:\/\/www.lepetitarchive.com\/es\/#website"},"datePublished":"2019-04-30T08:57:20+00:00","dateModified":"2020-03-23T17:59:45+00:00","author":{"@id":"http:\/\/www.lepetitarchive.com\/es\/#\/schema\/person\/da91d3a94da64354fed6e9b07a3cbb56"},"description":"Hacemos una peque\u00f1a rese\u00f1a sobre la inspiraci\u00f3n tomada para esta colecci\u00f3n de la marca japonesa que tanto nos enamora.","breadcrumb":{"@id":"http:\/\/www.lepetitarchive.com\/es\/comme-des-garcons-ss-06-coleccion-the-rolling-stones\/#breadcrumb"},"inLanguage":"es","potentialAction":[{"@type":"ReadAction","target":["http:\/\/www.lepetitarchive.com\/es\/comme-des-garcons-ss-06-coleccion-the-rolling-stones\/"]}]},{"@type":"BreadcrumbList","@id":"http:\/\/www.lepetitarchive.com\/es\/comme-des-garcons-ss-06-coleccion-the-rolling-stones\/#breadcrumb","itemListElement":[{"@type":"ListItem","position":1,"name":"Home","item":"http:\/\/www.lepetitarchive.com\/es\/"},{"@type":"ListItem","position":2,"name":"#COLECCIONES Comme des gar\u00e7ons SS 06 &#038; Los Rolling Stones"}]},{"@type":"WebSite","@id":"http:\/\/www.lepetitarchive.com\/es\/#website","url":"http:\/\/www.lepetitarchive.com\/es\/","name":"Le Petit Archive","description":"Free Fashion University","potentialAction":[{"@type":"SearchAction","target":{"@type":"EntryPoint","urlTemplate":"http:\/\/www.lepetitarchive.com\/es\/?s={search_term_string}"},"query-input":"required name=search_term_string"}],"inLanguage":"es"},{"@type":"Person","@id":"http:\/\/www.lepetitarchive.com\/es\/#\/schema\/person\/da91d3a94da64354fed6e9b07a3cbb56","name":"admin","image":{"@type":"ImageObject","inLanguage":"es","@id":"http:\/\/www.lepetitarchive.com\/es\/#\/schema\/person\/image\/","url":"http:\/\/1.gravatar.com\/avatar\/102001135d8c70200f6c23d7cb883c24?s=96&d=mm&r=g","contentUrl":"http:\/\/1.gravatar.com\/avatar\/102001135d8c70200f6c23d7cb883c24?s=96&d=mm&r=g","caption":"admin"},"url":"http:\/\/www.lepetitarchive.com\/es\/author\/admin\/"}]}},"_links":{"self":[{"href":"http:\/\/www.lepetitarchive.com\/es\/wp-json\/wp\/v2\/posts\/299"}],"collection":[{"href":"http:\/\/www.lepetitarchive.com\/es\/wp-json\/wp\/v2\/posts"}],"about":[{"href":"http:\/\/www.lepetitarchive.com\/es\/wp-json\/wp\/v2\/types\/post"}],"author":[{"embeddable":true,"href":"http:\/\/www.lepetitarchive.com\/es\/wp-json\/wp\/v2\/users\/1"}],"replies":[{"embeddable":true,"href":"http:\/\/www.lepetitarchive.com\/es\/wp-json\/wp\/v2\/comments?post=299"}],"version-history":[{"count":3,"href":"http:\/\/www.lepetitarchive.com\/es\/wp-json\/wp\/v2\/posts\/299\/revisions"}],"predecessor-version":[{"id":4529,"href":"http:\/\/www.lepetitarchive.com\/es\/wp-json\/wp\/v2\/posts\/299\/revisions\/4529"}],"wp:featuredmedia":[{"embeddable":true,"href":"http:\/\/www.lepetitarchive.com\/es\/wp-json\/wp\/v2\/media\/2157"}],"wp:attachment":[{"href":"http:\/\/www.lepetitarchive.com\/es\/wp-json\/wp\/v2\/media?parent=299"}],"wp:term":[{"taxonomy":"category","embeddable":true,"href":"http:\/\/www.lepetitarchive.com\/es\/wp-json\/wp\/v2\/categories?post=299"},{"taxonomy":"post_tag","embeddable":true,"href":"http:\/\/www.lepetitarchive.com\/es\/wp-json\/wp\/v2\/tags?post=299"}],"curies":[{"name":"wp","href":"https:\/\/api.w.org\/{rel}","templated":true}]}}