{"id":283,"date":"2019-04-29T10:42:37","date_gmt":"2019-04-29T10:42:37","guid":{"rendered":"http:\/\/www.lepetitarchive.com\/?p=283"},"modified":"2020-03-23T18:52:04","modified_gmt":"2020-03-23T17:52:04","slug":"tendencias-la-zapatilla-de-trekking","status":"publish","type":"post","link":"http:\/\/www.lepetitarchive.com\/es\/tendencias-la-zapatilla-de-trekking\/","title":{"rendered":"#TENDENCIAS La zapatilla de trekking"},"content":{"rendered":"\n<div style=\"height:20px\" aria-hidden=\"true\" class=\"wp-block-spacer\"><\/div>\n\n\n\n<div class=\"alignnormal\"><div id=\"metaslider-id-924\" style=\"max-width: 500px; margin: 0 auto;\" class=\"ml-slider-3-60-1 metaslider metaslider-flex metaslider-924 ml-slider ms-theme-architekt has-dots-nav\" role=\"region\" aria-roledescription=\"Slideshow\" aria-label=\"hiking shoes\">\n    <div id=\"metaslider_container_924\">\n        <div id=\"metaslider_924\">\n            <ul aria-live=\"polite\" class=\"slides\">\n                <li style=\"display: block; width: 100%;\" class=\"slide-2113 ms-image\" aria-roledescription=\"slide\" aria-label=\"slide-2113\"><img loading=\"lazy\" decoding=\"async\" src=\"http:\/\/www.lepetitarchive.com\/es\/wp-content\/uploads\/sites\/2\/2019\/06\/Foto-29-4-19-10-41-47-500x500.jpg\" height=\"500\" width=\"500\" alt=\"balenciaga tracker tess s tendencias zapatilla monta\u00f1a\" class=\"slider-924 slide-2113\" title=\"balenciaga tracker tess s tendencias zapatilla monta\u00f1a\" \/><\/li>\n                <li style=\"display: none; width: 100%;\" class=\"slide-2110 ms-image\" aria-roledescription=\"slide\" aria-label=\"slide-2110\"><img loading=\"lazy\" decoding=\"async\" src=\"http:\/\/www.lepetitarchive.com\/es\/wp-content\/uploads\/sites\/2\/2019\/06\/Foto-4-5-19-20-03-43-500x500.jpg\" height=\"500\" width=\"500\" alt=\"salomon speedcross 3 tendencias zapatilla monta\u00f1a\" class=\"slider-924 slide-2110\" title=\"salomon speedcross 3 tendencias zapatilla monta\u00f1a\" \/><\/li>\n                <li style=\"display: none; width: 100%;\" class=\"slide-2111 ms-image\" aria-roledescription=\"slide\" aria-label=\"slide-2111\"><img loading=\"lazy\" decoding=\"async\" src=\"http:\/\/www.lepetitarchive.com\/es\/wp-content\/uploads\/sites\/2\/2019\/06\/Foto-4-5-19-20-03-55-500x500.jpg\" height=\"500\" width=\"500\" alt=\"caterpillar tendencias zapatilla monta\u00f1a\" class=\"slider-924 slide-2111\" title=\"caterpillar tendencias zapatilla monta\u00f1a\" \/><\/li>\n                <li style=\"display: none; width: 100%;\" class=\"slide-2112 ms-image\" aria-roledescription=\"slide\" aria-label=\"slide-2112\"><img loading=\"lazy\" decoding=\"async\" src=\"http:\/\/www.lepetitarchive.com\/es\/wp-content\/uploads\/sites\/2\/2019\/06\/Foto-4-5-19-20-04-23-500x500.jpg\" height=\"500\" width=\"500\" alt=\"supreme humara nike tendencias zapatilla monta\u00f1a\" class=\"slider-924 slide-2112\" title=\"supreme humara nike tendencias zapatilla monta\u00f1a\" \/><\/li>\n            <\/ul>\n        <\/div>\n        \n    <\/div>\n<\/div><\/div>\n\n\n\n<div style=\"height:20px\" aria-hidden=\"true\" class=\"wp-block-spacer\"><\/div>\n\n\n\n<p>Durante el a\u00f1o 2018, hemos visto una <strong>tendencia<\/strong> en el uso de zapatillas con finalidades m\u00e1s all\u00e1 del urbano, como es el caso de las zapatillas de trekking.<\/p>\n\n\n\n<p>La <strong>finalidad<\/strong> de este tipo de producto, es la de conseguir durabilidad, evitar el desgaste debido al tipo de terreno, y aportar ligereza y transpiraci\u00f3n gracias a sus materiales, que resisten el agua y otro agentes externos. Todos ellos son f\u00e1cilmente aplicables a las necesidades en la vida diaria que uno puede tener, sin perder el confort que aporta este tipo de producto.<\/p>\n\n\n\n<p><strong>Distintas marcas<\/strong> han adoptado este tipo de dise\u00f1o en algunos de sus productos. Alyx en conexi\u00f3n con ROA (marca de monta\u00f1a) cuyos productos incluyen suela Vibram (suela de goma y adherencia patentada). Nike en la reedici\u00f3n de su modelo Nike Humara, o&nbsp; sus modelos de la l\u00ednea ACG the&nbsp;Dog Mountain&nbsp;and&nbsp;Air Revaderchi. El \u00faltimo lanzamiento de calzado de la compa\u00f1\u00eda de maquinaria construcci\u00f3n Caterpillar. Los modelos&nbsp; de trekking de Salomon, como las Speedcross 3, o sus diferentes colaboraciones con Broken Arm y&nbsp; 11 By Boris Bidjan Saberi. Balenciaga y su modelo Tess S. Gomma trek o la colaboraci\u00f3n de Camper con Kiko Kostadinov. <\/p>\n\n\n\n<p>Escrito por <a href=\"https:\/\/www.instagram.com\/damnflackoyoukillinit\/\">Adri\u00e1n Lorca<\/a><\/p>\n","protected":false},"excerpt":{"rendered":"<p>Durante el a\u00f1o 2018, hemos visto una tendencia en el uso de zapatillas con finalidades m\u00e1s all\u00e1 del urbano, como es el caso de las zapatillas de trekking. La finalidad de este tipo de producto, es la de conseguir durabilidad, evitar el desgaste debido al tipo de terreno, y aportar ligereza y transpiraci\u00f3n gracias a [&hellip;]<\/p>\n","protected":false},"author":1,"featured_media":2104,"comment_status":"open","ping_status":"open","sticky":false,"template":"","format":"standard","meta":{"footnotes":""},"categories":[3],"tags":[379,100,112],"yoast_head":"<!-- This site is optimized with the Yoast SEO plugin v21.9.1 - https:\/\/yoast.com\/wordpress\/plugins\/seo\/ -->\n<title>#TENDENCIAS La zapatilla de trekking - Le Petit Archive<\/title>\n<meta name=\"description\" content=\"Analizamos esta tendencia por las zapatillas de monta\u00f1a y que marcas han incluido la misma en sus colecciones.\" \/>\n<meta name=\"robots\" content=\"index, follow, max-snippet:-1, max-image-preview:large, max-video-preview:-1\" \/>\n<link rel=\"canonical\" href=\"http:\/\/www.lepetitarchive.com\/es\/tendencias-la-zapatilla-de-trekking\/\" \/>\n<meta property=\"og:locale\" content=\"es_ES\" \/>\n<meta property=\"og:type\" content=\"article\" \/>\n<meta property=\"og:title\" content=\"#TENDENCIAS La zapatilla de trekking - Le Petit Archive\" \/>\n<meta property=\"og:description\" content=\"Analizamos esta tendencia por las zapatillas de monta\u00f1a y que marcas han incluido la misma en sus colecciones.\" \/>\n<meta property=\"og:url\" content=\"http:\/\/www.lepetitarchive.com\/es\/tendencias-la-zapatilla-de-trekking\/\" \/>\n<meta property=\"og:site_name\" content=\"Le Petit Archive\" \/>\n<meta property=\"article:published_time\" content=\"2019-04-29T10:42:37+00:00\" \/>\n<meta property=\"article:modified_time\" content=\"2020-03-23T17:52:04+00:00\" \/>\n<meta property=\"og:image\" content=\"http:\/\/www.lepetitarchive.com\/es\/wp-content\/uploads\/sites\/2\/2019\/04\/cabecera-12.jpg\" \/>\n\t<meta property=\"og:image:width\" content=\"1125\" \/>\n\t<meta property=\"og:image:height\" content=\"750\" \/>\n\t<meta property=\"og:image:type\" content=\"image\/jpeg\" \/>\n<meta name=\"author\" content=\"admin\" \/>\n<meta name=\"twitter:card\" content=\"summary_large_image\" \/>\n<meta name=\"twitter:label1\" content=\"Escrito por\" \/>\n\t<meta name=\"twitter:data1\" content=\"admin\" \/>\n\t<meta name=\"twitter:label2\" content=\"Tiempo de lectura\" \/>\n\t<meta name=\"twitter:data2\" content=\"1 minuto\" \/>\n<script type=\"application\/ld+json\" class=\"yoast-schema-graph\">{\"@context\":\"https:\/\/schema.org\",\"@graph\":[{\"@type\":\"WebPage\",\"@id\":\"http:\/\/www.lepetitarchive.com\/es\/tendencias-la-zapatilla-de-trekking\/\",\"url\":\"http:\/\/www.lepetitarchive.com\/es\/tendencias-la-zapatilla-de-trekking\/\",\"name\":\"#TENDENCIAS La zapatilla de trekking - Le Petit Archive\",\"isPartOf\":{\"@id\":\"https:\/\/www.lepetitarchive.com\/es\/#website\"},\"datePublished\":\"2019-04-29T10:42:37+00:00\",\"dateModified\":\"2020-03-23T17:52:04+00:00\",\"author\":{\"@id\":\"https:\/\/www.lepetitarchive.com\/es\/#\/schema\/person\/da91d3a94da64354fed6e9b07a3cbb56\"},\"description\":\"Analizamos esta tendencia por las zapatillas de monta\u00f1a y que marcas han incluido la misma en sus colecciones.\",\"breadcrumb\":{\"@id\":\"http:\/\/www.lepetitarchive.com\/es\/tendencias-la-zapatilla-de-trekking\/#breadcrumb\"},\"inLanguage\":\"es\",\"potentialAction\":[{\"@type\":\"ReadAction\",\"target\":[\"http:\/\/www.lepetitarchive.com\/es\/tendencias-la-zapatilla-de-trekking\/\"]}]},{\"@type\":\"BreadcrumbList\",\"@id\":\"http:\/\/www.lepetitarchive.com\/es\/tendencias-la-zapatilla-de-trekking\/#breadcrumb\",\"itemListElement\":[{\"@type\":\"ListItem\",\"position\":1,\"name\":\"Home\",\"item\":\"https:\/\/www.lepetitarchive.com\/es\/\"},{\"@type\":\"ListItem\",\"position\":2,\"name\":\"#TENDENCIAS La zapatilla de trekking\"}]},{\"@type\":\"WebSite\",\"@id\":\"https:\/\/www.lepetitarchive.com\/es\/#website\",\"url\":\"https:\/\/www.lepetitarchive.com\/es\/\",\"name\":\"Le Petit Archive\",\"description\":\"Free Fashion University\",\"potentialAction\":[{\"@type\":\"SearchAction\",\"target\":{\"@type\":\"EntryPoint\",\"urlTemplate\":\"https:\/\/www.lepetitarchive.com\/es\/?s={search_term_string}\"},\"query-input\":\"required name=search_term_string\"}],\"inLanguage\":\"es\"},{\"@type\":\"Person\",\"@id\":\"https:\/\/www.lepetitarchive.com\/es\/#\/schema\/person\/da91d3a94da64354fed6e9b07a3cbb56\",\"name\":\"admin\",\"image\":{\"@type\":\"ImageObject\",\"inLanguage\":\"es\",\"@id\":\"https:\/\/www.lepetitarchive.com\/es\/#\/schema\/person\/image\/\",\"url\":\"http:\/\/1.gravatar.com\/avatar\/102001135d8c70200f6c23d7cb883c24?s=96&d=mm&r=g\",\"contentUrl\":\"http:\/\/1.gravatar.com\/avatar\/102001135d8c70200f6c23d7cb883c24?s=96&d=mm&r=g\",\"caption\":\"admin\"},\"url\":\"http:\/\/www.lepetitarchive.com\/es\/author\/admin\/\"}]}<\/script>\n<!-- \/ Yoast SEO plugin. -->","yoast_head_json":{"title":"#TENDENCIAS La zapatilla de trekking - Le Petit Archive","description":"Analizamos esta tendencia por las zapatillas de monta\u00f1a y que marcas han incluido la misma en sus colecciones.","robots":{"index":"index","follow":"follow","max-snippet":"max-snippet:-1","max-image-preview":"max-image-preview:large","max-video-preview":"max-video-preview:-1"},"canonical":"http:\/\/www.lepetitarchive.com\/es\/tendencias-la-zapatilla-de-trekking\/","og_locale":"es_ES","og_type":"article","og_title":"#TENDENCIAS La zapatilla de trekking - Le Petit Archive","og_description":"Analizamos esta tendencia por las zapatillas de monta\u00f1a y que marcas han incluido la misma en sus colecciones.","og_url":"http:\/\/www.lepetitarchive.com\/es\/tendencias-la-zapatilla-de-trekking\/","og_site_name":"Le Petit Archive","article_published_time":"2019-04-29T10:42:37+00:00","article_modified_time":"2020-03-23T17:52:04+00:00","og_image":[{"width":1125,"height":750,"url":"http:\/\/www.lepetitarchive.com\/es\/wp-content\/uploads\/sites\/2\/2019\/04\/cabecera-12.jpg","type":"image\/jpeg"}],"author":"admin","twitter_card":"summary_large_image","twitter_misc":{"Escrito por":"admin","Tiempo de lectura":"1 minuto"},"schema":{"@context":"https:\/\/schema.org","@graph":[{"@type":"WebPage","@id":"http:\/\/www.lepetitarchive.com\/es\/tendencias-la-zapatilla-de-trekking\/","url":"http:\/\/www.lepetitarchive.com\/es\/tendencias-la-zapatilla-de-trekking\/","name":"#TENDENCIAS La zapatilla de trekking - Le Petit Archive","isPartOf":{"@id":"https:\/\/www.lepetitarchive.com\/es\/#website"},"datePublished":"2019-04-29T10:42:37+00:00","dateModified":"2020-03-23T17:52:04+00:00","author":{"@id":"https:\/\/www.lepetitarchive.com\/es\/#\/schema\/person\/da91d3a94da64354fed6e9b07a3cbb56"},"description":"Analizamos esta tendencia por las zapatillas de monta\u00f1a y que marcas han incluido la misma en sus colecciones.","breadcrumb":{"@id":"http:\/\/www.lepetitarchive.com\/es\/tendencias-la-zapatilla-de-trekking\/#breadcrumb"},"inLanguage":"es","potentialAction":[{"@type":"ReadAction","target":["http:\/\/www.lepetitarchive.com\/es\/tendencias-la-zapatilla-de-trekking\/"]}]},{"@type":"BreadcrumbList","@id":"http:\/\/www.lepetitarchive.com\/es\/tendencias-la-zapatilla-de-trekking\/#breadcrumb","itemListElement":[{"@type":"ListItem","position":1,"name":"Home","item":"https:\/\/www.lepetitarchive.com\/es\/"},{"@type":"ListItem","position":2,"name":"#TENDENCIAS La zapatilla de trekking"}]},{"@type":"WebSite","@id":"https:\/\/www.lepetitarchive.com\/es\/#website","url":"https:\/\/www.lepetitarchive.com\/es\/","name":"Le Petit Archive","description":"Free Fashion University","potentialAction":[{"@type":"SearchAction","target":{"@type":"EntryPoint","urlTemplate":"https:\/\/www.lepetitarchive.com\/es\/?s={search_term_string}"},"query-input":"required name=search_term_string"}],"inLanguage":"es"},{"@type":"Person","@id":"https:\/\/www.lepetitarchive.com\/es\/#\/schema\/person\/da91d3a94da64354fed6e9b07a3cbb56","name":"admin","image":{"@type":"ImageObject","inLanguage":"es","@id":"https:\/\/www.lepetitarchive.com\/es\/#\/schema\/person\/image\/","url":"http:\/\/1.gravatar.com\/avatar\/102001135d8c70200f6c23d7cb883c24?s=96&d=mm&r=g","contentUrl":"http:\/\/1.gravatar.com\/avatar\/102001135d8c70200f6c23d7cb883c24?s=96&d=mm&r=g","caption":"admin"},"url":"http:\/\/www.lepetitarchive.com\/es\/author\/admin\/"}]}},"_links":{"self":[{"href":"http:\/\/www.lepetitarchive.com\/es\/wp-json\/wp\/v2\/posts\/283"}],"collection":[{"href":"http:\/\/www.lepetitarchive.com\/es\/wp-json\/wp\/v2\/posts"}],"about":[{"href":"http:\/\/www.lepetitarchive.com\/es\/wp-json\/wp\/v2\/types\/post"}],"author":[{"embeddable":true,"href":"http:\/\/www.lepetitarchive.com\/es\/wp-json\/wp\/v2\/users\/1"}],"replies":[{"embeddable":true,"href":"http:\/\/www.lepetitarchive.com\/es\/wp-json\/wp\/v2\/comments?post=283"}],"version-history":[{"count":4,"href":"http:\/\/www.lepetitarchive.com\/es\/wp-json\/wp\/v2\/posts\/283\/revisions"}],"predecessor-version":[{"id":4525,"href":"http:\/\/www.lepetitarchive.com\/es\/wp-json\/wp\/v2\/posts\/283\/revisions\/4525"}],"wp:featuredmedia":[{"embeddable":true,"href":"http:\/\/www.lepetitarchive.com\/es\/wp-json\/wp\/v2\/media\/2104"}],"wp:attachment":[{"href":"http:\/\/www.lepetitarchive.com\/es\/wp-json\/wp\/v2\/media?parent=283"}],"wp:term":[{"taxonomy":"category","embeddable":true,"href":"http:\/\/www.lepetitarchive.com\/es\/wp-json\/wp\/v2\/categories?post=283"},{"taxonomy":"post_tag","embeddable":true,"href":"http:\/\/www.lepetitarchive.com\/es\/wp-json\/wp\/v2\/tags?post=283"}],"curies":[{"name":"wp","href":"https:\/\/api.w.org\/{rel}","templated":true}]}}