{"id":261,"date":"2019-04-29T08:15:36","date_gmt":"2019-04-29T08:15:36","guid":{"rendered":"http:\/\/www.lepetitarchive.com\/?p=261"},"modified":"2020-03-23T18:45:42","modified_gmt":"2020-03-23T17:45:42","slug":"el-zapato-tabi-de-margiela","status":"publish","type":"post","link":"http:\/\/www.lepetitarchive.com\/es\/el-zapato-tabi-de-margiela\/","title":{"rendered":"#GARMENTS El zapato Tabi de Margiela"},"content":{"rendered":"\n<div style=\"height:20px\" aria-hidden=\"true\" class=\"wp-block-spacer\"><\/div>\n\n\n\n<div class=\"alignnormal\"><div id=\"metaslider-id-870\" style=\"max-width: 500px; margin: 0 auto;\" class=\"ml-slider-3-60-1 metaslider metaslider-flex metaslider-870 ml-slider ms-theme-architekt has-dots-nav\" role=\"region\" aria-roledescription=\"Slideshow\" aria-label=\"Margiela tabi\">\n    <div id=\"metaslider_container_870\">\n        <div id=\"metaslider_870\">\n            <ul aria-live=\"polite\" class=\"slides\">\n                <li style=\"display: block; width: 100%;\" class=\"slide-876 ms-image\" aria-roledescription=\"slide\" aria-label=\"slide-876\"><img loading=\"lazy\" decoding=\"async\" src=\"http:\/\/www.lepetitarchive.com\/es\/wp-content\/uploads\/sites\/2\/2019\/05\/Foto-29-4-19-8-02-30-500x500.jpg\" height=\"500\" width=\"500\" alt=\"Margiela tabi zapato japon\u00e9s \" class=\"slider-870 slide-876\" title=\"Margiela tabi zapato japones\" \/><\/li>\n                <li style=\"display: none; width: 100%;\" class=\"slide-2089 ms-image\" aria-roledescription=\"slide\" aria-label=\"slide-2089\"><img loading=\"lazy\" decoding=\"async\" src=\"http:\/\/www.lepetitarchive.com\/es\/wp-content\/uploads\/sites\/2\/2019\/05\/2-6-500x500.jpg\" height=\"500\" width=\"500\" alt=\"chico vistiendo margiela tabi zapato japones\" class=\"slider-870 slide-2089\" title=\"chico vistiendo margiela tabi zapato japones\" \/><\/li>\n                <li style=\"display: none; width: 100%;\" class=\"slide-2090 ms-image\" aria-roledescription=\"slide\" aria-label=\"slide-2090\"><img loading=\"lazy\" decoding=\"async\" src=\"http:\/\/www.lepetitarchive.com\/es\/wp-content\/uploads\/sites\/2\/2019\/05\/3-9-500x500.jpg\" height=\"500\" width=\"500\" alt=\"cigarro margiela tabi zapato japones\" class=\"slider-870 slide-2090\" title=\"cigarro margiela tabi zapato japones\" \/><\/li>\n            <\/ul>\n        <\/div>\n        \n    <\/div>\n<\/div><\/div>\n\n\n\n<div style=\"height:20px\" aria-hidden=\"true\" class=\"wp-block-spacer\"><\/div>\n\n\n\n<p>Margiela es conocida por <strong>desconstruir<\/strong> patrones ya establecidos para crear nuevos conceptos. En este caso toma referencia del zapato japon\u00e9s tabi, que data del siglo XV, y consiste en una sandalia con un tirador tipo tanga, que separa el dedo gordo del resto. Seg\u00fan la cultura japonesa, proporciona equilibro y conexi\u00f3n con el yo interior. <\/p>\n\n\n\n<p>Este zapato hizo su <strong>primera aparici\u00f3n<\/strong> en el show debut de Margiela en 1988, y desde entonces, al igual que su modelo Replica, no han parado de reeditarlo en una gran variedad de colores y versiones. En este show, para dejar evidencia del tipo de zapato que era, los modelos marcaron sus plantas en pintura roja, dejando su huella en la pasarela como firma de presencia. <\/p>\n\n\n\n<p><strong>Marcas como<\/strong> SOU-SOU, Nike con sus Air Rift, o Vetements, han sacado sus propias versiones.<\/p>\n\n\n\n<p> Hay una cuenta de instagram con una gran <strong>obsesi\u00f3n<\/strong> por este modelo que recomiendo echar un vistazo <a href=\"https:\/\/www.instagram.com\/margielatab1\/\">@margielatab1<\/a><\/p>\n\n\n\n<p>Escrito por <a href=\"https:\/\/www.instagram.com\/damnflackoyoukillinit\/\">Adri\u00e1n Lorca<\/a><\/p>\n","protected":false},"excerpt":{"rendered":"<p>Margiela es conocida por desconstruir patrones ya establecidos para crear nuevos conceptos. En este caso toma referencia del zapato japon\u00e9s tabi, que data del siglo XV, y consiste en una sandalia con un tirador tipo tanga, que separa el dedo gordo del resto. Seg\u00fan la cultura japonesa, proporciona equilibro y conexi\u00f3n con el yo interior. [&hellip;]<\/p>\n","protected":false},"author":1,"featured_media":871,"comment_status":"open","ping_status":"open","sticky":false,"template":"","format":"standard","meta":{"footnotes":""},"categories":[3],"tags":[73,103],"yoast_head":"<!-- This site is optimized with the Yoast SEO plugin v21.9.1 - https:\/\/yoast.com\/wordpress\/plugins\/seo\/ -->\n<title>#GARMENTS El zapato Tabi de Margiela - Le Petit Archive<\/title>\n<meta name=\"description\" content=\"Contamos la historia que hay detr\u00e1s de este ic\u00f3nico zapato y de d\u00f3nde ha nacido la inspiraci\u00f3n de Margiela para su creaci\u00f3n.\" \/>\n<meta name=\"robots\" content=\"index, follow, max-snippet:-1, max-image-preview:large, max-video-preview:-1\" \/>\n<link rel=\"canonical\" href=\"https:\/\/www.lepetitarchive.com\/es\/el-zapato-tabi-de-margiela\/\" \/>\n<meta property=\"og:locale\" content=\"es_ES\" \/>\n<meta property=\"og:type\" content=\"article\" \/>\n<meta property=\"og:title\" content=\"#GARMENTS El zapato Tabi de Margiela - Le Petit Archive\" \/>\n<meta property=\"og:description\" content=\"Contamos la historia que hay detr\u00e1s de este ic\u00f3nico zapato y de d\u00f3nde ha nacido la inspiraci\u00f3n de Margiela para su creaci\u00f3n.\" \/>\n<meta property=\"og:url\" content=\"https:\/\/www.lepetitarchive.com\/es\/el-zapato-tabi-de-margiela\/\" \/>\n<meta property=\"og:site_name\" content=\"Le Petit Archive\" \/>\n<meta property=\"article:published_time\" content=\"2019-04-29T08:15:36+00:00\" \/>\n<meta property=\"article:modified_time\" content=\"2020-03-23T17:45:42+00:00\" \/>\n<meta property=\"og:image\" content=\"https:\/\/www.lepetitarchive.com\/es\/wp-content\/uploads\/sites\/2\/2019\/04\/cabecera-13.jpg\" \/>\n\t<meta property=\"og:image:width\" content=\"1949\" \/>\n\t<meta property=\"og:image:height\" content=\"1299\" \/>\n\t<meta property=\"og:image:type\" content=\"image\/jpeg\" \/>\n<meta name=\"author\" content=\"admin\" \/>\n<meta name=\"twitter:card\" content=\"summary_large_image\" \/>\n<meta name=\"twitter:label1\" content=\"Escrito por\" \/>\n\t<meta name=\"twitter:data1\" content=\"admin\" \/>\n\t<meta name=\"twitter:label2\" content=\"Tiempo de lectura\" \/>\n\t<meta name=\"twitter:data2\" content=\"1 minuto\" \/>\n<script type=\"application\/ld+json\" class=\"yoast-schema-graph\">{\"@context\":\"https:\/\/schema.org\",\"@graph\":[{\"@type\":\"WebPage\",\"@id\":\"https:\/\/www.lepetitarchive.com\/es\/el-zapato-tabi-de-margiela\/\",\"url\":\"https:\/\/www.lepetitarchive.com\/es\/el-zapato-tabi-de-margiela\/\",\"name\":\"#GARMENTS El zapato Tabi de Margiela - Le Petit Archive\",\"isPartOf\":{\"@id\":\"https:\/\/www.lepetitarchive.com\/es\/#website\"},\"datePublished\":\"2019-04-29T08:15:36+00:00\",\"dateModified\":\"2020-03-23T17:45:42+00:00\",\"author\":{\"@id\":\"https:\/\/www.lepetitarchive.com\/es\/#\/schema\/person\/da91d3a94da64354fed6e9b07a3cbb56\"},\"description\":\"Contamos la historia que hay detr\u00e1s de este ic\u00f3nico zapato y de d\u00f3nde ha nacido la inspiraci\u00f3n de Margiela para su creaci\u00f3n.\",\"breadcrumb\":{\"@id\":\"https:\/\/www.lepetitarchive.com\/es\/el-zapato-tabi-de-margiela\/#breadcrumb\"},\"inLanguage\":\"es\",\"potentialAction\":[{\"@type\":\"ReadAction\",\"target\":[\"https:\/\/www.lepetitarchive.com\/es\/el-zapato-tabi-de-margiela\/\"]}]},{\"@type\":\"BreadcrumbList\",\"@id\":\"https:\/\/www.lepetitarchive.com\/es\/el-zapato-tabi-de-margiela\/#breadcrumb\",\"itemListElement\":[{\"@type\":\"ListItem\",\"position\":1,\"name\":\"Home\",\"item\":\"https:\/\/www.lepetitarchive.com\/es\/\"},{\"@type\":\"ListItem\",\"position\":2,\"name\":\"#GARMENTS El zapato Tabi de Margiela\"}]},{\"@type\":\"WebSite\",\"@id\":\"https:\/\/www.lepetitarchive.com\/es\/#website\",\"url\":\"https:\/\/www.lepetitarchive.com\/es\/\",\"name\":\"Le Petit Archive\",\"description\":\"Free Fashion University\",\"potentialAction\":[{\"@type\":\"SearchAction\",\"target\":{\"@type\":\"EntryPoint\",\"urlTemplate\":\"https:\/\/www.lepetitarchive.com\/es\/?s={search_term_string}\"},\"query-input\":\"required name=search_term_string\"}],\"inLanguage\":\"es\"},{\"@type\":\"Person\",\"@id\":\"https:\/\/www.lepetitarchive.com\/es\/#\/schema\/person\/da91d3a94da64354fed6e9b07a3cbb56\",\"name\":\"admin\",\"image\":{\"@type\":\"ImageObject\",\"inLanguage\":\"es\",\"@id\":\"https:\/\/www.lepetitarchive.com\/es\/#\/schema\/person\/image\/\",\"url\":\"http:\/\/1.gravatar.com\/avatar\/102001135d8c70200f6c23d7cb883c24?s=96&d=mm&r=g\",\"contentUrl\":\"http:\/\/1.gravatar.com\/avatar\/102001135d8c70200f6c23d7cb883c24?s=96&d=mm&r=g\",\"caption\":\"admin\"},\"url\":\"http:\/\/www.lepetitarchive.com\/es\/author\/admin\/\"}]}<\/script>\n<!-- \/ Yoast SEO plugin. -->","yoast_head_json":{"title":"#GARMENTS El zapato Tabi de Margiela - Le Petit Archive","description":"Contamos la historia que hay detr\u00e1s de este ic\u00f3nico zapato y de d\u00f3nde ha nacido la inspiraci\u00f3n de Margiela para su creaci\u00f3n.","robots":{"index":"index","follow":"follow","max-snippet":"max-snippet:-1","max-image-preview":"max-image-preview:large","max-video-preview":"max-video-preview:-1"},"canonical":"https:\/\/www.lepetitarchive.com\/es\/el-zapato-tabi-de-margiela\/","og_locale":"es_ES","og_type":"article","og_title":"#GARMENTS El zapato Tabi de Margiela - Le Petit Archive","og_description":"Contamos la historia que hay detr\u00e1s de este ic\u00f3nico zapato y de d\u00f3nde ha nacido la inspiraci\u00f3n de Margiela para su creaci\u00f3n.","og_url":"https:\/\/www.lepetitarchive.com\/es\/el-zapato-tabi-de-margiela\/","og_site_name":"Le Petit Archive","article_published_time":"2019-04-29T08:15:36+00:00","article_modified_time":"2020-03-23T17:45:42+00:00","og_image":[{"width":1949,"height":1299,"url":"https:\/\/www.lepetitarchive.com\/es\/wp-content\/uploads\/sites\/2\/2019\/04\/cabecera-13.jpg","type":"image\/jpeg"}],"author":"admin","twitter_card":"summary_large_image","twitter_misc":{"Escrito por":"admin","Tiempo de lectura":"1 minuto"},"schema":{"@context":"https:\/\/schema.org","@graph":[{"@type":"WebPage","@id":"https:\/\/www.lepetitarchive.com\/es\/el-zapato-tabi-de-margiela\/","url":"https:\/\/www.lepetitarchive.com\/es\/el-zapato-tabi-de-margiela\/","name":"#GARMENTS El zapato Tabi de Margiela - Le Petit Archive","isPartOf":{"@id":"https:\/\/www.lepetitarchive.com\/es\/#website"},"datePublished":"2019-04-29T08:15:36+00:00","dateModified":"2020-03-23T17:45:42+00:00","author":{"@id":"https:\/\/www.lepetitarchive.com\/es\/#\/schema\/person\/da91d3a94da64354fed6e9b07a3cbb56"},"description":"Contamos la historia que hay detr\u00e1s de este ic\u00f3nico zapato y de d\u00f3nde ha nacido la inspiraci\u00f3n de Margiela para su creaci\u00f3n.","breadcrumb":{"@id":"https:\/\/www.lepetitarchive.com\/es\/el-zapato-tabi-de-margiela\/#breadcrumb"},"inLanguage":"es","potentialAction":[{"@type":"ReadAction","target":["https:\/\/www.lepetitarchive.com\/es\/el-zapato-tabi-de-margiela\/"]}]},{"@type":"BreadcrumbList","@id":"https:\/\/www.lepetitarchive.com\/es\/el-zapato-tabi-de-margiela\/#breadcrumb","itemListElement":[{"@type":"ListItem","position":1,"name":"Home","item":"https:\/\/www.lepetitarchive.com\/es\/"},{"@type":"ListItem","position":2,"name":"#GARMENTS El zapato Tabi de Margiela"}]},{"@type":"WebSite","@id":"https:\/\/www.lepetitarchive.com\/es\/#website","url":"https:\/\/www.lepetitarchive.com\/es\/","name":"Le Petit Archive","description":"Free Fashion University","potentialAction":[{"@type":"SearchAction","target":{"@type":"EntryPoint","urlTemplate":"https:\/\/www.lepetitarchive.com\/es\/?s={search_term_string}"},"query-input":"required name=search_term_string"}],"inLanguage":"es"},{"@type":"Person","@id":"https:\/\/www.lepetitarchive.com\/es\/#\/schema\/person\/da91d3a94da64354fed6e9b07a3cbb56","name":"admin","image":{"@type":"ImageObject","inLanguage":"es","@id":"https:\/\/www.lepetitarchive.com\/es\/#\/schema\/person\/image\/","url":"http:\/\/1.gravatar.com\/avatar\/102001135d8c70200f6c23d7cb883c24?s=96&d=mm&r=g","contentUrl":"http:\/\/1.gravatar.com\/avatar\/102001135d8c70200f6c23d7cb883c24?s=96&d=mm&r=g","caption":"admin"},"url":"http:\/\/www.lepetitarchive.com\/es\/author\/admin\/"}]}},"_links":{"self":[{"href":"http:\/\/www.lepetitarchive.com\/es\/wp-json\/wp\/v2\/posts\/261"}],"collection":[{"href":"http:\/\/www.lepetitarchive.com\/es\/wp-json\/wp\/v2\/posts"}],"about":[{"href":"http:\/\/www.lepetitarchive.com\/es\/wp-json\/wp\/v2\/types\/post"}],"author":[{"embeddable":true,"href":"http:\/\/www.lepetitarchive.com\/es\/wp-json\/wp\/v2\/users\/1"}],"replies":[{"embeddable":true,"href":"http:\/\/www.lepetitarchive.com\/es\/wp-json\/wp\/v2\/comments?post=261"}],"version-history":[{"count":3,"href":"http:\/\/www.lepetitarchive.com\/es\/wp-json\/wp\/v2\/posts\/261\/revisions"}],"predecessor-version":[{"id":4521,"href":"http:\/\/www.lepetitarchive.com\/es\/wp-json\/wp\/v2\/posts\/261\/revisions\/4521"}],"wp:featuredmedia":[{"embeddable":true,"href":"http:\/\/www.lepetitarchive.com\/es\/wp-json\/wp\/v2\/media\/871"}],"wp:attachment":[{"href":"http:\/\/www.lepetitarchive.com\/es\/wp-json\/wp\/v2\/media?parent=261"}],"wp:term":[{"taxonomy":"category","embeddable":true,"href":"http:\/\/www.lepetitarchive.com\/es\/wp-json\/wp\/v2\/categories?post=261"},{"taxonomy":"post_tag","embeddable":true,"href":"http:\/\/www.lepetitarchive.com\/es\/wp-json\/wp\/v2\/tags?post=261"}],"curies":[{"name":"wp","href":"https:\/\/api.w.org\/{rel}","templated":true}]}}