{"id":1616,"date":"2019-05-22T10:21:03","date_gmt":"2019-05-22T10:21:03","guid":{"rendered":"http:\/\/www.lepetitarchive.com\/?p=1616"},"modified":"2020-03-28T21:46:55","modified_gmt":"2020-03-28T20:46:55","slug":"prendas-raf-simons-ss-03-inspiradas-paracaidismo","status":"publish","type":"post","link":"http:\/\/www.lepetitarchive.com\/es\/prendas-raf-simons-ss-03-inspiradas-paracaidismo\/","title":{"rendered":"#COLECCIONES Paracaidismo &#038; Raf Simons SS 03"},"content":{"rendered":"\n<div style=\"height:20px\" aria-hidden=\"true\" class=\"wp-block-spacer\"><\/div>\n\n\n\n<div class=\"alignnormal\"><div id=\"metaslider-id-1622\" style=\"max-width: 500px; margin: 0 auto;\" class=\"ml-slider-3-60-1 metaslider metaslider-flex metaslider-1622 ml-slider ms-theme-architekt has-dots-nav\" role=\"region\" aria-roledescription=\"Slideshow\" aria-label=\"raf simons parachute\">\n    <div id=\"metaslider_container_1622\">\n        <div id=\"metaslider_1622\">\n            <ul aria-live=\"polite\" class=\"slides\">\n                <li style=\"display: block; width: 100%;\" class=\"slide-2616 ms-image\" aria-roledescription=\"slide\" aria-label=\"slide-2616\"><img loading=\"lazy\" decoding=\"async\" src=\"http:\/\/www.lepetitarchive.com\/es\/wp-content\/uploads\/sites\/2\/2019\/06\/Foto-22-5-19-12-14-06-500x500.jpg\" height=\"500\" width=\"500\" alt=\"chaqueta parachute bomber raf simons ss 03\" class=\"slider-1622 slide-2616\" title=\"chaqueta parachute bomber raf simons ss 03\" \/><\/li>\n                <li style=\"display: none; width: 100%;\" class=\"slide-2608 ms-image\" aria-roledescription=\"slide\" aria-label=\"slide-2608\"><img loading=\"lazy\" decoding=\"async\" src=\"http:\/\/www.lepetitarchive.com\/es\/wp-content\/uploads\/sites\/2\/2019\/05\/Foto-22-5-19-12-14-21-500x500.jpg\" height=\"500\" width=\"500\" alt=\"chaqueta parachute bomber raf simons ss 03\" class=\"slider-1622 slide-2608\" title=\"chaqueta parachute bomber raf simons ss 03\" \/><\/li>\n                <li style=\"display: none; width: 100%;\" class=\"slide-2609 ms-image\" aria-roledescription=\"slide\" aria-label=\"slide-2609\"><img loading=\"lazy\" decoding=\"async\" src=\"http:\/\/www.lepetitarchive.com\/es\/wp-content\/uploads\/sites\/2\/2019\/05\/Foto-22-5-19-12-14-30-500x500.jpg\" height=\"500\" width=\"500\" alt=\"americana parachute raf simons ss 03\" class=\"slider-1622 slide-2609\" title=\"americana parachute raf simons ss 03\" \/><\/li>\n                <li style=\"display: none; width: 100%;\" class=\"slide-2610 ms-image\" aria-roledescription=\"slide\" aria-label=\"slide-2610\"><img loading=\"lazy\" decoding=\"async\" src=\"http:\/\/www.lepetitarchive.com\/es\/wp-content\/uploads\/sites\/2\/2019\/05\/Foto-22-5-19-12-14-40-500x500.jpg\" height=\"500\" width=\"500\" alt=\"americana parachute raf simons ss 03\" class=\"slider-1622 slide-2610\" title=\"americana parachute raf simons ss 03\" \/><\/li>\n                <li style=\"display: none; width: 100%;\" class=\"slide-2611 ms-image\" aria-roledescription=\"slide\" aria-label=\"slide-2611\"><img loading=\"lazy\" decoding=\"async\" src=\"http:\/\/www.lepetitarchive.com\/es\/wp-content\/uploads\/sites\/2\/2019\/05\/Foto-22-5-19-12-14-54-500x500.jpg\" height=\"500\" width=\"500\" alt=\"pistolera holster raf simons ss 03\" class=\"slider-1622 slide-2611\" title=\"pistolera holster raf simons ss 03\" \/><\/li>\n                <li style=\"display: none; width: 100%;\" class=\"slide-2612 ms-image\" aria-roledescription=\"slide\" aria-label=\"slide-2612\"><img loading=\"lazy\" decoding=\"async\" src=\"http:\/\/www.lepetitarchive.com\/es\/wp-content\/uploads\/sites\/2\/2019\/05\/Foto-22-5-19-12-15-04-500x500.jpg\" height=\"500\" width=\"500\" alt=\"pantalones raf simons ss 03\" class=\"slider-1622 slide-2612\" title=\"pantalones raf simons ss 03\" \/><\/li>\n                <li style=\"display: none; width: 100%;\" class=\"slide-2613 ms-image\" aria-roledescription=\"slide\" aria-label=\"slide-2613\"><img loading=\"lazy\" decoding=\"async\" src=\"http:\/\/www.lepetitarchive.com\/es\/wp-content\/uploads\/sites\/2\/2019\/05\/Foto-22-5-19-12-15-13-500x500.jpg\" height=\"500\" width=\"500\" alt=\"vistiendo parachute bomber raf simons ss 03\" class=\"slider-1622 slide-2613\" title=\"vistiendo parachute bomber raf simons ss 03\" \/><\/li>\n                <li style=\"display: none; width: 100%;\" class=\"slide-2614 ms-image\" aria-roledescription=\"slide\" aria-label=\"slide-2614\"><img loading=\"lazy\" decoding=\"async\" src=\"http:\/\/www.lepetitarchive.com\/es\/wp-content\/uploads\/sites\/2\/2019\/05\/Foto-22-5-19-12-15-23-500x500.jpg\" height=\"500\" width=\"500\" alt=\"runway vistiendo parachute bomber raf simons ss 03\" class=\"slider-1622 slide-2614\" title=\"runway vistiendo parachute bomber raf simons ss 03\" \/><\/li>\n            <\/ul>\n        <\/div>\n        \n    <\/div>\n<\/div><\/div>\n\n\n\n<div style=\"height:20px\" aria-hidden=\"true\" class=\"wp-block-spacer\"><\/div>\n\n\n\n<p>Esta es la visi\u00f3n de Raf Simons que encontramos en las <strong>notas del show<\/strong>: \u00abEl ambiente que nos rodea se basa en el consumismo y a su vez, en ser consumido; algunos opinan que esto podr\u00eda derivar en un final apocal\u00edptico, mientras que otros, mayormente las generaciones j\u00f3venes, toman esta realidad como un impulso para crear nuevas personalidades m\u00e1s viables y flexibles\u00bb.<\/p>\n\n\n\n<p>En esta ocasi\u00f3n os mostramos una selecci\u00f3n de las piezas m\u00e1s<strong> t\u00e1cticas<\/strong> de la colecci\u00f3n. En \u00abConsumed\u00bb encontramos inspiraci\u00f3n en el look militar, con multitud de straps colgando de las prendas asemej\u00e1ndose a la est\u00e9tica bondage y dando sensaci\u00f3n de pertenecer a un piloto de caza ca\u00eddo cuyo paraca\u00eddas ha sido destruido.<\/p>\n\n\n\n<p>La <strong>Parachute Bomber<\/strong> es un icono que a d\u00eda de hoy se encuentra mayormente en museos. Se dice que solo existen 40 unidades. Existe otra versi\u00f3n en nylon que nunca ha llegado a salir a la venta.<\/p>\n\n\n\n<p>Estas prendas han sido <strong>llevadas por<\/strong> artistas como Travis Scott, en los Bet Awards de 2015, o Big Sean en el videoclip de su canci\u00f3n Blessings <\/p>\n\n\n\n<p>Escrito por <a href=\"https:\/\/www.instagram.com\/victorespadas\/\">@victorespadas<\/a> <\/p>\n","protected":false},"excerpt":{"rendered":"<p>Esta es la visi\u00f3n de Raf Simons que encontramos en las notas del show: \u00abEl ambiente que nos rodea se basa en el consumismo y a su vez, en ser consumido; algunos opinan que esto podr\u00eda derivar en un final apocal\u00edptico, mientras que otros, mayormente las generaciones j\u00f3venes, toman esta realidad como un impulso para [&hellip;]<\/p>\n","protected":false},"author":1,"featured_media":2607,"comment_status":"open","ping_status":"open","sticky":false,"template":"","format":"standard","meta":{"footnotes":""},"categories":[3],"tags":[393,402,165],"yoast_head":"<!-- This site is optimized with the Yoast SEO plugin v21.9.1 - https:\/\/yoast.com\/wordpress\/plugins\/seo\/ -->\n<title>#COLECCIONES Paracaidismo &amp; Raf Simons SS 03 - Le Petit Archive<\/title>\n<meta name=\"description\" content=\"Hacemos un repaso a las prendas inspiradas en el paracaidismo de la colecci\u00f3n Consumed SS 03 de Raf Simons.\" \/>\n<meta name=\"robots\" content=\"index, follow, max-snippet:-1, max-image-preview:large, max-video-preview:-1\" \/>\n<link rel=\"canonical\" href=\"https:\/\/www.lepetitarchive.com\/es\/prendas-raf-simons-ss-03-inspiradas-paracaidismo\/\" \/>\n<meta property=\"og:locale\" content=\"es_ES\" \/>\n<meta property=\"og:type\" content=\"article\" \/>\n<meta property=\"og:title\" content=\"#COLECCIONES Paracaidismo &amp; Raf Simons SS 03 - Le Petit Archive\" \/>\n<meta property=\"og:description\" content=\"Hacemos un repaso a las prendas inspiradas en el paracaidismo de la colecci\u00f3n Consumed SS 03 de Raf Simons.\" \/>\n<meta property=\"og:url\" content=\"https:\/\/www.lepetitarchive.com\/es\/prendas-raf-simons-ss-03-inspiradas-paracaidismo\/\" \/>\n<meta property=\"og:site_name\" content=\"Le Petit Archive\" \/>\n<meta property=\"article:published_time\" content=\"2019-05-22T10:21:03+00:00\" \/>\n<meta property=\"article:modified_time\" content=\"2020-03-28T20:46:55+00:00\" \/>\n<meta property=\"og:image\" content=\"https:\/\/www.lepetitarchive.com\/es\/wp-content\/uploads\/sites\/2\/2019\/05\/raf-simons-archive-black-ss03-parachute-jacket-product-1-11972986-861291947.jpg\" \/>\n\t<meta property=\"og:image:width\" content=\"1082\" \/>\n\t<meta property=\"og:image:height\" content=\"721\" \/>\n\t<meta property=\"og:image:type\" content=\"image\/jpeg\" \/>\n<meta name=\"author\" content=\"admin\" \/>\n<meta name=\"twitter:card\" content=\"summary_large_image\" \/>\n<meta name=\"twitter:label1\" content=\"Escrito por\" \/>\n\t<meta name=\"twitter:data1\" content=\"admin\" \/>\n\t<meta name=\"twitter:label2\" content=\"Tiempo de lectura\" \/>\n\t<meta name=\"twitter:data2\" content=\"1 minuto\" \/>\n<script type=\"application\/ld+json\" class=\"yoast-schema-graph\">{\"@context\":\"https:\/\/schema.org\",\"@graph\":[{\"@type\":\"WebPage\",\"@id\":\"https:\/\/www.lepetitarchive.com\/es\/prendas-raf-simons-ss-03-inspiradas-paracaidismo\/\",\"url\":\"https:\/\/www.lepetitarchive.com\/es\/prendas-raf-simons-ss-03-inspiradas-paracaidismo\/\",\"name\":\"#COLECCIONES Paracaidismo & Raf Simons SS 03 - Le Petit Archive\",\"isPartOf\":{\"@id\":\"https:\/\/www.lepetitarchive.com\/es\/#website\"},\"datePublished\":\"2019-05-22T10:21:03+00:00\",\"dateModified\":\"2020-03-28T20:46:55+00:00\",\"author\":{\"@id\":\"https:\/\/www.lepetitarchive.com\/es\/#\/schema\/person\/da91d3a94da64354fed6e9b07a3cbb56\"},\"description\":\"Hacemos un repaso a las prendas inspiradas en el paracaidismo de la colecci\u00f3n Consumed SS 03 de Raf Simons.\",\"breadcrumb\":{\"@id\":\"https:\/\/www.lepetitarchive.com\/es\/prendas-raf-simons-ss-03-inspiradas-paracaidismo\/#breadcrumb\"},\"inLanguage\":\"es\",\"potentialAction\":[{\"@type\":\"ReadAction\",\"target\":[\"https:\/\/www.lepetitarchive.com\/es\/prendas-raf-simons-ss-03-inspiradas-paracaidismo\/\"]}]},{\"@type\":\"BreadcrumbList\",\"@id\":\"https:\/\/www.lepetitarchive.com\/es\/prendas-raf-simons-ss-03-inspiradas-paracaidismo\/#breadcrumb\",\"itemListElement\":[{\"@type\":\"ListItem\",\"position\":1,\"name\":\"Home\",\"item\":\"https:\/\/www.lepetitarchive.com\/es\/\"},{\"@type\":\"ListItem\",\"position\":2,\"name\":\"#COLECCIONES Paracaidismo &#038; Raf Simons SS 03\"}]},{\"@type\":\"WebSite\",\"@id\":\"https:\/\/www.lepetitarchive.com\/es\/#website\",\"url\":\"https:\/\/www.lepetitarchive.com\/es\/\",\"name\":\"Le Petit Archive\",\"description\":\"Free Fashion University\",\"potentialAction\":[{\"@type\":\"SearchAction\",\"target\":{\"@type\":\"EntryPoint\",\"urlTemplate\":\"https:\/\/www.lepetitarchive.com\/es\/?s={search_term_string}\"},\"query-input\":\"required name=search_term_string\"}],\"inLanguage\":\"es\"},{\"@type\":\"Person\",\"@id\":\"https:\/\/www.lepetitarchive.com\/es\/#\/schema\/person\/da91d3a94da64354fed6e9b07a3cbb56\",\"name\":\"admin\",\"image\":{\"@type\":\"ImageObject\",\"inLanguage\":\"es\",\"@id\":\"https:\/\/www.lepetitarchive.com\/es\/#\/schema\/person\/image\/\",\"url\":\"http:\/\/1.gravatar.com\/avatar\/102001135d8c70200f6c23d7cb883c24?s=96&d=mm&r=g\",\"contentUrl\":\"http:\/\/1.gravatar.com\/avatar\/102001135d8c70200f6c23d7cb883c24?s=96&d=mm&r=g\",\"caption\":\"admin\"},\"url\":\"http:\/\/www.lepetitarchive.com\/es\/author\/admin\/\"}]}<\/script>\n<!-- \/ Yoast SEO plugin. -->","yoast_head_json":{"title":"#COLECCIONES Paracaidismo & Raf Simons SS 03 - Le Petit Archive","description":"Hacemos un repaso a las prendas inspiradas en el paracaidismo de la colecci\u00f3n Consumed SS 03 de Raf Simons.","robots":{"index":"index","follow":"follow","max-snippet":"max-snippet:-1","max-image-preview":"max-image-preview:large","max-video-preview":"max-video-preview:-1"},"canonical":"https:\/\/www.lepetitarchive.com\/es\/prendas-raf-simons-ss-03-inspiradas-paracaidismo\/","og_locale":"es_ES","og_type":"article","og_title":"#COLECCIONES Paracaidismo & Raf Simons SS 03 - Le Petit Archive","og_description":"Hacemos un repaso a las prendas inspiradas en el paracaidismo de la colecci\u00f3n Consumed SS 03 de Raf Simons.","og_url":"https:\/\/www.lepetitarchive.com\/es\/prendas-raf-simons-ss-03-inspiradas-paracaidismo\/","og_site_name":"Le Petit Archive","article_published_time":"2019-05-22T10:21:03+00:00","article_modified_time":"2020-03-28T20:46:55+00:00","og_image":[{"width":1082,"height":721,"url":"https:\/\/www.lepetitarchive.com\/es\/wp-content\/uploads\/sites\/2\/2019\/05\/raf-simons-archive-black-ss03-parachute-jacket-product-1-11972986-861291947.jpg","type":"image\/jpeg"}],"author":"admin","twitter_card":"summary_large_image","twitter_misc":{"Escrito por":"admin","Tiempo de lectura":"1 minuto"},"schema":{"@context":"https:\/\/schema.org","@graph":[{"@type":"WebPage","@id":"https:\/\/www.lepetitarchive.com\/es\/prendas-raf-simons-ss-03-inspiradas-paracaidismo\/","url":"https:\/\/www.lepetitarchive.com\/es\/prendas-raf-simons-ss-03-inspiradas-paracaidismo\/","name":"#COLECCIONES Paracaidismo & Raf Simons SS 03 - Le Petit Archive","isPartOf":{"@id":"https:\/\/www.lepetitarchive.com\/es\/#website"},"datePublished":"2019-05-22T10:21:03+00:00","dateModified":"2020-03-28T20:46:55+00:00","author":{"@id":"https:\/\/www.lepetitarchive.com\/es\/#\/schema\/person\/da91d3a94da64354fed6e9b07a3cbb56"},"description":"Hacemos un repaso a las prendas inspiradas en el paracaidismo de la colecci\u00f3n Consumed SS 03 de Raf Simons.","breadcrumb":{"@id":"https:\/\/www.lepetitarchive.com\/es\/prendas-raf-simons-ss-03-inspiradas-paracaidismo\/#breadcrumb"},"inLanguage":"es","potentialAction":[{"@type":"ReadAction","target":["https:\/\/www.lepetitarchive.com\/es\/prendas-raf-simons-ss-03-inspiradas-paracaidismo\/"]}]},{"@type":"BreadcrumbList","@id":"https:\/\/www.lepetitarchive.com\/es\/prendas-raf-simons-ss-03-inspiradas-paracaidismo\/#breadcrumb","itemListElement":[{"@type":"ListItem","position":1,"name":"Home","item":"https:\/\/www.lepetitarchive.com\/es\/"},{"@type":"ListItem","position":2,"name":"#COLECCIONES Paracaidismo &#038; Raf Simons SS 03"}]},{"@type":"WebSite","@id":"https:\/\/www.lepetitarchive.com\/es\/#website","url":"https:\/\/www.lepetitarchive.com\/es\/","name":"Le Petit Archive","description":"Free Fashion University","potentialAction":[{"@type":"SearchAction","target":{"@type":"EntryPoint","urlTemplate":"https:\/\/www.lepetitarchive.com\/es\/?s={search_term_string}"},"query-input":"required name=search_term_string"}],"inLanguage":"es"},{"@type":"Person","@id":"https:\/\/www.lepetitarchive.com\/es\/#\/schema\/person\/da91d3a94da64354fed6e9b07a3cbb56","name":"admin","image":{"@type":"ImageObject","inLanguage":"es","@id":"https:\/\/www.lepetitarchive.com\/es\/#\/schema\/person\/image\/","url":"http:\/\/1.gravatar.com\/avatar\/102001135d8c70200f6c23d7cb883c24?s=96&d=mm&r=g","contentUrl":"http:\/\/1.gravatar.com\/avatar\/102001135d8c70200f6c23d7cb883c24?s=96&d=mm&r=g","caption":"admin"},"url":"http:\/\/www.lepetitarchive.com\/es\/author\/admin\/"}]}},"_links":{"self":[{"href":"http:\/\/www.lepetitarchive.com\/es\/wp-json\/wp\/v2\/posts\/1616"}],"collection":[{"href":"http:\/\/www.lepetitarchive.com\/es\/wp-json\/wp\/v2\/posts"}],"about":[{"href":"http:\/\/www.lepetitarchive.com\/es\/wp-json\/wp\/v2\/types\/post"}],"author":[{"embeddable":true,"href":"http:\/\/www.lepetitarchive.com\/es\/wp-json\/wp\/v2\/users\/1"}],"replies":[{"embeddable":true,"href":"http:\/\/www.lepetitarchive.com\/es\/wp-json\/wp\/v2\/comments?post=1616"}],"version-history":[{"count":2,"href":"http:\/\/www.lepetitarchive.com\/es\/wp-json\/wp\/v2\/posts\/1616\/revisions"}],"predecessor-version":[{"id":4655,"href":"http:\/\/www.lepetitarchive.com\/es\/wp-json\/wp\/v2\/posts\/1616\/revisions\/4655"}],"wp:featuredmedia":[{"embeddable":true,"href":"http:\/\/www.lepetitarchive.com\/es\/wp-json\/wp\/v2\/media\/2607"}],"wp:attachment":[{"href":"http:\/\/www.lepetitarchive.com\/es\/wp-json\/wp\/v2\/media?parent=1616"}],"wp:term":[{"taxonomy":"category","embeddable":true,"href":"http:\/\/www.lepetitarchive.com\/es\/wp-json\/wp\/v2\/categories?post=1616"},{"taxonomy":"post_tag","embeddable":true,"href":"http:\/\/www.lepetitarchive.com\/es\/wp-json\/wp\/v2\/tags?post=1616"}],"curies":[{"name":"wp","href":"https:\/\/api.w.org\/{rel}","templated":true}]}}