{"id":1558,"date":"2019-05-22T08:32:12","date_gmt":"2019-05-22T08:32:12","guid":{"rendered":"http:\/\/www.lepetitarchive.com\/?p=1558"},"modified":"2020-03-28T21:41:09","modified_gmt":"2020-03-28T20:41:09","slug":"coleccion-comme-des-garcons-homme-plus-ss-05","status":"publish","type":"post","link":"http:\/\/www.lepetitarchive.com\/es\/coleccion-comme-des-garcons-homme-plus-ss-05\/","title":{"rendered":"#COLECCIONES Comme des Gar\u00e7ons Homme Plus SS 05"},"content":{"rendered":"\n<div style=\"height:20px\" aria-hidden=\"true\" class=\"wp-block-spacer\"><\/div>\n\n\n\n<div class=\"alignnormal\"><div id=\"metaslider-id-1561\" style=\"max-width: 500px; margin: 0 auto;\" class=\"ml-slider-3-60-1 metaslider metaslider-flex metaslider-1561 ml-slider ms-theme-architekt has-dots-nav\" role=\"region\" aria-roledescription=\"Slideshow\" aria-label=\"cdg ss 05 pink\">\n    <div id=\"metaslider_container_1561\">\n        <div id=\"metaslider_1561\">\n            <ul aria-live=\"polite\" class=\"slides\">\n                <li style=\"display: block; width: 100%;\" class=\"slide-2562 ms-image\" aria-roledescription=\"slide\" aria-label=\"slide-2562\"><img loading=\"lazy\" decoding=\"async\" src=\"http:\/\/www.lepetitarchive.com\/es\/wp-content\/uploads\/sites\/2\/2019\/05\/Foto-22-5-19-10-33-17-500x500.jpg\" height=\"500\" width=\"500\" alt=\"maillot ciclismo pantera rosa comme des gar\u00e7ons ss 05\" class=\"slider-1561 slide-2562\" title=\"maillot ciclismo pantera rosa comme des gar\u00e7ons ss 05\" \/><\/li>\n                <li style=\"display: none; width: 100%;\" class=\"slide-2561 ms-image\" aria-roledescription=\"slide\" aria-label=\"slide-2561\"><img loading=\"lazy\" decoding=\"async\" src=\"http:\/\/www.lepetitarchive.com\/es\/wp-content\/uploads\/sites\/2\/2019\/05\/Foto-22-5-19-10-33-07-500x500.jpg\" height=\"500\" width=\"500\" alt=\"maillot ciclismo pantera rosa comme des gar\u00e7ons ss 05\" class=\"slider-1561 slide-2561\" title=\"maillot ciclismo pantera rosa comme des gar\u00e7ons ss 05\" \/><\/li>\n                <li style=\"display: none; width: 100%;\" class=\"slide-2563 ms-image\" aria-roledescription=\"slide\" aria-label=\"slide-2563\"><img loading=\"lazy\" decoding=\"async\" src=\"http:\/\/www.lepetitarchive.com\/es\/wp-content\/uploads\/sites\/2\/2019\/05\/Foto-22-5-19-10-33-30-500x500.jpg\" height=\"500\" width=\"500\" alt=\"camisa comme des gar\u00e7ons ss 05\" class=\"slider-1561 slide-2563\" title=\"camisa comme des gar\u00e7ons ss 05\" \/><\/li>\n                <li style=\"display: none; width: 100%;\" class=\"slide-2564 ms-image\" aria-roledescription=\"slide\" aria-label=\"slide-2564\"><img loading=\"lazy\" decoding=\"async\" src=\"http:\/\/www.lepetitarchive.com\/es\/wp-content\/uploads\/sites\/2\/2019\/05\/Foto-22-5-19-10-33-40-500x500.jpg\" height=\"500\" width=\"500\" alt=\"joyer\u00eda comme des gar\u00e7ons ss 05\" class=\"slider-1561 slide-2564\" title=\"joyer\u00eda comme des gar\u00e7ons ss 05\" \/><\/li>\n                <li style=\"display: none; width: 100%;\" class=\"slide-2565 ms-image\" aria-roledescription=\"slide\" aria-label=\"slide-2565\"><img loading=\"lazy\" decoding=\"async\" src=\"http:\/\/www.lepetitarchive.com\/es\/wp-content\/uploads\/sites\/2\/2019\/05\/Foto-22-5-19-10-33-53-500x500.jpg\" height=\"500\" width=\"500\" alt=\"runway desfile comme des gar\u00e7ons ss 05\" class=\"slider-1561 slide-2565\" title=\"runway desfile comme des gar\u00e7ons ss 05\" \/><\/li>\n                <li style=\"display: none; width: 100%;\" class=\"slide-2566 ms-image\" aria-roledescription=\"slide\" aria-label=\"slide-2566\"><img loading=\"lazy\" decoding=\"async\" src=\"http:\/\/www.lepetitarchive.com\/es\/wp-content\/uploads\/sites\/2\/2019\/05\/Foto-22-5-19-10-38-46-500x500.jpg\" height=\"500\" width=\"500\" alt=\"historia comme des gar\u00e7ons ss 05 rosa\" class=\"slider-1561 slide-2566\" title=\"historia comme des gar\u00e7ons ss 05 rosa\" \/><\/li>\n            <\/ul>\n        <\/div>\n        \n    <\/div>\n<\/div><\/div>\n\n\n\n<div style=\"height:20px\" aria-hidden=\"true\" class=\"wp-block-spacer\"><\/div>\n\n\n\n<p>La ic\u00f3nica colecci\u00f3n rosa, se inspira en el estilo de los <strong>a\u00f1os 70<\/strong>. Dentro de esta encontramos Las las famosas mallas de ciclismo con los gr\u00e1ficos de la Pantera Rosa.<\/p>\n\n\n\n<p>La <strong>joyer\u00eda<\/strong> fue dise\u00f1ada por Judy Blame. Rei dijo que fue su \u00abvisi\u00f3n fuerte y \u00fanica\u00bb lo que la anim\u00f3 a colaborar con el iconoclasta punk.<\/p>\n\n\n\n<p>La marca brit\u00e1nica de <strong>gafas de lujo<\/strong> Cutler and Gross dise\u00f1\u00f3 lentes de color rosa fucsia para esta colecci\u00f3n. Esta colaboraci\u00f3n ha continuado en m\u00faltiples ocasiones desde entonces.<\/p>\n\n\n\n<p>Una breve historia de una <strong>charla entre<\/strong> el escritor de este post y uno de los modelos de la pasarela. \u201cEl espect\u00e1culo se realiz\u00f3 en un espacio semi-abandonado y la mayor\u00eda de los modelos eran miembros de la banda brit\u00e1nica de rock indie Cazals. Rei era bastante formal y seria, mientras que Judy ten\u00eda una gran sonrisa en su rostro. Todos odiaban su cabello y trataban fren\u00e9ticamente de cambiarlo. Muchos conocidos de la banda estaban presentes para apoyarles, haciendo del show algo estridente\u00bb. <\/p>\n\n\n\n<p>Escrito por <a href=\"https:\/\/www.instagram.com\/myclothingarchive\/\">@myclothingarchive<\/a> <\/p>\n\n\n\n<p>Si quieres conocer la historia completa checkea su <a href=\"https:\/\/www.instagram.com\/myclothingarchive\/\">instagram<\/a>.<\/p>\n","protected":false},"excerpt":{"rendered":"<p>La ic\u00f3nica colecci\u00f3n rosa, se inspira en el estilo de los a\u00f1os 70. Dentro de esta encontramos Las las famosas mallas de ciclismo con los gr\u00e1ficos de la Pantera Rosa. La joyer\u00eda fue dise\u00f1ada por Judy Blame. Rei dijo que fue su \u00abvisi\u00f3n fuerte y \u00fanica\u00bb lo que la anim\u00f3 a colaborar con el iconoclasta [&hellip;]<\/p>\n","protected":false},"author":1,"featured_media":2553,"comment_status":"open","ping_status":"open","sticky":false,"template":"","format":"standard","meta":{"footnotes":""},"categories":[3],"tags":[387,422],"yoast_head":"<!-- This site is optimized with the Yoast SEO plugin v21.9.1 - https:\/\/yoast.com\/wordpress\/plugins\/seo\/ -->\n<title>#COLECCIONES Comme des Gar\u00e7ons Homme Plus SS 05 - Le Petit Archive<\/title>\n<meta name=\"description\" content=\"Hacemos un repaso sobre esta ic\u00f3nica colecci\u00f3n de la marca japonesa, que incluye historias de personas que participaron en la propia runway como modelos.\" \/>\n<meta name=\"robots\" content=\"index, follow, max-snippet:-1, max-image-preview:large, max-video-preview:-1\" \/>\n<link rel=\"canonical\" href=\"https:\/\/www.lepetitarchive.com\/es\/coleccion-comme-des-garcons-homme-plus-ss-05\/\" \/>\n<meta property=\"og:locale\" content=\"es_ES\" \/>\n<meta property=\"og:type\" content=\"article\" \/>\n<meta property=\"og:title\" content=\"#COLECCIONES Comme des Gar\u00e7ons Homme Plus SS 05 - Le Petit Archive\" \/>\n<meta property=\"og:description\" content=\"Hacemos un repaso sobre esta ic\u00f3nica colecci\u00f3n de la marca japonesa, que incluye historias de personas que participaron en la propia runway como modelos.\" \/>\n<meta property=\"og:url\" content=\"https:\/\/www.lepetitarchive.com\/es\/coleccion-comme-des-garcons-homme-plus-ss-05\/\" \/>\n<meta property=\"og:site_name\" content=\"Le Petit Archive\" \/>\n<meta property=\"article:published_time\" content=\"2019-05-22T08:32:12+00:00\" \/>\n<meta property=\"article:modified_time\" content=\"2020-03-28T20:41:09+00:00\" \/>\n<meta property=\"og:image\" content=\"https:\/\/www.lepetitarchive.com\/es\/wp-content\/uploads\/sites\/2\/2019\/05\/5.jpeg\" \/>\n\t<meta property=\"og:image:width\" content=\"1772\" \/>\n\t<meta property=\"og:image:height\" content=\"1181\" \/>\n\t<meta property=\"og:image:type\" content=\"image\/jpeg\" \/>\n<meta name=\"author\" content=\"admin\" \/>\n<meta name=\"twitter:card\" content=\"summary_large_image\" \/>\n<meta name=\"twitter:label1\" content=\"Escrito por\" \/>\n\t<meta name=\"twitter:data1\" content=\"admin\" \/>\n\t<meta name=\"twitter:label2\" content=\"Tiempo de lectura\" \/>\n\t<meta name=\"twitter:data2\" content=\"1 minuto\" \/>\n<script type=\"application\/ld+json\" class=\"yoast-schema-graph\">{\"@context\":\"https:\/\/schema.org\",\"@graph\":[{\"@type\":\"WebPage\",\"@id\":\"https:\/\/www.lepetitarchive.com\/es\/coleccion-comme-des-garcons-homme-plus-ss-05\/\",\"url\":\"https:\/\/www.lepetitarchive.com\/es\/coleccion-comme-des-garcons-homme-plus-ss-05\/\",\"name\":\"#COLECCIONES Comme des Gar\u00e7ons Homme Plus SS 05 - Le Petit Archive\",\"isPartOf\":{\"@id\":\"https:\/\/www.lepetitarchive.com\/es\/#website\"},\"datePublished\":\"2019-05-22T08:32:12+00:00\",\"dateModified\":\"2020-03-28T20:41:09+00:00\",\"author\":{\"@id\":\"https:\/\/www.lepetitarchive.com\/es\/#\/schema\/person\/da91d3a94da64354fed6e9b07a3cbb56\"},\"description\":\"Hacemos un repaso sobre esta ic\u00f3nica colecci\u00f3n de la marca japonesa, que incluye historias de personas que participaron en la propia runway como modelos.\",\"breadcrumb\":{\"@id\":\"https:\/\/www.lepetitarchive.com\/es\/coleccion-comme-des-garcons-homme-plus-ss-05\/#breadcrumb\"},\"inLanguage\":\"es\",\"potentialAction\":[{\"@type\":\"ReadAction\",\"target\":[\"https:\/\/www.lepetitarchive.com\/es\/coleccion-comme-des-garcons-homme-plus-ss-05\/\"]}]},{\"@type\":\"BreadcrumbList\",\"@id\":\"https:\/\/www.lepetitarchive.com\/es\/coleccion-comme-des-garcons-homme-plus-ss-05\/#breadcrumb\",\"itemListElement\":[{\"@type\":\"ListItem\",\"position\":1,\"name\":\"Home\",\"item\":\"https:\/\/www.lepetitarchive.com\/es\/\"},{\"@type\":\"ListItem\",\"position\":2,\"name\":\"#COLECCIONES Comme des Gar\u00e7ons Homme Plus SS 05\"}]},{\"@type\":\"WebSite\",\"@id\":\"https:\/\/www.lepetitarchive.com\/es\/#website\",\"url\":\"https:\/\/www.lepetitarchive.com\/es\/\",\"name\":\"Le Petit Archive\",\"description\":\"Free Fashion University\",\"potentialAction\":[{\"@type\":\"SearchAction\",\"target\":{\"@type\":\"EntryPoint\",\"urlTemplate\":\"https:\/\/www.lepetitarchive.com\/es\/?s={search_term_string}\"},\"query-input\":\"required name=search_term_string\"}],\"inLanguage\":\"es\"},{\"@type\":\"Person\",\"@id\":\"https:\/\/www.lepetitarchive.com\/es\/#\/schema\/person\/da91d3a94da64354fed6e9b07a3cbb56\",\"name\":\"admin\",\"image\":{\"@type\":\"ImageObject\",\"inLanguage\":\"es\",\"@id\":\"https:\/\/www.lepetitarchive.com\/es\/#\/schema\/person\/image\/\",\"url\":\"http:\/\/1.gravatar.com\/avatar\/102001135d8c70200f6c23d7cb883c24?s=96&d=mm&r=g\",\"contentUrl\":\"http:\/\/1.gravatar.com\/avatar\/102001135d8c70200f6c23d7cb883c24?s=96&d=mm&r=g\",\"caption\":\"admin\"},\"url\":\"http:\/\/www.lepetitarchive.com\/es\/author\/admin\/\"}]}<\/script>\n<!-- \/ Yoast SEO plugin. -->","yoast_head_json":{"title":"#COLECCIONES Comme des Gar\u00e7ons Homme Plus SS 05 - Le Petit Archive","description":"Hacemos un repaso sobre esta ic\u00f3nica colecci\u00f3n de la marca japonesa, que incluye historias de personas que participaron en la propia runway como modelos.","robots":{"index":"index","follow":"follow","max-snippet":"max-snippet:-1","max-image-preview":"max-image-preview:large","max-video-preview":"max-video-preview:-1"},"canonical":"https:\/\/www.lepetitarchive.com\/es\/coleccion-comme-des-garcons-homme-plus-ss-05\/","og_locale":"es_ES","og_type":"article","og_title":"#COLECCIONES Comme des Gar\u00e7ons Homme Plus SS 05 - Le Petit Archive","og_description":"Hacemos un repaso sobre esta ic\u00f3nica colecci\u00f3n de la marca japonesa, que incluye historias de personas que participaron en la propia runway como modelos.","og_url":"https:\/\/www.lepetitarchive.com\/es\/coleccion-comme-des-garcons-homme-plus-ss-05\/","og_site_name":"Le Petit Archive","article_published_time":"2019-05-22T08:32:12+00:00","article_modified_time":"2020-03-28T20:41:09+00:00","og_image":[{"width":1772,"height":1181,"url":"https:\/\/www.lepetitarchive.com\/es\/wp-content\/uploads\/sites\/2\/2019\/05\/5.jpeg","type":"image\/jpeg"}],"author":"admin","twitter_card":"summary_large_image","twitter_misc":{"Escrito por":"admin","Tiempo de lectura":"1 minuto"},"schema":{"@context":"https:\/\/schema.org","@graph":[{"@type":"WebPage","@id":"https:\/\/www.lepetitarchive.com\/es\/coleccion-comme-des-garcons-homme-plus-ss-05\/","url":"https:\/\/www.lepetitarchive.com\/es\/coleccion-comme-des-garcons-homme-plus-ss-05\/","name":"#COLECCIONES Comme des Gar\u00e7ons Homme Plus SS 05 - Le Petit Archive","isPartOf":{"@id":"https:\/\/www.lepetitarchive.com\/es\/#website"},"datePublished":"2019-05-22T08:32:12+00:00","dateModified":"2020-03-28T20:41:09+00:00","author":{"@id":"https:\/\/www.lepetitarchive.com\/es\/#\/schema\/person\/da91d3a94da64354fed6e9b07a3cbb56"},"description":"Hacemos un repaso sobre esta ic\u00f3nica colecci\u00f3n de la marca japonesa, que incluye historias de personas que participaron en la propia runway como modelos.","breadcrumb":{"@id":"https:\/\/www.lepetitarchive.com\/es\/coleccion-comme-des-garcons-homme-plus-ss-05\/#breadcrumb"},"inLanguage":"es","potentialAction":[{"@type":"ReadAction","target":["https:\/\/www.lepetitarchive.com\/es\/coleccion-comme-des-garcons-homme-plus-ss-05\/"]}]},{"@type":"BreadcrumbList","@id":"https:\/\/www.lepetitarchive.com\/es\/coleccion-comme-des-garcons-homme-plus-ss-05\/#breadcrumb","itemListElement":[{"@type":"ListItem","position":1,"name":"Home","item":"https:\/\/www.lepetitarchive.com\/es\/"},{"@type":"ListItem","position":2,"name":"#COLECCIONES Comme des Gar\u00e7ons Homme Plus SS 05"}]},{"@type":"WebSite","@id":"https:\/\/www.lepetitarchive.com\/es\/#website","url":"https:\/\/www.lepetitarchive.com\/es\/","name":"Le Petit Archive","description":"Free Fashion University","potentialAction":[{"@type":"SearchAction","target":{"@type":"EntryPoint","urlTemplate":"https:\/\/www.lepetitarchive.com\/es\/?s={search_term_string}"},"query-input":"required name=search_term_string"}],"inLanguage":"es"},{"@type":"Person","@id":"https:\/\/www.lepetitarchive.com\/es\/#\/schema\/person\/da91d3a94da64354fed6e9b07a3cbb56","name":"admin","image":{"@type":"ImageObject","inLanguage":"es","@id":"https:\/\/www.lepetitarchive.com\/es\/#\/schema\/person\/image\/","url":"http:\/\/1.gravatar.com\/avatar\/102001135d8c70200f6c23d7cb883c24?s=96&d=mm&r=g","contentUrl":"http:\/\/1.gravatar.com\/avatar\/102001135d8c70200f6c23d7cb883c24?s=96&d=mm&r=g","caption":"admin"},"url":"http:\/\/www.lepetitarchive.com\/es\/author\/admin\/"}]}},"_links":{"self":[{"href":"http:\/\/www.lepetitarchive.com\/es\/wp-json\/wp\/v2\/posts\/1558"}],"collection":[{"href":"http:\/\/www.lepetitarchive.com\/es\/wp-json\/wp\/v2\/posts"}],"about":[{"href":"http:\/\/www.lepetitarchive.com\/es\/wp-json\/wp\/v2\/types\/post"}],"author":[{"embeddable":true,"href":"http:\/\/www.lepetitarchive.com\/es\/wp-json\/wp\/v2\/users\/1"}],"replies":[{"embeddable":true,"href":"http:\/\/www.lepetitarchive.com\/es\/wp-json\/wp\/v2\/comments?post=1558"}],"version-history":[{"count":3,"href":"http:\/\/www.lepetitarchive.com\/es\/wp-json\/wp\/v2\/posts\/1558\/revisions"}],"predecessor-version":[{"id":4652,"href":"http:\/\/www.lepetitarchive.com\/es\/wp-json\/wp\/v2\/posts\/1558\/revisions\/4652"}],"wp:featuredmedia":[{"embeddable":true,"href":"http:\/\/www.lepetitarchive.com\/es\/wp-json\/wp\/v2\/media\/2553"}],"wp:attachment":[{"href":"http:\/\/www.lepetitarchive.com\/es\/wp-json\/wp\/v2\/media?parent=1558"}],"wp:term":[{"taxonomy":"category","embeddable":true,"href":"http:\/\/www.lepetitarchive.com\/es\/wp-json\/wp\/v2\/categories?post=1558"},{"taxonomy":"post_tag","embeddable":true,"href":"http:\/\/www.lepetitarchive.com\/es\/wp-json\/wp\/v2\/tags?post=1558"}],"curies":[{"name":"wp","href":"https:\/\/api.w.org\/{rel}","templated":true}]}}