{"id":1510,"date":"2019-05-22T07:42:06","date_gmt":"2019-05-22T07:42:06","guid":{"rendered":"http:\/\/www.lepetitarchive.com\/?p=1510"},"modified":"2020-03-28T21:37:50","modified_gmt":"2020-03-28T20:37:50","slug":"coleccion-capsula-poltergeist-raf-simons-aw-05","status":"publish","type":"post","link":"http:\/\/www.lepetitarchive.com\/es\/coleccion-capsula-poltergeist-raf-simons-aw-05\/","title":{"rendered":"#COLECCIONES Raf Simons AW 05 \u201cPoltergeist\u201d"},"content":{"rendered":"\n<div style=\"height:20px\" aria-hidden=\"true\" class=\"wp-block-spacer\"><\/div>\n\n\n\n<div class=\"alignnormal\"><div id=\"metaslider-id-1518\" style=\"max-width: 500px; margin: 0 auto;\" class=\"ml-slider-3-60-1 metaslider metaslider-flex metaslider-1518 ml-slider ms-theme-architekt has-dots-nav\" role=\"region\" aria-roledescription=\"Slideshow\" aria-label=\"poltergeist\">\n    <div id=\"metaslider_container_1518\">\n        <div id=\"metaslider_1518\">\n            <ul aria-live=\"polite\" class=\"slides\">\n                <li style=\"display: block; width: 100%;\" class=\"slide-2527 ms-image\" aria-roledescription=\"slide\" aria-label=\"slide-2527\"><img loading=\"lazy\" decoding=\"async\" src=\"http:\/\/www.lepetitarchive.com\/es\/wp-content\/uploads\/sites\/2\/2019\/05\/Foto-22-5-19-9-49-37-500x500.jpg\" height=\"500\" width=\"500\" alt=\"chaqueta parka poltergeist raf simons\" class=\"slider-1518 slide-2527\" title=\"chaqueta parka poltergeist raf simons\" \/><\/li>\n                <li style=\"display: none; width: 100%;\" class=\"slide-2528 ms-image\" aria-roledescription=\"slide\" aria-label=\"slide-2528\"><img loading=\"lazy\" decoding=\"async\" src=\"http:\/\/www.lepetitarchive.com\/es\/wp-content\/uploads\/sites\/2\/2019\/05\/Foto-22-5-19-9-49-45-500x500.jpg\" height=\"500\" width=\"500\" alt=\"sudadera crewneck poltergeist raf simons\" class=\"slider-1518 slide-2528\" title=\"sudadera crewneck poltergeist raf simons\" \/><\/li>\n                <li style=\"display: none; width: 100%;\" class=\"slide-2529 ms-image\" aria-roledescription=\"slide\" aria-label=\"slide-2529\"><img loading=\"lazy\" decoding=\"async\" src=\"http:\/\/www.lepetitarchive.com\/es\/wp-content\/uploads\/sites\/2\/2019\/05\/Foto-22-5-19-9-49-55-500x500.jpg\" height=\"500\" width=\"500\" alt=\"sudadera shadows poltergeist raf simons\" class=\"slider-1518 slide-2529\" title=\"sudadera shadows poltergeist raf simons\" \/><\/li>\n                <li style=\"display: none; width: 100%;\" class=\"slide-2530 ms-image\" aria-roledescription=\"slide\" aria-label=\"slide-2530\"><img loading=\"lazy\" decoding=\"async\" src=\"http:\/\/www.lepetitarchive.com\/es\/wp-content\/uploads\/sites\/2\/2019\/05\/Foto-22-5-19-9-50-15-500x500.jpg\" height=\"500\" width=\"500\" alt=\"sudadera poltergeist raf simons\" class=\"slider-1518 slide-2530\" title=\"sudadera poltergeist raf simons\" \/><\/li>\n                <li style=\"display: none; width: 100%;\" class=\"slide-2531 ms-image\" aria-roledescription=\"slide\" aria-label=\"slide-2531\"><img loading=\"lazy\" decoding=\"async\" src=\"http:\/\/www.lepetitarchive.com\/es\/wp-content\/uploads\/sites\/2\/2019\/05\/Foto-22-5-19-9-50-29-500x500.jpg\" height=\"500\" width=\"500\" alt=\"gr\u00e1fico poltergeist raf simons\" class=\"slider-1518 slide-2531\" title=\"gr\u00e1fico poltergeist raf simons\" \/><\/li>\n                <li style=\"display: none; width: 100%;\" class=\"slide-2532 ms-image\" aria-roledescription=\"slide\" aria-label=\"slide-2532\"><img loading=\"lazy\" decoding=\"async\" src=\"http:\/\/www.lepetitarchive.com\/es\/wp-content\/uploads\/sites\/2\/2019\/05\/Foto-22-5-19-9-50-43-500x500.jpg\" height=\"500\" width=\"500\" alt=\"ian connor vistiendo chaqueta parka poltergeist raf simons\" class=\"slider-1518 slide-2532\" title=\"ian connor vistiendo chaqueta parka poltergeist raf simons\" \/><\/li>\n                <li style=\"display: none; width: 100%;\" class=\"slide-2533 ms-image\" aria-roledescription=\"slide\" aria-label=\"slide-2533\"><img loading=\"lazy\" decoding=\"async\" src=\"http:\/\/www.lepetitarchive.com\/es\/wp-content\/uploads\/sites\/2\/2019\/05\/Foto-22-5-19-9-50-55-500x500.jpg\" height=\"500\" width=\"500\" alt=\"vistiendo sudadera parka shadows poltergeist raf simons\" class=\"slider-1518 slide-2533\" title=\"vistiendo sudadera parka shadows poltergeist raf simons\" \/><\/li>\n                <li style=\"display: none; width: 100%;\" class=\"slide-2534 ms-image\" aria-roledescription=\"slide\" aria-label=\"slide-2534\"><img loading=\"lazy\" decoding=\"async\" src=\"http:\/\/www.lepetitarchive.com\/es\/wp-content\/uploads\/sites\/2\/2019\/05\/Foto-22-5-19-9-51-22-500x500.jpg\" height=\"500\" width=\"500\" alt=\"historia poltergeist coleccion raf simons aw 05\" class=\"slider-1518 slide-2534\" title=\"historia poltergeist coleccion raf simons aw 05\" \/><\/li>\n                <li style=\"display: none; width: 100%;\" class=\"slide-2535 ms-image\" aria-roledescription=\"slide\" aria-label=\"slide-2535\"><img loading=\"lazy\" decoding=\"async\" src=\"http:\/\/www.lepetitarchive.com\/es\/wp-content\/uploads\/sites\/2\/2019\/05\/Foto-22-5-19-9-51-32-500x500.jpg\" height=\"500\" width=\"500\" alt=\"historia poltergeist fascination coleccion raf simons aw 05\" class=\"slider-1518 slide-2535\" title=\"historia poltergeist fascination coleccion raf simons aw 05\" \/><\/li>\n            <\/ul>\n        <\/div>\n        \n    <\/div>\n<\/div><\/div>\n\n\n\n<div style=\"height:20px\" aria-hidden=\"true\" class=\"wp-block-spacer\"><\/div>\n\n\n\n<p>En esta colecci\u00f3n, Raf vuelve a la sastrer\u00eda, pero las piezas de las que estamos hablando, no fueron incluidas en el show, y todas ellas <strong>se centran<\/strong> en el trabajo con parches y en la estampaci\u00f3n de dise\u00f1os gr\u00e1ficos.<\/p>\n\n\n\n<p>Estas piezas son <strong>conocidas como<\/strong> la c\u00e1psula \u201cPoltergeist\u00bb entre coleccionistas, y el imaginario proviene de dos pel\u00edculas de terror, la de 1982 con el mismo nombre, y la francesa \u00abFascination\u00bb de 1979. Luego encontramos diferentes referencias sobre m\u00fasica, con letras de \u201cThe cure\u201d o fechas de&nbsp; sus giras.<\/p>\n\n\n\n<p><strong>Peter De Potter<\/strong> fue el encargado de ayudar a Raf con todo el dise\u00f1o gr\u00e1fico y el proceso creativo de esta colecci\u00f3n. Peter es un conocido artista y amigo de Raf, adem\u00e1s hizo el trabajo de arte para la portada del \u00e1lbum de Kanye West en \u00abThe Life Of Pablo\u00bb.<\/p>\n\n\n\n<p>El comenz\u00f3 a trabajar con\nRaf en 2001, y como bien dijo \u00abMi papel en el equipo fue dar ejemplos y\ncitas visuales de las capas m\u00e1s ocultas de la cultura pop\u00bb. Los animo a\nque se introduzcan m\u00e1s a fondo en el trabajo de este maravilloso artista.<\/p>\n\n\n\n<p>Escrito por <a href=\"https:\/\/www.instagram.com\/9urity\/\">@9urity<\/a> .<\/p>\n\n\n\n<p><\/p>\n","protected":false},"excerpt":{"rendered":"<p>En esta colecci\u00f3n, Raf vuelve a la sastrer\u00eda, pero las piezas de las que estamos hablando, no fueron incluidas en el show, y todas ellas se centran en el trabajo con parches y en la estampaci\u00f3n de dise\u00f1os gr\u00e1ficos. Estas piezas son conocidas como la c\u00e1psula \u201cPoltergeist\u00bb entre coleccionistas, y el imaginario proviene de dos [&hellip;]<\/p>\n","protected":false},"author":1,"featured_media":2516,"comment_status":"open","ping_status":"open","sticky":false,"template":"","format":"standard","meta":{"footnotes":""},"categories":[3],"tags":[418,165],"yoast_head":"<!-- This site is optimized with the Yoast SEO plugin v21.9.1 - https:\/\/yoast.com\/wordpress\/plugins\/seo\/ -->\n<title>#COLECCIONES Raf Simons AW 05 \u201cPoltergeist\u201d - Le Petit Archive<\/title>\n<meta name=\"description\" content=\"Un repaso a las referencias de las que se ha inspirado el dise\u00f1ador belga a la hora de dise\u00f1ar esta peque\u00f1a c\u00e1psula de la colecci\u00f3n AW 05.\" \/>\n<meta name=\"robots\" content=\"index, follow, max-snippet:-1, max-image-preview:large, max-video-preview:-1\" \/>\n<link rel=\"canonical\" href=\"http:\/\/www.lepetitarchive.com\/es\/coleccion-capsula-poltergeist-raf-simons-aw-05\/\" \/>\n<meta property=\"og:locale\" content=\"es_ES\" \/>\n<meta property=\"og:type\" content=\"article\" \/>\n<meta property=\"og:title\" content=\"#COLECCIONES Raf Simons AW 05 \u201cPoltergeist\u201d - Le Petit Archive\" \/>\n<meta property=\"og:description\" content=\"Un repaso a las referencias de las que se ha inspirado el dise\u00f1ador belga a la hora de dise\u00f1ar esta peque\u00f1a c\u00e1psula de la colecci\u00f3n AW 05.\" \/>\n<meta property=\"og:url\" content=\"http:\/\/www.lepetitarchive.com\/es\/coleccion-capsula-poltergeist-raf-simons-aw-05\/\" \/>\n<meta property=\"og:site_name\" content=\"Le Petit Archive\" \/>\n<meta property=\"article:published_time\" content=\"2019-05-22T07:42:06+00:00\" \/>\n<meta property=\"article:modified_time\" content=\"2020-03-28T20:37:50+00:00\" \/>\n<meta property=\"og:image\" content=\"http:\/\/www.lepetitarchive.com\/es\/wp-content\/uploads\/sites\/2\/2019\/05\/CzWxZkDVQAAoYGv.jpg\" \/>\n\t<meta property=\"og:image:width\" content=\"734\" \/>\n\t<meta property=\"og:image:height\" content=\"546\" \/>\n\t<meta property=\"og:image:type\" content=\"image\/jpeg\" \/>\n<meta name=\"author\" content=\"admin\" \/>\n<meta name=\"twitter:card\" content=\"summary_large_image\" \/>\n<meta name=\"twitter:label1\" content=\"Escrito por\" \/>\n\t<meta name=\"twitter:data1\" content=\"admin\" \/>\n\t<meta name=\"twitter:label2\" content=\"Tiempo de lectura\" \/>\n\t<meta name=\"twitter:data2\" content=\"1 minuto\" \/>\n<script type=\"application\/ld+json\" class=\"yoast-schema-graph\">{\"@context\":\"https:\/\/schema.org\",\"@graph\":[{\"@type\":\"WebPage\",\"@id\":\"http:\/\/www.lepetitarchive.com\/es\/coleccion-capsula-poltergeist-raf-simons-aw-05\/\",\"url\":\"http:\/\/www.lepetitarchive.com\/es\/coleccion-capsula-poltergeist-raf-simons-aw-05\/\",\"name\":\"#COLECCIONES Raf Simons AW 05 \u201cPoltergeist\u201d - Le Petit Archive\",\"isPartOf\":{\"@id\":\"https:\/\/www.lepetitarchive.com\/es\/#website\"},\"datePublished\":\"2019-05-22T07:42:06+00:00\",\"dateModified\":\"2020-03-28T20:37:50+00:00\",\"author\":{\"@id\":\"https:\/\/www.lepetitarchive.com\/es\/#\/schema\/person\/da91d3a94da64354fed6e9b07a3cbb56\"},\"description\":\"Un repaso a las referencias de las que se ha inspirado el dise\u00f1ador belga a la hora de dise\u00f1ar esta peque\u00f1a c\u00e1psula de la colecci\u00f3n AW 05.\",\"breadcrumb\":{\"@id\":\"http:\/\/www.lepetitarchive.com\/es\/coleccion-capsula-poltergeist-raf-simons-aw-05\/#breadcrumb\"},\"inLanguage\":\"es\",\"potentialAction\":[{\"@type\":\"ReadAction\",\"target\":[\"http:\/\/www.lepetitarchive.com\/es\/coleccion-capsula-poltergeist-raf-simons-aw-05\/\"]}]},{\"@type\":\"BreadcrumbList\",\"@id\":\"http:\/\/www.lepetitarchive.com\/es\/coleccion-capsula-poltergeist-raf-simons-aw-05\/#breadcrumb\",\"itemListElement\":[{\"@type\":\"ListItem\",\"position\":1,\"name\":\"Home\",\"item\":\"https:\/\/www.lepetitarchive.com\/es\/\"},{\"@type\":\"ListItem\",\"position\":2,\"name\":\"#COLECCIONES Raf Simons AW 05 \u201cPoltergeist\u201d\"}]},{\"@type\":\"WebSite\",\"@id\":\"https:\/\/www.lepetitarchive.com\/es\/#website\",\"url\":\"https:\/\/www.lepetitarchive.com\/es\/\",\"name\":\"Le Petit Archive\",\"description\":\"Free Fashion University\",\"potentialAction\":[{\"@type\":\"SearchAction\",\"target\":{\"@type\":\"EntryPoint\",\"urlTemplate\":\"https:\/\/www.lepetitarchive.com\/es\/?s={search_term_string}\"},\"query-input\":\"required name=search_term_string\"}],\"inLanguage\":\"es\"},{\"@type\":\"Person\",\"@id\":\"https:\/\/www.lepetitarchive.com\/es\/#\/schema\/person\/da91d3a94da64354fed6e9b07a3cbb56\",\"name\":\"admin\",\"image\":{\"@type\":\"ImageObject\",\"inLanguage\":\"es\",\"@id\":\"https:\/\/www.lepetitarchive.com\/es\/#\/schema\/person\/image\/\",\"url\":\"http:\/\/1.gravatar.com\/avatar\/102001135d8c70200f6c23d7cb883c24?s=96&d=mm&r=g\",\"contentUrl\":\"http:\/\/1.gravatar.com\/avatar\/102001135d8c70200f6c23d7cb883c24?s=96&d=mm&r=g\",\"caption\":\"admin\"},\"url\":\"http:\/\/www.lepetitarchive.com\/es\/author\/admin\/\"}]}<\/script>\n<!-- \/ Yoast SEO plugin. -->","yoast_head_json":{"title":"#COLECCIONES Raf Simons AW 05 \u201cPoltergeist\u201d - Le Petit Archive","description":"Un repaso a las referencias de las que se ha inspirado el dise\u00f1ador belga a la hora de dise\u00f1ar esta peque\u00f1a c\u00e1psula de la colecci\u00f3n AW 05.","robots":{"index":"index","follow":"follow","max-snippet":"max-snippet:-1","max-image-preview":"max-image-preview:large","max-video-preview":"max-video-preview:-1"},"canonical":"http:\/\/www.lepetitarchive.com\/es\/coleccion-capsula-poltergeist-raf-simons-aw-05\/","og_locale":"es_ES","og_type":"article","og_title":"#COLECCIONES Raf Simons AW 05 \u201cPoltergeist\u201d - Le Petit Archive","og_description":"Un repaso a las referencias de las que se ha inspirado el dise\u00f1ador belga a la hora de dise\u00f1ar esta peque\u00f1a c\u00e1psula de la colecci\u00f3n AW 05.","og_url":"http:\/\/www.lepetitarchive.com\/es\/coleccion-capsula-poltergeist-raf-simons-aw-05\/","og_site_name":"Le Petit Archive","article_published_time":"2019-05-22T07:42:06+00:00","article_modified_time":"2020-03-28T20:37:50+00:00","og_image":[{"width":734,"height":546,"url":"http:\/\/www.lepetitarchive.com\/es\/wp-content\/uploads\/sites\/2\/2019\/05\/CzWxZkDVQAAoYGv.jpg","type":"image\/jpeg"}],"author":"admin","twitter_card":"summary_large_image","twitter_misc":{"Escrito por":"admin","Tiempo de lectura":"1 minuto"},"schema":{"@context":"https:\/\/schema.org","@graph":[{"@type":"WebPage","@id":"http:\/\/www.lepetitarchive.com\/es\/coleccion-capsula-poltergeist-raf-simons-aw-05\/","url":"http:\/\/www.lepetitarchive.com\/es\/coleccion-capsula-poltergeist-raf-simons-aw-05\/","name":"#COLECCIONES Raf Simons AW 05 \u201cPoltergeist\u201d - Le Petit Archive","isPartOf":{"@id":"https:\/\/www.lepetitarchive.com\/es\/#website"},"datePublished":"2019-05-22T07:42:06+00:00","dateModified":"2020-03-28T20:37:50+00:00","author":{"@id":"https:\/\/www.lepetitarchive.com\/es\/#\/schema\/person\/da91d3a94da64354fed6e9b07a3cbb56"},"description":"Un repaso a las referencias de las que se ha inspirado el dise\u00f1ador belga a la hora de dise\u00f1ar esta peque\u00f1a c\u00e1psula de la colecci\u00f3n AW 05.","breadcrumb":{"@id":"http:\/\/www.lepetitarchive.com\/es\/coleccion-capsula-poltergeist-raf-simons-aw-05\/#breadcrumb"},"inLanguage":"es","potentialAction":[{"@type":"ReadAction","target":["http:\/\/www.lepetitarchive.com\/es\/coleccion-capsula-poltergeist-raf-simons-aw-05\/"]}]},{"@type":"BreadcrumbList","@id":"http:\/\/www.lepetitarchive.com\/es\/coleccion-capsula-poltergeist-raf-simons-aw-05\/#breadcrumb","itemListElement":[{"@type":"ListItem","position":1,"name":"Home","item":"https:\/\/www.lepetitarchive.com\/es\/"},{"@type":"ListItem","position":2,"name":"#COLECCIONES Raf Simons AW 05 \u201cPoltergeist\u201d"}]},{"@type":"WebSite","@id":"https:\/\/www.lepetitarchive.com\/es\/#website","url":"https:\/\/www.lepetitarchive.com\/es\/","name":"Le Petit Archive","description":"Free Fashion University","potentialAction":[{"@type":"SearchAction","target":{"@type":"EntryPoint","urlTemplate":"https:\/\/www.lepetitarchive.com\/es\/?s={search_term_string}"},"query-input":"required name=search_term_string"}],"inLanguage":"es"},{"@type":"Person","@id":"https:\/\/www.lepetitarchive.com\/es\/#\/schema\/person\/da91d3a94da64354fed6e9b07a3cbb56","name":"admin","image":{"@type":"ImageObject","inLanguage":"es","@id":"https:\/\/www.lepetitarchive.com\/es\/#\/schema\/person\/image\/","url":"http:\/\/1.gravatar.com\/avatar\/102001135d8c70200f6c23d7cb883c24?s=96&d=mm&r=g","contentUrl":"http:\/\/1.gravatar.com\/avatar\/102001135d8c70200f6c23d7cb883c24?s=96&d=mm&r=g","caption":"admin"},"url":"http:\/\/www.lepetitarchive.com\/es\/author\/admin\/"}]}},"_links":{"self":[{"href":"http:\/\/www.lepetitarchive.com\/es\/wp-json\/wp\/v2\/posts\/1510"}],"collection":[{"href":"http:\/\/www.lepetitarchive.com\/es\/wp-json\/wp\/v2\/posts"}],"about":[{"href":"http:\/\/www.lepetitarchive.com\/es\/wp-json\/wp\/v2\/types\/post"}],"author":[{"embeddable":true,"href":"http:\/\/www.lepetitarchive.com\/es\/wp-json\/wp\/v2\/users\/1"}],"replies":[{"embeddable":true,"href":"http:\/\/www.lepetitarchive.com\/es\/wp-json\/wp\/v2\/comments?post=1510"}],"version-history":[{"count":3,"href":"http:\/\/www.lepetitarchive.com\/es\/wp-json\/wp\/v2\/posts\/1510\/revisions"}],"predecessor-version":[{"id":4648,"href":"http:\/\/www.lepetitarchive.com\/es\/wp-json\/wp\/v2\/posts\/1510\/revisions\/4648"}],"wp:featuredmedia":[{"embeddable":true,"href":"http:\/\/www.lepetitarchive.com\/es\/wp-json\/wp\/v2\/media\/2516"}],"wp:attachment":[{"href":"http:\/\/www.lepetitarchive.com\/es\/wp-json\/wp\/v2\/media?parent=1510"}],"wp:term":[{"taxonomy":"category","embeddable":true,"href":"http:\/\/www.lepetitarchive.com\/es\/wp-json\/wp\/v2\/categories?post=1510"},{"taxonomy":"post_tag","embeddable":true,"href":"http:\/\/www.lepetitarchive.com\/es\/wp-json\/wp\/v2\/tags?post=1510"}],"curies":[{"name":"wp","href":"https:\/\/api.w.org\/{rel}","templated":true}]}}