{"id":1165,"date":"2019-05-21T07:35:27","date_gmt":"2019-05-21T07:35:27","guid":{"rendered":"http:\/\/www.lepetitarchive.com\/?p=1165"},"modified":"2019-06-04T09:38:11","modified_gmt":"2019-06-04T07:38:11","slug":"instagram-gente-estilo-especial-parte-1","status":"publish","type":"post","link":"http:\/\/www.lepetitarchive.com\/es\/instagram-gente-estilo-especial-parte-1\/","title":{"rendered":"#INSTAGRAM Stylish people. PARTE 1"},"content":{"rendered":"\n<div class=\"alignnormal\"><div id=\"metaslider-id-1141\" style=\"max-width: 500px; margin: 0 auto;\" class=\"ml-slider-3-60-1 metaslider metaslider-flex metaslider-1141 ml-slider ms-theme-architekt has-dots-nav\" role=\"region\" aria-roledescription=\"Slideshow\" aria-label=\"tislohdan\">\n    <div id=\"metaslider_container_1141\">\n        <div id=\"metaslider_1141\">\n            <ul aria-live=\"polite\" class=\"slides\">\n                <li style=\"display: block; width: 100%;\" class=\"slide-2349 ms-image\" aria-roledescription=\"slide\" aria-label=\"slide-2349\"><img loading=\"lazy\" decoding=\"async\" src=\"http:\/\/www.lepetitarchive.com\/es\/wp-content\/uploads\/sites\/2\/2019\/06\/Foto-21-5-19-9-05-47-min-500x500.jpg\" height=\"500\" width=\"500\" alt=\"tisloh instagram gente estilo especial\" class=\"slider-1141 slide-2349\" title=\"tisloh instagram gente estilo especial\" \/><\/li>\n                <li style=\"display: none; width: 100%;\" class=\"slide-2346 ms-image\" aria-roledescription=\"slide\" aria-label=\"slide-2346\"><img loading=\"lazy\" decoding=\"async\" src=\"http:\/\/www.lepetitarchive.com\/es\/wp-content\/uploads\/sites\/2\/2019\/06\/Foto-21-5-19-9-04-25-min-500x500.jpg\" height=\"500\" width=\"500\" alt=\"tisloh instagram gente estilo especial\" class=\"slider-1141 slide-2346\" title=\"tisloh instagram gente estilo especial\" \/><\/li>\n                <li style=\"display: none; width: 100%;\" class=\"slide-2347 ms-image\" aria-roledescription=\"slide\" aria-label=\"slide-2347\"><img loading=\"lazy\" decoding=\"async\" src=\"http:\/\/www.lepetitarchive.com\/es\/wp-content\/uploads\/sites\/2\/2019\/06\/Foto-21-5-19-9-05-01-min-500x500.jpg\" height=\"500\" width=\"500\" alt=\"tisloh instagram gente estilo especial\" class=\"slider-1141 slide-2347\" title=\"tisloh instagram gente estilo especial\" \/><\/li>\n                <li style=\"display: none; width: 100%;\" class=\"slide-2348 ms-image\" aria-roledescription=\"slide\" aria-label=\"slide-2348\"><img loading=\"lazy\" decoding=\"async\" src=\"http:\/\/www.lepetitarchive.com\/es\/wp-content\/uploads\/sites\/2\/2019\/06\/Foto-21-5-19-9-05-19-1-min-500x500.jpg\" height=\"500\" width=\"500\" alt=\"tisloh instagram gente estilo especial\" class=\"slider-1141 slide-2348\" title=\"Foto 21-5tisloh instagram gente estilo especial-19 9 05 19 (1)-min\" \/><\/li>\n            <\/ul>\n        <\/div>\n        \n    <\/div>\n<\/div><\/div>\n\n\n\n<p><strong>Tisloh Dan<\/strong><\/p>\n\n\n\n<p>Tisloh siempre viste outfits muy limpios, jugando con colores oscuros a los que agrega peque\u00f1os detalles en blanco. \u00c9l consigue decir mucho con poco, a\u00f1adiendo complementos como la joyer\u00eda, los bolsos o las gafas sencillas.<\/p>\n\n\n\n<p>En mi opini\u00f3n, es una de las mejores personas que he visto mezclando azules con negros, obteniendo como resultado una composici\u00f3n exquisita.<\/p>\n\n\n\n<p>Puedes seguirle en <a href=\"https:\/\/www.instagram.com\/tislohdan\/\">@tislohdan<\/a> y a su marca <a href=\"https:\/\/www.instagram.com\/tislohdanboyi\/\">@tislohdanboyi<\/a> .<\/p>\n\n\n\n<p>.<\/p>\n\n\n\n<p>.<\/p>\n\n\n\n<div class=\"alignnormal\"><div id=\"metaslider-id-1207\" style=\"max-width: 500px; margin: 0 auto;\" class=\"ml-slider-3-60-1 metaslider metaslider-flex metaslider-1207 ml-slider ms-theme-architekt has-dots-nav\" role=\"region\" aria-roledescription=\"Slideshow\" aria-label=\"emireseexton\">\n    <div id=\"metaslider_container_1207\">\n        <div id=\"metaslider_1207\">\n            <ul aria-live=\"polite\" class=\"slides\">\n                <li style=\"display: block; width: 100%;\" class=\"slide-2352 ms-image\" aria-roledescription=\"slide\" aria-label=\"slide-2352\"><img loading=\"lazy\" decoding=\"async\" src=\"http:\/\/www.lepetitarchive.com\/es\/wp-content\/uploads\/sites\/2\/2019\/06\/Foto-21-5-19-9-08-54-min-500x500.jpg\" height=\"500\" width=\"500\" alt=\"emireesexton instagram gente estilo especial\" class=\"slider-1207 slide-2352\" title=\"emireesexton instagram gente estilo especial\" \/><\/li>\n                <li style=\"display: none; width: 100%;\" class=\"slide-2351 ms-image\" aria-roledescription=\"slide\" aria-label=\"slide-2351\"><img loading=\"lazy\" decoding=\"async\" src=\"http:\/\/www.lepetitarchive.com\/es\/wp-content\/uploads\/sites\/2\/2019\/06\/Foto-21-5-19-9-08-28-min-500x500.jpg\" height=\"500\" width=\"500\" alt=\"emireesexton instagram gente estilo especial\" class=\"slider-1207 slide-2351\" title=\"emireesexton instagram gente estilo especial\" \/><\/li>\n                <li style=\"display: none; width: 100%;\" class=\"slide-2350 ms-image\" aria-roledescription=\"slide\" aria-label=\"slide-2350\"><img loading=\"lazy\" decoding=\"async\" src=\"http:\/\/www.lepetitarchive.com\/es\/wp-content\/uploads\/sites\/2\/2019\/06\/Foto-21-5-19-9-08-04-min-500x500.jpg\" height=\"500\" width=\"500\" alt=\"emireesexton instagram gente estilo especial\" class=\"slider-1207 slide-2350\" title=\"emireesexton instagram gente estilo especial\" \/><\/li>\n            <\/ul>\n        <\/div>\n        \n    <\/div>\n<\/div><\/div>\n\n\n\n<p><strong> Emiree\u2019 <\/strong><\/p>\n\n\n\n<p>Este chico lo hace de manera simple con sus outfits.  Smart y elegante, con peque\u00f1os toques trashy, con beated Vans o con tech vibes con sus amadas Raf Simons Detroit Sneakers. <\/p>\n\n\n\n<p>Puedes seguirle en <a href=\"https:\/\/www.instagram.com\/emireesexton\/\">@emireesexton<\/a><\/p>\n\n\n\n<p>.<\/p>\n\n\n\n<p>.<\/p>\n\n\n\n<div class=\"alignnormal\"><div id=\"metaslider-id-1218\" style=\"max-width: 500px; margin: 0 auto;\" class=\"ml-slider-3-60-1 metaslider metaslider-flex metaslider-1218 ml-slider ms-theme-architekt has-dots-nav\" role=\"region\" aria-roledescription=\"Slideshow\" aria-label=\"louieoblin\">\n    <div id=\"metaslider_container_1218\">\n        <div id=\"metaslider_1218\">\n            <ul aria-live=\"polite\" class=\"slides\">\n                <li style=\"display: block; width: 100%;\" class=\"slide-2353 ms-image\" aria-roledescription=\"slide\" aria-label=\"slide-2353\"><img loading=\"lazy\" decoding=\"async\" src=\"http:\/\/www.lepetitarchive.com\/es\/wp-content\/uploads\/sites\/2\/2019\/06\/Foto-21-5-19-8-58-29-min-500x500.jpg\" height=\"500\" width=\"500\" alt=\"louieoblin instagram gente estilo especial\" class=\"slider-1218 slide-2353\" title=\"louieoblin instagram gente estilo especial\" \/><\/li>\n                <li style=\"display: none; width: 100%;\" class=\"slide-2354 ms-image\" aria-roledescription=\"slide\" aria-label=\"slide-2354\"><img loading=\"lazy\" decoding=\"async\" src=\"http:\/\/www.lepetitarchive.com\/es\/wp-content\/uploads\/sites\/2\/2019\/06\/Foto-21-5-19-8-59-23-min-500x500.jpg\" height=\"500\" width=\"500\" alt=\"louieoblin instagram gente estilo especial\" class=\"slider-1218 slide-2354\" title=\"louieoblin instagram gente estilo especial\" \/><\/li>\n                <li style=\"display: none; width: 100%;\" class=\"slide-2355 ms-image\" aria-roledescription=\"slide\" aria-label=\"slide-2355\"><img loading=\"lazy\" decoding=\"async\" src=\"http:\/\/www.lepetitarchive.com\/es\/wp-content\/uploads\/sites\/2\/2019\/06\/Foto-21-5-19-9-02-19-min-500x500.jpg\" height=\"500\" width=\"500\" alt=\"\" class=\"slider-1218 slide-2355\" title=\"Foto 21-5-19 9 02 19-min\" \/><\/li>\n            <\/ul>\n        <\/div>\n        \n    <\/div>\n<\/div><\/div>\n\n\n\n<p><strong>Louieoblin<\/strong><\/p>\n\n\n\n<p>A Louie le gusta jugar con los colores y las composiciones, siendo capaz de hacer una composici\u00f3n perfecta agregando simples detalles.<\/p>\n\n\n\n<p>Por otro lado, le gusta experimentar  con las proporciones y materiales y es algo que puedes notar en sus outfits perfectamente ejecutados. <\/p>\n\n\n\n<p>Puedes seguirle en <a href=\"https:\/\/www.instagram.com\/louieoblin\/\">@louieoblin<\/a><\/p>\n\n\n\n<p>Escrito por <a href=\"https:\/\/www.instagram.com\/damnflackoyoukillinit\/\">Adri\u00e1n Lorca<\/a><\/p>\n\n\n\n<p><\/p>\n","protected":false},"excerpt":{"rendered":"<p>Tisloh Dan Tisloh siempre viste outfits muy limpios, jugando con colores oscuros a los que agrega peque\u00f1os detalles en blanco. \u00c9l consigue decir mucho con poco, a\u00f1adiendo complementos como la joyer\u00eda, los bolsos o las gafas sencillas. En mi opini\u00f3n, es una de las mejores personas que he visto mezclando azules con negros, obteniendo como [&hellip;]<\/p>\n","protected":false},"author":1,"featured_media":2334,"comment_status":"open","ping_status":"open","sticky":false,"template":"","format":"standard","meta":{"footnotes":""},"categories":[149],"tags":[],"yoast_head":"<!-- This site is optimized with the Yoast SEO plugin v21.9.1 - https:\/\/yoast.com\/wordpress\/plugins\/seo\/ -->\n<title>#INSTAGRAM Stylish people. PARTE 1 - Le Petit Archive<\/title>\n<meta name=\"description\" content=\"Os presentamos la primera entrega de los perfiles que nos hemos encontrado navegando por instagram con un estilo interesante a seguir.\" \/>\n<meta name=\"robots\" content=\"index, follow, max-snippet:-1, max-image-preview:large, max-video-preview:-1\" \/>\n<link rel=\"canonical\" href=\"http:\/\/www.lepetitarchive.com\/es\/instagram-gente-estilo-especial-parte-1\/\" \/>\n<meta property=\"og:locale\" content=\"es_ES\" \/>\n<meta property=\"og:type\" content=\"article\" \/>\n<meta property=\"og:title\" content=\"#INSTAGRAM Stylish people. PARTE 1 - Le Petit Archive\" \/>\n<meta property=\"og:description\" content=\"Os presentamos la primera entrega de los perfiles que nos hemos encontrado navegando por instagram con un estilo interesante a seguir.\" \/>\n<meta property=\"og:url\" content=\"http:\/\/www.lepetitarchive.com\/es\/instagram-gente-estilo-especial-parte-1\/\" \/>\n<meta property=\"og:site_name\" content=\"Le Petit Archive\" \/>\n<meta property=\"article:published_time\" content=\"2019-05-21T07:35:27+00:00\" \/>\n<meta property=\"article:modified_time\" content=\"2019-06-04T07:38:11+00:00\" \/>\n<meta property=\"og:image\" content=\"http:\/\/www.lepetitarchive.com\/es\/wp-content\/uploads\/sites\/2\/2019\/05\/Foto-21-5-19-9-21-46.jpg\" \/>\n\t<meta property=\"og:image:width\" content=\"1199\" \/>\n\t<meta property=\"og:image:height\" content=\"1145\" \/>\n\t<meta property=\"og:image:type\" content=\"image\/jpeg\" \/>\n<meta name=\"author\" content=\"admin\" \/>\n<meta name=\"twitter:card\" content=\"summary_large_image\" \/>\n<meta name=\"twitter:label1\" content=\"Escrito por\" \/>\n\t<meta name=\"twitter:data1\" content=\"admin\" \/>\n\t<meta name=\"twitter:label2\" content=\"Tiempo de lectura\" \/>\n\t<meta name=\"twitter:data2\" content=\"1 minuto\" \/>\n<script type=\"application\/ld+json\" class=\"yoast-schema-graph\">{\"@context\":\"https:\/\/schema.org\",\"@graph\":[{\"@type\":\"WebPage\",\"@id\":\"http:\/\/www.lepetitarchive.com\/es\/instagram-gente-estilo-especial-parte-1\/\",\"url\":\"http:\/\/www.lepetitarchive.com\/es\/instagram-gente-estilo-especial-parte-1\/\",\"name\":\"#INSTAGRAM Stylish people. PARTE 1 - Le Petit Archive\",\"isPartOf\":{\"@id\":\"https:\/\/www.lepetitarchive.com\/es\/#website\"},\"datePublished\":\"2019-05-21T07:35:27+00:00\",\"dateModified\":\"2019-06-04T07:38:11+00:00\",\"author\":{\"@id\":\"https:\/\/www.lepetitarchive.com\/es\/#\/schema\/person\/da91d3a94da64354fed6e9b07a3cbb56\"},\"description\":\"Os presentamos la primera entrega de los perfiles que nos hemos encontrado navegando por instagram con un estilo interesante a seguir.\",\"breadcrumb\":{\"@id\":\"http:\/\/www.lepetitarchive.com\/es\/instagram-gente-estilo-especial-parte-1\/#breadcrumb\"},\"inLanguage\":\"es\",\"potentialAction\":[{\"@type\":\"ReadAction\",\"target\":[\"http:\/\/www.lepetitarchive.com\/es\/instagram-gente-estilo-especial-parte-1\/\"]}]},{\"@type\":\"BreadcrumbList\",\"@id\":\"http:\/\/www.lepetitarchive.com\/es\/instagram-gente-estilo-especial-parte-1\/#breadcrumb\",\"itemListElement\":[{\"@type\":\"ListItem\",\"position\":1,\"name\":\"Home\",\"item\":\"https:\/\/www.lepetitarchive.com\/es\/\"},{\"@type\":\"ListItem\",\"position\":2,\"name\":\"#INSTAGRAM Stylish people. PARTE 1\"}]},{\"@type\":\"WebSite\",\"@id\":\"https:\/\/www.lepetitarchive.com\/es\/#website\",\"url\":\"https:\/\/www.lepetitarchive.com\/es\/\",\"name\":\"Le Petit Archive\",\"description\":\"Free Fashion University\",\"potentialAction\":[{\"@type\":\"SearchAction\",\"target\":{\"@type\":\"EntryPoint\",\"urlTemplate\":\"https:\/\/www.lepetitarchive.com\/es\/?s={search_term_string}\"},\"query-input\":\"required name=search_term_string\"}],\"inLanguage\":\"es\"},{\"@type\":\"Person\",\"@id\":\"https:\/\/www.lepetitarchive.com\/es\/#\/schema\/person\/da91d3a94da64354fed6e9b07a3cbb56\",\"name\":\"admin\",\"image\":{\"@type\":\"ImageObject\",\"inLanguage\":\"es\",\"@id\":\"https:\/\/www.lepetitarchive.com\/es\/#\/schema\/person\/image\/\",\"url\":\"http:\/\/1.gravatar.com\/avatar\/102001135d8c70200f6c23d7cb883c24?s=96&d=mm&r=g\",\"contentUrl\":\"http:\/\/1.gravatar.com\/avatar\/102001135d8c70200f6c23d7cb883c24?s=96&d=mm&r=g\",\"caption\":\"admin\"},\"url\":\"http:\/\/www.lepetitarchive.com\/es\/author\/admin\/\"}]}<\/script>\n<!-- \/ Yoast SEO plugin. -->","yoast_head_json":{"title":"#INSTAGRAM Stylish people. PARTE 1 - Le Petit Archive","description":"Os presentamos la primera entrega de los perfiles que nos hemos encontrado navegando por instagram con un estilo interesante a seguir.","robots":{"index":"index","follow":"follow","max-snippet":"max-snippet:-1","max-image-preview":"max-image-preview:large","max-video-preview":"max-video-preview:-1"},"canonical":"http:\/\/www.lepetitarchive.com\/es\/instagram-gente-estilo-especial-parte-1\/","og_locale":"es_ES","og_type":"article","og_title":"#INSTAGRAM Stylish people. PARTE 1 - Le Petit Archive","og_description":"Os presentamos la primera entrega de los perfiles que nos hemos encontrado navegando por instagram con un estilo interesante a seguir.","og_url":"http:\/\/www.lepetitarchive.com\/es\/instagram-gente-estilo-especial-parte-1\/","og_site_name":"Le Petit Archive","article_published_time":"2019-05-21T07:35:27+00:00","article_modified_time":"2019-06-04T07:38:11+00:00","og_image":[{"width":1199,"height":1145,"url":"http:\/\/www.lepetitarchive.com\/es\/wp-content\/uploads\/sites\/2\/2019\/05\/Foto-21-5-19-9-21-46.jpg","type":"image\/jpeg"}],"author":"admin","twitter_card":"summary_large_image","twitter_misc":{"Escrito por":"admin","Tiempo de lectura":"1 minuto"},"schema":{"@context":"https:\/\/schema.org","@graph":[{"@type":"WebPage","@id":"http:\/\/www.lepetitarchive.com\/es\/instagram-gente-estilo-especial-parte-1\/","url":"http:\/\/www.lepetitarchive.com\/es\/instagram-gente-estilo-especial-parte-1\/","name":"#INSTAGRAM Stylish people. PARTE 1 - Le Petit Archive","isPartOf":{"@id":"https:\/\/www.lepetitarchive.com\/es\/#website"},"datePublished":"2019-05-21T07:35:27+00:00","dateModified":"2019-06-04T07:38:11+00:00","author":{"@id":"https:\/\/www.lepetitarchive.com\/es\/#\/schema\/person\/da91d3a94da64354fed6e9b07a3cbb56"},"description":"Os presentamos la primera entrega de los perfiles que nos hemos encontrado navegando por instagram con un estilo interesante a seguir.","breadcrumb":{"@id":"http:\/\/www.lepetitarchive.com\/es\/instagram-gente-estilo-especial-parte-1\/#breadcrumb"},"inLanguage":"es","potentialAction":[{"@type":"ReadAction","target":["http:\/\/www.lepetitarchive.com\/es\/instagram-gente-estilo-especial-parte-1\/"]}]},{"@type":"BreadcrumbList","@id":"http:\/\/www.lepetitarchive.com\/es\/instagram-gente-estilo-especial-parte-1\/#breadcrumb","itemListElement":[{"@type":"ListItem","position":1,"name":"Home","item":"https:\/\/www.lepetitarchive.com\/es\/"},{"@type":"ListItem","position":2,"name":"#INSTAGRAM Stylish people. PARTE 1"}]},{"@type":"WebSite","@id":"https:\/\/www.lepetitarchive.com\/es\/#website","url":"https:\/\/www.lepetitarchive.com\/es\/","name":"Le Petit Archive","description":"Free Fashion University","potentialAction":[{"@type":"SearchAction","target":{"@type":"EntryPoint","urlTemplate":"https:\/\/www.lepetitarchive.com\/es\/?s={search_term_string}"},"query-input":"required name=search_term_string"}],"inLanguage":"es"},{"@type":"Person","@id":"https:\/\/www.lepetitarchive.com\/es\/#\/schema\/person\/da91d3a94da64354fed6e9b07a3cbb56","name":"admin","image":{"@type":"ImageObject","inLanguage":"es","@id":"https:\/\/www.lepetitarchive.com\/es\/#\/schema\/person\/image\/","url":"http:\/\/1.gravatar.com\/avatar\/102001135d8c70200f6c23d7cb883c24?s=96&d=mm&r=g","contentUrl":"http:\/\/1.gravatar.com\/avatar\/102001135d8c70200f6c23d7cb883c24?s=96&d=mm&r=g","caption":"admin"},"url":"http:\/\/www.lepetitarchive.com\/es\/author\/admin\/"}]}},"_links":{"self":[{"href":"http:\/\/www.lepetitarchive.com\/es\/wp-json\/wp\/v2\/posts\/1165"}],"collection":[{"href":"http:\/\/www.lepetitarchive.com\/es\/wp-json\/wp\/v2\/posts"}],"about":[{"href":"http:\/\/www.lepetitarchive.com\/es\/wp-json\/wp\/v2\/types\/post"}],"author":[{"embeddable":true,"href":"http:\/\/www.lepetitarchive.com\/es\/wp-json\/wp\/v2\/users\/1"}],"replies":[{"embeddable":true,"href":"http:\/\/www.lepetitarchive.com\/es\/wp-json\/wp\/v2\/comments?post=1165"}],"version-history":[{"count":4,"href":"http:\/\/www.lepetitarchive.com\/es\/wp-json\/wp\/v2\/posts\/1165\/revisions"}],"predecessor-version":[{"id":2711,"href":"http:\/\/www.lepetitarchive.com\/es\/wp-json\/wp\/v2\/posts\/1165\/revisions\/2711"}],"wp:featuredmedia":[{"embeddable":true,"href":"http:\/\/www.lepetitarchive.com\/es\/wp-json\/wp\/v2\/media\/2334"}],"wp:attachment":[{"href":"http:\/\/www.lepetitarchive.com\/es\/wp-json\/wp\/v2\/media?parent=1165"}],"wp:term":[{"taxonomy":"category","embeddable":true,"href":"http:\/\/www.lepetitarchive.com\/es\/wp-json\/wp\/v2\/categories?post=1165"},{"taxonomy":"post_tag","embeddable":true,"href":"http:\/\/www.lepetitarchive.com\/es\/wp-json\/wp\/v2\/tags?post=1165"}],"curies":[{"name":"wp","href":"https:\/\/api.w.org\/{rel}","templated":true}]}}